{"id":63334,"date":"2019-03-19T11:49:52","date_gmt":"2019-03-19T14:49:52","guid":{"rendered":"http:\/\/pdt-rj.org.br\/?p=63334"},"modified":"2019-04-01T14:37:54","modified_gmt":"2019-04-01T17:37:54","slug":"e-preciso-prevenir-e-remediar-a-inseguranca-no-ambito-da-educacao-afirma-mario-heringer","status":"publish","type":"post","link":"https:\/\/pdt-rj.org.br\/index.php\/e-preciso-prevenir-e-remediar-a-inseguranca-no-ambito-da-educacao-afirma-mario-heringer\/","title":{"rendered":"\u201c\u00c9 preciso prevenir e remediar a inseguran\u00e7a no \u00e2mbito da educa\u00e7\u00e3o\u201d, afirma M\u00e1rio Heringer"},"content":{"rendered":"<p>A preocupa\u00e7\u00e3o com a seguran\u00e7a nas escolas brasileiras \u00e9 uma bandeira do deputado federal Dr. M\u00e1rio Heringer (PDT-MG). Acompanhando com aten\u00e7\u00e3o e preocupa\u00e7\u00e3o o notici\u00e1rio, o presidente do PDT de Minas Gerais apresentou, em 2015, uma s\u00e9rie de propostas para punir, mas, principalmente, evitar atos de viol\u00eancia em escolas, especialmente quando esses atos s\u00e3o cometidos por estudantes que t\u00eam desvios de personalidade.<\/p>\n<p>\u201cEstudiosos sobre seguran\u00e7a p\u00fablica defendem que deva existir uma pol\u00edtica de preven\u00e7\u00e3o de crimes nas escolas. Muitas vezes, como aconteceu com tiroteio recente em escola, esses autores de crimes demonstram por tempo suficiente desvios de comportamento. Apresentei um projeto que trabalha exatamente no sentido de envolver escola, comunidade, pais, professores, promotores, enfim, um projeto para antever a exist\u00eancia de alunos que possam, no futuro, ter atitudes extremamente violentas\u201d, explicou o deputado federal, presidente do PDT de Minas.<\/p>\n<p>Dr. M\u00e1rio Heringer refere-se ao <a href=\"https:\/\/www.camara.leg.br\/proposicoesWeb\/prop_mostrarintegra;jsessionid=7C6F28701782DAB9774A5CF61CA09662.proposicoesWeb2?codteor=1387565&amp;filename=PL+3037\/2015\">Projeto de Lei 3037\/2015<\/a>, proposta em defesa de paz nas escolas, com uma s\u00e9rie de medidas que inclui aten\u00e7\u00e3o especial nas escolas com maior vulnerabilidade e diagn\u00f3stico com registro de ocorr\u00eancias de atos infracionais.<\/p>\n<p>O PL prev\u00ea tamb\u00e9m notifica\u00e7\u00e3o de ocorr\u00eancias ao Minist\u00e9rio P\u00fablico e institui\u00e7\u00e3o de comiss\u00e3o escolar de media\u00e7\u00e3o de conflitos, no \u00e2mbito de esfor\u00e7os de paz nas escolas. Outra medida prevista \u00e9 capacita\u00e7\u00e3o para que profissionais de educa\u00e7\u00e3o possam lidar em casos de situa\u00e7\u00f5es de conflito ou na imin\u00eancia de conflito.<\/p>\n<p>Al\u00e9m deste projeto, Dr. M\u00e1rio possui outras propostas relacionadas \u00e0 seguran\u00e7a nas escolas, focando na puni\u00e7\u00e3o. O PL 3.036\/2015 trata de aumentar a pena em 1\/3 nos casos de crimes de homic\u00eddio, les\u00e3o corporal, inj\u00faria e dano cometido contra professor ou profissional de educa\u00e7\u00e3o. J\u00e1 o PL 3.035\/2015 suspende temporariamente a Bolsa Fam\u00edlia de adolescente que cometer ato infracional em estabelecimento escolar e cancela o benef\u00edcio no caso de a v\u00edtima ser professor.<\/p>\n<p>\u201c\u00c9 preciso frear a viol\u00eancia dentro das nossas escolas e entendo que um caminho \u00e9 aumentar a puni\u00e7\u00e3o. Al\u00e9m disso, defendo uma maior integra\u00e7\u00e3o entre todos envolvidos no ambiente escolar, fam\u00edlia, estudantes e profissionais de educa\u00e7\u00e3o. Precisamos agir no sentido de prevenir e remediar essa situa\u00e7\u00e3o de inseguran\u00e7a no \u00e2mbito da educa\u00e7\u00e3o\u201d, avalia o parlamentar federal.<\/p>\n<p>Pesquisa realizada pela Organiza\u00e7\u00e3o para a Coopera\u00e7\u00e3o e Desenvolvimento Econ\u00f4mico (OCDE) indica que o Brasil lidera ranking de agress\u00f5es a professores, em um universo de 34 pa\u00edses pesquisados. Enquanto a m\u00e9dia mundial de agress\u00f5es ou intimida\u00e7\u00f5es gira em torno de 3% por semana, no Brasil o \u00edndice passa de 12% no mesmo per\u00edodo.<\/p>\n<!-- AddThis Advanced Settings generic via filter on the_content --><!-- AddThis Share Buttons generic via filter on the_content -->","protected":false},"excerpt":{"rendered":"<p>A preocupa\u00e7\u00e3o com a seguran\u00e7a nas escolas brasileiras \u00e9 uma bandeira do deputado federal Dr. M\u00e1rio Heringer (PDT-MG). Acompanhando com aten\u00e7\u00e3o e preocupa\u00e7\u00e3o o notici\u00e1rio, o presidente do PDT de Minas Gerais apresentou, em 2015, uma s\u00e9rie de propostas para punir, mas, principalmente, evitar atos de viol\u00eancia em escolas, especialmente quando esses atos s\u00e3o cometidos&#8230;<!-- AddThis Advanced Settings generic via filter on wp_trim_excerpt --><!-- AddThis Share Buttons generic via filter on wp_trim_excerpt --><\/p>\n","protected":false},"author":17,"featured_media":63335,"comment_status":"closed","ping_status":"closed","sticky":false,"template":"","format":"standard","meta":{"_monsterinsights_skip_tracking":false,"_monsterinsights_sitenote_active":false,"_monsterinsights_sitenote_note":"","_monsterinsights_sitenote_category":0,"_uf_show_specific_survey":0,"_uf_disable_surveys":false,"footnotes":""},"categories":[1390,1459],"tags":[338],"class_list":["post-63334","post","type-post","status-publish","format-standard","has-post-thumbnail","hentry","category-editorias","category-congresso","tag-educacao"],"acf":[],"_links":{"self":[{"href":"https:\/\/pdt-rj.org.br\/index.php\/wp-json\/wp\/v2\/posts\/63334","targetHints":{"allow":["GET"]}}],"collection":[{"href":"https:\/\/pdt-rj.org.br\/index.php\/wp-json\/wp\/v2\/posts"}],"about":[{"href":"https:\/\/pdt-rj.org.br\/index.php\/wp-json\/wp\/v2\/types\/post"}],"author":[{"embeddable":true,"href":"https:\/\/pdt-rj.org.br\/index.php\/wp-json\/wp\/v2\/users\/17"}],"replies":[{"embeddable":true,"href":"https:\/\/pdt-rj.org.br\/index.php\/wp-json\/wp\/v2\/comments?post=63334"}],"version-history":[{"count":6,"href":"https:\/\/pdt-rj.org.br\/index.php\/wp-json\/wp\/v2\/posts\/63334\/revisions"}],"predecessor-version":[{"id":63558,"href":"https:\/\/pdt-rj.org.br\/index.php\/wp-json\/wp\/v2\/posts\/63334\/revisions\/63558"}],"wp:featuredmedia":[{"embeddable":true,"href":"https:\/\/pdt-rj.org.br\/index.php\/wp-json\/wp\/v2\/media\/63335"}],"wp:attachment":[{"href":"https:\/\/pdt-rj.org.br\/index.php\/wp-json\/wp\/v2\/media?parent=63334"}],"wp:term":[{"taxonomy":"category","embeddable":true,"href":"https:\/\/pdt-rj.org.br\/index.php\/wp-json\/wp\/v2\/categories?post=63334"},{"taxonomy":"post_tag","embeddable":true,"href":"https:\/\/pdt-rj.org.br\/index.php\/wp-json\/wp\/v2\/tags?post=63334"}],"curies":[{"name":"wp","href":"https:\/\/api.w.org\/{rel}","templated":true}]}}