{"id":63315,"date":"2019-03-18T17:30:44","date_gmt":"2019-03-18T20:30:44","guid":{"rendered":"http:\/\/pdt-rj.org.br\/?p=63315"},"modified":"2019-03-25T12:12:58","modified_gmt":"2019-03-25T15:12:58","slug":"diretorio-nacional-do-pdt-fecha-questao-contra-reforma-da-previdencia","status":"publish","type":"post","link":"https:\/\/pdt-rj.org.br\/index.php\/diretorio-nacional-do-pdt-fecha-questao-contra-reforma-da-previdencia\/","title":{"rendered":"Diret\u00f3rio Nacional do PDT fecha quest\u00e3o contra reforma da Previd\u00eancia"},"content":{"rendered":"<p>Carlos Lupi foi reconduzido \u00e0 Presid\u00eancia Nacional do PDT nesta segunda (18), durante a XXV Conven\u00e7\u00e3o Nacional do PDT. O encontro aconteceu na sede nacional do partido, em Bras\u00edlia, onde o Diret\u00f3rio Nacional tamb\u00e9m decidiu se posicionar contra a Reforma da Previd\u00eancia que est\u00e1 sendo discutida no Congresso Nacional. A conven\u00e7\u00e3o teve como tema uma homenagem aos 100 de nascimento do ex-presidente Jo\u00e3o Goulart, celebrado no dia 1\u00b0 de mar\u00e7o.<\/p>\n<p>Do Cear\u00e1, por meio de um v\u00eddeo, gravado durante a Conven\u00e7\u00e3o, Ciro Gomes, reconduzido \u00e0 Vice-presid\u00eancia Nacional do PDT, destacou a atua\u00e7\u00e3o da bancada federal pedetista quanto ao posicionamento do partido em rela\u00e7\u00e3o \u00e0s propostas do governo, sobretudo \u00e0 da Previd\u00eancia, e informou que tem percorrido o Brasil, mobilizando a milit\u00e2ncia, sobretudo os jovens, quanto \u00e0 oposi\u00e7\u00e3o cr\u00edtica realizada pela legenda.<\/p>\n<p>Ciro frisou a import\u00e2ncia de se descentralizar o debate da reforma, atualmente restrita \u00e0 Bras\u00edlia, e levar a discuss\u00e3o para todo o Brasil, estimulando a discuss\u00e3o nas Assembleias Legislativas, C\u00e2maras Municipais e nas organiza\u00e7\u00f5es de classe, como a dos policiais, professores e profissionais que trabalham em situa\u00e7\u00e3o de risco.<\/p>\n<p>\u201cEssa \u00e9 a nossa tarefa: aprofundar o debate; pedir que se esclare\u00e7am as d\u00favidas, pedir que n\u00e3o se fa\u00e7a uma reforma da Previd\u00eancia pesando em cima dos mais pobres e observando todos os privil\u00e9gios\u201d, alertou Ciro.<\/p>\n<p>Tamb\u00e9m visando a democratiza\u00e7\u00e3o do debate pol\u00edtico, Lupi anunciou o lan\u00e7amento da plataforma PDT Digital, ferramenta que tem como objetivo aproximar o cidad\u00e3o brasileiro do partido, como um est\u00edmulo \u00e0 intera\u00e7\u00e3o por meio de um canal direto de comunica\u00e7\u00e3o, 100% online, como o procedimento de filia\u00e7\u00e3o.<\/p>\n<p>\u201cN\u00f3s temos que entrar na era digital. N\u00f3s temos que fazer essa comunica\u00e7\u00e3o com o povo brasileiro. Temos de alertar o povo quanto ao que est\u00e1 sendo feito no Brasil\u201d, disse Lupi, sobre a nova ferramenta de comunica\u00e7\u00e3o do partido.<\/p>\n<p>Confira abaixo a composi\u00e7\u00e3o da Executiva Nacional eleita.<\/p>\n<p>Presidente \u2013 Carlos Roberto Lupi<br \/>\nVice-presidente \u2013 Andr\u00e9 Peixoto Figueiredo Lima<br \/>\nVice-presidente \u2013 Ciro Ferreira Gomes<br \/>\nVice- presidente \u2013 Miguelina Paiva Vecchio<br \/>\nSecret\u00e1rio \u2013 Manuel Dias<br \/>\nSecret\u00e1rio Adjunto \u2013 Andre Roberto Menegotto<br \/>\nTesoureiro \u2013 Marcelo de Oliveira Panella<br \/>\nConsultora Jur\u00eddica \u2013 Mara de F\u00e1tima Hofans<br \/>\nSec. de Rela\u00e7\u00f5es Internacionais \u2013 Juliana Brizola<br \/>\nSec. Adjunto de Rela\u00e7\u00f5es Internacionais \u2013 M\u00e1rcio Ferreira Bins Ely<br \/>\nVogal \u2013 Sirley Soares Soalheiro <br \/>\nVogal \u2013 Marli Rosa de Mendon\u00e7a<br \/>\nL\u00edder no Senado Federal \u2013 Weverton Rocha Marques de Sousa<br \/>\nL\u00edder na C\u00e2mara Federal \u2013 Andr\u00e9 Peixoto Figueiredo Lima<br \/>\nVice-presidente Regional Sul \u2013 Jairo Jorge da Silva<br \/>\nVice-presidente Regional Sudeste \u2013 Ant\u00f4nio S\u00e9rgio Alves Vidigal<br \/>\nVice-presidente Regional Centro-Oeste \u2013 Dagoberto Nogueira Filho<br \/>\nVice-presidente Regional Nordeste \u2013 Ronaldo Augusto Lessa Santos<br \/>\nVice-presidente Regional Norte \u2013 Ant\u00f4nio Waldez G\u00f3es da Silva<br \/>\nVice-presidente de Rela\u00e7\u00f5es Institucionais &#8211; Ana L\u00edgia Costa Feliciano<br \/>\nVice-presidente de Rela\u00e7\u00f5es Parlamentares \u2013 Ant\u00f4nio Fernandes dos Santos Neto<br \/>\nSecret\u00e1rio Nacional de Finan\u00e7as \u2013 Eduardo Martins Pereira<br \/>\nSecret\u00e1rio Nacional de Divulga\u00e7\u00e3o e Propaganda \u2013 Kariadine de Maria Nascimento Pacheco <br \/>\nSecret\u00e1rio Nacional de Assuntos de Organiza\u00e7\u00e3o \u2013 Salete Beatriz Roszkowski <br \/>\nSecret\u00e1rio Nacional de Assuntos Jur\u00eddicos \u2013 Trajano Ricardo Monteiro Ribeiro <br \/>\nSecret\u00e1rio Nacional de Assuntos Econ\u00f4micos \u2013 Everton da Concei\u00e7\u00e3o Gomes<\/p>\n<!-- AddThis Advanced Settings generic via filter on the_content --><!-- AddThis Share Buttons generic via filter on the_content -->","protected":false},"excerpt":{"rendered":"<p>Carlos Lupi foi reconduzido \u00e0 Presid\u00eancia Nacional do PDT nesta segunda (18), durante a XXV Conven\u00e7\u00e3o Nacional do PDT. O encontro aconteceu na sede nacional do partido, em Bras\u00edlia, onde o Diret\u00f3rio Nacional tamb\u00e9m decidiu se posicionar contra a Reforma da Previd\u00eancia que est\u00e1 sendo discutida no Congresso Nacional. A conven\u00e7\u00e3o teve como tema uma&#8230;<!-- AddThis Advanced Settings generic via filter on wp_trim_excerpt --><!-- AddThis Share Buttons generic via filter on wp_trim_excerpt --><\/p>\n","protected":false},"author":17,"featured_media":63317,"comment_status":"closed","ping_status":"closed","sticky":false,"template":"","format":"standard","meta":{"_monsterinsights_skip_tracking":false,"_monsterinsights_sitenote_active":false,"_monsterinsights_sitenote_note":"","_monsterinsights_sitenote_category":0,"_uf_show_specific_survey":0,"_uf_disable_surveys":false,"footnotes":""},"categories":[976],"tags":[],"class_list":["post-63315","post","type-post","status-publish","format-standard","has-post-thumbnail","hentry","category-noticias-em-destaque"],"acf":[],"_links":{"self":[{"href":"https:\/\/pdt-rj.org.br\/index.php\/wp-json\/wp\/v2\/posts\/63315","targetHints":{"allow":["GET"]}}],"collection":[{"href":"https:\/\/pdt-rj.org.br\/index.php\/wp-json\/wp\/v2\/posts"}],"about":[{"href":"https:\/\/pdt-rj.org.br\/index.php\/wp-json\/wp\/v2\/types\/post"}],"author":[{"embeddable":true,"href":"https:\/\/pdt-rj.org.br\/index.php\/wp-json\/wp\/v2\/users\/17"}],"replies":[{"embeddable":true,"href":"https:\/\/pdt-rj.org.br\/index.php\/wp-json\/wp\/v2\/comments?post=63315"}],"version-history":[{"count":18,"href":"https:\/\/pdt-rj.org.br\/index.php\/wp-json\/wp\/v2\/posts\/63315\/revisions"}],"predecessor-version":[{"id":63423,"href":"https:\/\/pdt-rj.org.br\/index.php\/wp-json\/wp\/v2\/posts\/63315\/revisions\/63423"}],"wp:featuredmedia":[{"embeddable":true,"href":"https:\/\/pdt-rj.org.br\/index.php\/wp-json\/wp\/v2\/media\/63317"}],"wp:attachment":[{"href":"https:\/\/pdt-rj.org.br\/index.php\/wp-json\/wp\/v2\/media?parent=63315"}],"wp:term":[{"taxonomy":"category","embeddable":true,"href":"https:\/\/pdt-rj.org.br\/index.php\/wp-json\/wp\/v2\/categories?post=63315"},{"taxonomy":"post_tag","embeddable":true,"href":"https:\/\/pdt-rj.org.br\/index.php\/wp-json\/wp\/v2\/tags?post=63315"}],"curies":[{"name":"wp","href":"https:\/\/api.w.org\/{rel}","templated":true}]}}