{"id":63288,"date":"2019-03-15T16:24:08","date_gmt":"2019-03-15T19:24:08","guid":{"rendered":"http:\/\/pdt-rj.org.br\/?p=63288"},"modified":"2019-03-15T19:17:08","modified_gmt":"2019-03-15T22:17:08","slug":"xxv-convencao-nacional-do-pdt-um-resgate-da-historia-e-das-lutas-do-trabalhismo","status":"publish","type":"post","link":"https:\/\/pdt-rj.org.br\/index.php\/xxv-convencao-nacional-do-pdt-um-resgate-da-historia-e-das-lutas-do-trabalhismo\/","title":{"rendered":"XXV Conven\u00e7\u00e3o Nacional do PDT: um resgate da hist\u00f3ria e das lutas do Trabalhismo"},"content":{"rendered":"<p>A XXV Conven\u00e7\u00e3o Nacional do PDT resgata a mem\u00f3ria e a hist\u00f3ria de lutas do PDT, ao longo de seus 38 anos, atrav\u00e9s da mem\u00f3ria trabalhista com o olhar no futuro em um Brasil ansiado por militantes, intelectuais, dirigentes e l\u00edderes hist\u00f3ricos trabalhistas. Nas suas respectivas conven\u00e7\u00f5es nacionais, a legenda trabalhista faria op\u00e7\u00f5es que posicionariam o PDT nos momentos em que ele foi exigido na Hist\u00f3ria do Brasil Contempor\u00e2neo. Desde a sua I Conven\u00e7\u00e3o Nacional em 12 de julho de 1981, realizada em Bras\u00edlia, o PDT prezou n\u00e3o apenas na mera elei\u00e7\u00e3o dos seus melhores quadros e lideran\u00e7as no Diret\u00f3rio e na Executiva Nacional, mas decidiu os seus rumos pol\u00edticos, na constru\u00e7\u00e3o de um Brasil voltado aos interesses do povo brasileiro.<\/p>\n<p>Em 26 de maio de 1985 \u2013 cinco anos ap\u00f3s a funda\u00e7\u00e3o do PDT \u2013, a II Conven\u00e7\u00e3o Nacional ocorrera em Bras\u00edlia, logo ap\u00f3s a posse de Jos\u00e9 Sarney na Presid\u00eancia da Rep\u00fablica atrav\u00e9s de elei\u00e7\u00f5es indiretas. Desde a redemocratiza\u00e7\u00e3o, a sociedade civil se organizava em movimentos, partidos pol\u00edticos, grupamentos e entidades sociais afins. A imin\u00eancia de uma Constituinte estava pr\u00f3xima, com o intuito de remover os entulhos ditatoriais, n\u00e3o apenas referendados pela Constitui\u00e7\u00e3o de 1967, como tamb\u00e9m nas medidas extralegais com os Atos Institucionais (AI\u2019s) e Complementares (AC\u2019s). A II Conven\u00e7\u00e3o, al\u00e9m de eleger o novo Diret\u00f3rio Nacional, deliberaria como posi\u00e7\u00e3o do PDT a defesa das elei\u00e7\u00f5es presidenciais para 1986, junto com a Constituinte. O mandato de Sarney era visto como transit\u00f3rio pelos trabalhistas, carecendo de legitimidade diante da elei\u00e7\u00e3o indireta de Tancredo Neves, falecendo dias antes de sua posse.<\/p>\n<p>Embora n\u00e3o ocorressem as elei\u00e7\u00f5es presidenciais em 1986, o PDT teve uma atua\u00e7\u00e3o exemplar na Assembleia Constituinte. Os parlamentares trabalhistas, na defesa dos interesses nacionais, dos trabalhadores e dos Direitos Humanos, marcariam o seu espa\u00e7o em contraponto ao \u201cCentr\u00e3o\u201d, que congregava parlamentares de centro e de direita. Segundo o DIAP, dezenas de parlamentares do PDT foram bem-conceituadas, por sua atua\u00e7\u00e3o em defesa dos direitos trabalhistas e da soberania nacional, dentre eles Carlos Alberto Ca\u00f3, Roberto D\u2019\u00c1vila, Brand\u00e3o Monteiro, Juarez Antunes, Lys\u00e2neas Maciel, Bocayuva Cunha, Amaury M\u00fcller, Carlos Cardinal e Floriceno Paix\u00e3o.<\/p>\n<p>Em 1989, o PDT teria excepcionalmente duas conven\u00e7\u00f5es nacionais, ambas realizadas em Bras\u00edlia. A III Conven\u00e7\u00e3o realizada em 19 de mar\u00e7o, al\u00e9m de assegurar a elei\u00e7\u00e3o do novo Diret\u00f3rio e da nova Executiva Nacional, deliberou maiores avan\u00e7os na luta do Movimento Negro. Isto foi referendado pela aprova\u00e7\u00e3o de uma mo\u00e7\u00e3o de Leonel Brizola, que consistia na participa\u00e7\u00e3o, no m\u00ednimo, de 50% de negros, jovens, mulheres e sindicalistas n\u00e3o s\u00f3 nas administra\u00e7\u00f5es onde o PDT fizesse parte ou estivesse \u00e0 frente, mas tamb\u00e9m nos \u00f3rg\u00e3os de dire\u00e7\u00e3o do Partido e na nominata de candidatos a cargos eletivos. Al\u00e9m de assegurar a democracia interna no Partido, democratizando os espa\u00e7os para a milit\u00e2ncia partid\u00e1ria, a agenda de igualdade racial se tornara uma marca do PDT, pioneiro na luta dos Direitos Humanos. <\/p>\n<p>Na IV Conven\u00e7\u00e3o, ocorrida em 25 de junho, a agremia\u00e7\u00e3o trabalhista homologaria a candidatura de Leonel Brizola \u00e0 Presid\u00eancia da Rep\u00fablica. Nesta conven\u00e7\u00e3o, foi realizado simultaneamente o V Congresso Nacional da Juventude Socialista (JS), onde Izaura Gazen, na condi\u00e7\u00e3o de primeira Presidente mulher eleita pela organiza\u00e7\u00e3o em 1987, exercia seu mandato.<\/p>\n<p>Momentos antes do impeachment de Collor, o PDT tinha tr\u00eas governos estaduais, um senador e 46 deputados federais. A V Conven\u00e7\u00e3o Nacional, feita em 26 de abril de 1992, n\u00e3o apenas elegeria o seu novo Diret\u00f3rio Nacional, mas reconduziria Leonel Brizola \u00e0 Presid\u00eancia Nacional do PDT, momentos ap\u00f3s o falecimento, em 7 de janeiro de 1991, de Doutel de Andrade, um not\u00f3rio e hist\u00f3rico dirigente e parlamentar trabalhista. <\/p>\n<p>Um ano ap\u00f3s o III Congresso Nacional do PDT, ocorrido em 1993, em meio \u00e0 cria\u00e7\u00e3o do Plano Real e o in\u00edcio da pol\u00edtica de privatiza\u00e7\u00f5es \u00e0s empresas estrat\u00e9gicas nacionais, a VI Conven\u00e7\u00e3o Nacional foi realizada em S\u00e3o Paulo nos dias 27 e 28 de maio de 1994, no Anhembi, com a presen\u00e7a de mais de 10 mil trabalhistas. A Conven\u00e7\u00e3o homologaria a chapa Leonel Brizola\/Darcy Ribeiro para as elei\u00e7\u00f5es presidenciais. Entretanto, Fernando Henrique Cardoso (FHC) venceria o pleito pela coliga\u00e7\u00e3o PSDB-PFL-PTB, catapultado pelo plano econ\u00f4mico que trouxe estabiliza\u00e7\u00e3o monet\u00e1ria ao Brasil.<br \/> Ap\u00f3s a realiza\u00e7\u00e3o da VII Conven\u00e7\u00e3o em Bras\u00edlia no dia 24 de janeiro de 1996 para eleger o novo Diret\u00f3rio Nacional, a VIII Conven\u00e7\u00e3o Nacional aconteceu em 11 de junho de 1998, homologando a chapa Luiz In\u00e1cio Lula da Silva\/Leonel Brizola como op\u00e7\u00e3o presidencial \u00e0 esquerda, em contraponto \u00e0 pol\u00edtica neoliberal posta em a\u00e7\u00e3o por FHC \u00e0 frente da Presid\u00eancia pelo PSDB.<\/p>\n<p>Mesmo a chapa PT-PDT perdendo as elei\u00e7\u00f5es presidenciais de 1998, a apatia dos brasileiros com a pol\u00edtica neoliberal e seus efeitos colaterais no campo social e econ\u00f4mico resultara na vota\u00e7\u00e3o de FHC inferior ao n\u00famero de absten\u00e7\u00f5es, votos nulos e brancos somados. Ainda que t\u00edmida, uma nova \u00e1urea de esperan\u00e7a come\u00e7a a surgir, em meio a tempos sombrios e a outra d\u00e9cada perdida. Novos tempos estavam a surgir?<\/p>\n<p>O PDT, antenado com os rumos do Pa\u00eds e ciente da insatisfa\u00e7\u00e3o popular, tomaria uma decis\u00e3o patri\u00f3tica em sua IX Conven\u00e7\u00e3o Nacional, realizada em Bras\u00edlia em 19 de abril de 1999 \u2013 coincidindo com os 117 anos do nascimento de Get\u00falio Vargas. Al\u00e9m de a conven\u00e7\u00e3o reconduzir Leonel Brizola \u00e0 Presid\u00eancia Nacional do PDT e eleger o seu novo Diret\u00f3rio e a sua Executiva, o evento decidiu pela campanha \u201cRenuncie FHC\u201d. Era uma tarefa para que a milit\u00e2ncia trabalhista cumprisse seu papel na defesa dos interesses nacionais. For\u00e7ar a ren\u00fancia de FHC significava retomar a marcha de soberania nacional, impedida at\u00e9 ent\u00e3o pelas pol\u00edticas de destrui\u00e7\u00e3o do patrim\u00f4nio nacional promovidas pelo neoliberalismo.<br \/> Repetindo a t\u00f4nica de 1989, o ano de 1999 foi um ano emblem\u00e1tico para o PDT, realizando duas conven\u00e7\u00f5es. Tempos dif\u00edceis e de crise que, inclusive, tentariam atingir a agremia\u00e7\u00e3o trabalhista. <\/p>\n<p>Visando a salvaguarda e a idoneidade ideol\u00f3gica do trabalhismo, face \u00e0 ofensiva liberal e aos movimentos de disputa interna, a X Conven\u00e7\u00e3o Nacional foi feita em 27 de agosto de 1999 em Bras\u00edlia. Nesta conven\u00e7\u00e3o, houve a altera\u00e7\u00e3o do Estatuto do PDT, visando assegurar a organicidade do Partido e a fidelidade ideol\u00f3gica dos militantes, quadros e dirigentes trabalhistas.<\/p>\n<p>A XI Conven\u00e7\u00e3o Nacional, tamb\u00e9m realizada em Bras\u00edlia, em 19 de mar\u00e7o de 2001, elegeria a nova Executiva e o Diret\u00f3rio Nacional. A partir desta conven\u00e7\u00e3o, houve uma maior abertura e inser\u00e7\u00e3o aos militantes e quadros destacados dos movimentos de coopera\u00e7\u00e3o partid\u00e1ria \u2013 fato que seria uma constante e crescente pr\u00e1tica do PDT, democratizando os espa\u00e7os de inst\u00e2ncia partid\u00e1ria a quadros emergentes de proje\u00e7\u00e3o nacional \u2013 ao incluir quadros da Juventude Socialista (JS) na Executiva Nacional para a gest\u00e3o eleita pela XIII Conven\u00e7\u00e3o Nacional, em 21 de mar\u00e7o de 2003. A abertura do PDT, se oxigenando com novos quadros a espa\u00e7os decis\u00f3rios nas respectivas inst\u00e2ncias partid\u00e1rias, era um fato concreto.<\/p>\n<p>O tempo de mudan\u00e7a chegava. A Era FHC dava sintomaticamente seus sinais de esgotamento. Quem poderia capitalizar os sinais de renova\u00e7\u00e3o? Quem seria o novo estadista capaz de reerguer o Brasil depois de tempos dif\u00edceis, iniciados a partir do Golpe Civil-Militar de 1964?<\/p>\n<p>Leonel Brizola, antevendo os novos tempos, articulou a constru\u00e7\u00e3o da Frente Brasil Trabalhista. Em uma conven\u00e7\u00e3o conjunta, PDT, PTB e PPS homologavam a candidatura de Ciro Gomes \u00e0 Presid\u00eancia da Rep\u00fablica, na XII Conven\u00e7\u00e3o Nacional do PDT, realizada em 10 de junho de 2002 no interior paulista, em Pindamonhangaba \u2013 cidade natal de Ciro, de origem cearense. Nesta conven\u00e7\u00e3o se vislumbrava um novo tempo para tempos novos de esperan\u00e7a e supera\u00e7\u00e3o da crise econ\u00f4mica, do desemprego e da desconstru\u00e7\u00e3o da soberania nacional. Era preciso muito mais que a elei\u00e7\u00e3o de um novo presidente. Era preciso a presen\u00e7a de um estadista, com uma vis\u00e3o nacionalista e com uma firmeza de prop\u00f3sitos em prol dos interesses populares. O momento exigia isto. Mesmo n\u00e3o vencendo as elei\u00e7\u00f5es, a mensagem do PDT chegou \u00e0s ruas, que exigiam mudan\u00e7as urgentes, dentre elas a de que o desenvolvimento econ\u00f4mico fosse acompanhado de desenvolvimento e inclus\u00e3o social.<\/p>\n<p>O povo brasileiro decidiu que a esperan\u00e7a deveria vencer o medo imposto pelas elites antinacionais e pelos setores mais atrasados do pa\u00eds com orienta\u00e7\u00e3o ideol\u00f3gica conservadora, representados naquele momento pela candidatura de Jos\u00e9 Serra (PSDB). Luiz In\u00e1cio Lula da Silva vence o 2\u00ba turno das elei\u00e7\u00f5es de 2002. A presen\u00e7a in\u00e9dita de um Presidente da Rep\u00fablica oriundo do movimento sindical marcava hist\u00f3ria e vez em toda a trajet\u00f3ria pol\u00edtica que o Brasil p\u00f4de vivenciar em sua era republicana.<br \/> O Rio de Janeiro recebeu quatro conven\u00e7\u00f5es seguidas, da XIII \u00e0 XVI Conven\u00e7\u00e3o Nacional do PDT. Ap\u00f3s eleger o seu novo Diret\u00f3rio na XIII Conven\u00e7\u00e3o, a reuni\u00e3o do Diret\u00f3rio Nacional, feita em 21 de mar\u00e7o de 2003, apoiaria, com o aval de Leonel Brizola, a presen\u00e7a de Carlos Lupi para a Vice-Presid\u00eancia Nacional do PDT, acumulando estas fun\u00e7\u00f5es com as que ele exercia na Tesouraria do PDT.<\/p>\n<p>Pouco mais de um ano ap\u00f3s, Leonel Brizola faleceria em 21 de junho de 2004. A consterna\u00e7\u00e3o e o luto acompanhavam os trabalhistas, do Norte a Sul do pa\u00eds, perdendo a sua maior lideran\u00e7a e refer\u00eancia. Os grandes setores midi\u00e1ticos e os grupamentos pol\u00edticos conservadores davam como um fato consumado o t\u00e9rmino da sigla trabalhista com a morte de Brizola. N\u00e3o contavam eles com a unidade dos trabalhistas em prol n\u00e3o apenas da mem\u00f3ria. Carlos Lupi assumia interinamente a Presid\u00eancia Nacional do PDT na reuni\u00e3o da Executiva Nacional, em 28 de junho de 2004. Meses ap\u00f3s, em 21 de mar\u00e7o de 2005, Lupi foi eleito Presidente, na XIV Conven\u00e7\u00e3o. Ali\u00e1s, esta conven\u00e7\u00e3o decidiu por aclama\u00e7\u00e3o que a Funda\u00e7\u00e3o Alberto Pasqualini (FAP), destinada aos estudos e \u00e0 forma\u00e7\u00e3o pol\u00edtica dos trabalhistas, se tornasse a Funda\u00e7\u00e3o Leonel Brizola <em>\u2013<\/em> Alberto Pasqualini (FLB-AP).<\/p>\n<p>Na XV Conven\u00e7\u00e3o Nacional, feita em 19 de junho de 2006, o PDT apoiava a chapa Cristovam Buarque\/Jefferson Peres para a Presid\u00eancia da Rep\u00fablica. Em um momento conjuntural turbulento da Hist\u00f3ria do Brasil, o PDT queria dar a sua contribui\u00e7\u00e3o ap\u00f3s a morte de Brizola. A chapa trabalhista, a partir do lastro pol\u00edtico de seus candidatos, tentava unir a experi\u00eancia com o preparo intelectual dos mesmos, no intuito de ser uma candidatura diferenciada e de opini\u00e3o. Por\u00e9m, a elei\u00e7\u00e3o iria para o 2\u00ba turno e Lula, utilizando-se de um discurso nacionalista, venceu Geraldo Alckmin (PSDB-PFL).<\/p>\n<p>No in\u00edcio de 2007, o Diret\u00f3rio Nacional aprovou o apoio do PDT ao Governo Lula em seu segundo mandato, com a presen\u00e7a de Carlos Lupi no Minist\u00e9rio do Trabalho e Emprego (MTE). Neste sentido, a XVI Conven\u00e7\u00e3o Nacional foi realizada em 09 de mar\u00e7o de 2007, reelegendo Lupi para a Presid\u00eancia Nacional do PDT. Por\u00e9m, com as suas atividades no Minist\u00e9rio, em 12 de mar\u00e7o de 2008, Lupi se licenciaria, cedendo a Presid\u00eancia para o Deputado Federal Vieira da Cunha, exercendo estas fun\u00e7\u00f5es at\u00e9 a XVII Conven\u00e7\u00e3o Nacional do PDT, que reelegeu Carlos Lupi como Presidente. Esta conven\u00e7\u00e3o foi feita em Bras\u00edlia no dia 06 de mar\u00e7o de 2009.<\/p>\n<p>Ap\u00f3s a aprova\u00e7\u00e3o de mais de 80% dos brasileiros ao governo de Lula, era preciso avan\u00e7ar nas mudan\u00e7as. Imprimia-se a consci\u00eancia de que o Brasil, ap\u00f3s uma transi\u00e7\u00e3o com diversos avan\u00e7os no \u00e2mbito social e econ\u00f4mico, precisava ousar em uma agenda nacional-estatista. O Estado deveria ser o protagonista do desenvolvimento nacional a servi\u00e7o do povo. Reconheciam-se as conquistas, mas era preciso manter a estabilidade e, se poss\u00edvel, avan\u00e7ar. A candidatura in\u00e9dita de Dilma Rousseff \u00e0 Presid\u00eancia da Rep\u00fablica, com o apoio de Lula, teve o apoio do PDT que fez a sua XVIII Conven\u00e7\u00e3o Nacional no dia dos namorados, em 12 de junho de 2010.<\/p>\n<p>A renova\u00e7\u00e3o do PDT aumentou ainda mais, com a inser\u00e7\u00e3o de quadros da JS, da AMT, do Movimento Negro e do MAPI no Diret\u00f3rio Nacional. Isto se comprovou n\u00e3o apenas em Bras\u00edlia, na XIX Conven\u00e7\u00e3o Nacional com a elei\u00e7\u00e3o de novos quadros ao Diret\u00f3rio Nacional e do Deputado Federal Andr\u00e9 Figueiredo \u00e0 1\u00aa Vice-Presid\u00eancia em 25 de mar\u00e7o de 2011, como tamb\u00e9m se estenderia na XX Conven\u00e7\u00e3o Nacional, com a elei\u00e7\u00e3o de Miguelina Vecchio para a 3\u00aa Vice-Presid\u00eancia em 22 de mar\u00e7o de 2013, na cidade goiana de Luzi\u00e2nia.<\/p>\n<p>Muitos foram os desafios para a XXI Conven\u00e7\u00e3o Nacional do PDT. Os 50 anos do Golpe Civil-Militar de 1964 coincidiram com a realiza\u00e7\u00e3o desta conven\u00e7\u00e3o, onde foi relembrado sobre a atualidade das bandeiras das Reformas de Base. A presen\u00e7a de Dilma Rousseff nesta Conven\u00e7\u00e3o seria um dos pontos mais altos, ocorrido em 10 de junho de 2014 e realizado na sede nacional do PDT em Bras\u00edlia.<\/p>\n<p>No ano seguinte, o governo de Dilma Rousseff passava a sofrer uma oposi\u00e7\u00e3o sistem\u00e1tica de uma direita que n\u00e3o aceitara o resultado das elei\u00e7\u00f5es de 2014 e se mobilizava em prol de sua queda \u2013 mesmo se utilizando de a\u00e7\u00f5es extralegais atrav\u00e9s de aparentes medidas legais para a derrubada do governo constitucional de Dilma. Face a este momento conjuntural e em meio \u00e0s medidas recessivas promovidas por Joaquim Levy \u00e0 frente do Minist\u00e9rio da Fazenda, \u00e9 que se daria o contexto da XXII Conven\u00e7\u00e3o Nacional do PDT, realizado em Bras\u00edlia em 13 de mar\u00e7o de 2015 \u2013 onde a data coincidiria com os 51 anos do Com\u00edcio da Central do Brasil, ocorrida no Rio de Janeiro com a presen\u00e7a do Presidente Jo\u00e3o Goulart.<\/p>\n<p>Ap\u00f3s o Golpe Parlamentar-Judici\u00e1rio de 17 de abril de 2016 contra Dilma Rousseff, o governo de Michel Temer promoveria uma sistem\u00e1tica pol\u00edtica de destrui\u00e7\u00e3o do Estado Nacional e de perdas expressivas dos Direitos Sociais do povo brasileiro. Baseado em uma l\u00f3gica ultraliberal norteada pelo programa \u201cUma ponte para o futuro\u201d e diante de um governo que consolidou a pr\u00e1tica da semidemocracia (ou da \u201cdemocracia blindada\u201d), os debates pol\u00edticos se basearam na defesa da ordem democr\u00e1tica e do retorno dos direitos hist\u00f3ricos do povo brasileiro.<\/p>\n<p>Dentro desta conjuntura pol\u00edtica vivenciada pelos brasileiros, \u00e9 que seria realizada a XXIII Conven\u00e7\u00e3o Nacional do PDT, ocorrida em 18 de mar\u00e7o de 2017 em Bras\u00edlia, no Hotel Nacional. Al\u00e9m da reelei\u00e7\u00e3o de Carlos Lupi \u00e0 Presid\u00eancia Nacional do PDT, a novidade desta conven\u00e7\u00e3o seria a posse de Ciro Gomes a uma das Vice-Presid\u00eancias do Partido, ao lado de Andr\u00e9 Figueiredo e de Miguelina Vecchio. Entre as atividades realizadas face \u00e0s v\u00e9speras da XXIII Conven\u00e7\u00e3o, estaria o VII Congresso Nacional da A\u00e7\u00e3o da Mulher Trabalhista (AMT), o Congresso da Secretaria Nacional do Movimento Negro (SNMN) e as reuni\u00f5es da Executiva Nacional da Juventude Socialista (JS) e, de forma in\u00e9dita, da Comiss\u00e3o Provis\u00f3ria do PDT Diversidade.<\/p>\n<p>A XXIV Conven\u00e7\u00e3o Nacional do PDT, realizada no dia 20 de julho de 2018 em Bras\u00edlia, homologou a candidatura de Ciro Gomes \u00e0 Presid\u00eancia da Rep\u00fablica. Embora o PDT tivesse candidaturas presidenciais pr\u00f3prias em 1994 e em 2006, 2018 representou o marco do protagonismo do Partido Democr\u00e1tico Trabalhista, voltando a estar no cen\u00e1rio pol\u00edtico nacional com destaque, em seu projeto nacional-popular. A tentativa de 1989 na elei\u00e7\u00e3o de Leonel Brizola seria repetida por Ciro Gomes. E a Conven\u00e7\u00e3o se tornara um marco, na aposta do PDT em galgar espa\u00e7os maiores de proemin\u00eancia pol\u00edtica para superar a crise do p\u00f3s-golpe de 2016.<\/p>\n<p>Agora, na XXV Conven\u00e7\u00e3o Nacional, que ocorre em 18 de mar\u00e7o de 2019, na cidade de Bras\u00edlia, al\u00e9m do marco inspirador dos 100 anos do l\u00edder trabalhista Jo\u00e3o Goulart e dos 55 anos do Com\u00edcio da Central do Brasil, os desafios para o PDT se imp\u00f5em na supera\u00e7\u00e3o de um governo antinacional e liberal-conservador de Jair Bolsonaro. Longe apenas de eleger o seu novo Diret\u00f3rio Nacional e a sua nova Executiva Nacional, al\u00e9m da participa\u00e7\u00e3o efetiva de novos movimentos de coopera\u00e7\u00e3o partid\u00e1ria como o PDT Diversidade, o Movimento Comunit\u00e1rio Trabalhista (MCT) e o Movimento Cultural Darcy Ribeiro (MCDR), a atual Conven\u00e7\u00e3o poder\u00e1 dirimir algumas a\u00e7\u00f5es capazes para promover uma orienta\u00e7\u00e3o pol\u00edtica institucional para o PDT, pautado na defesa do Estado Democr\u00e1tico de Direito, na soberania nacional e no respeito aos Direitos Humanos e dos Direitos Sociais hist\u00f3ricos do povo brasileiro.<\/p>\n<p>A hist\u00f3ria das conven\u00e7\u00f5es nacionais do PDT nos compele \u00e0 ousadia, defendendo um Brasil a servi\u00e7o dos interesses populares. As bandeiras trabalhistas, al\u00e9m de atuais, apontam caminhos para o futuro que o nosso pa\u00eds anseia. \u00c9 com esta perspectiva que fazemos desta Conven\u00e7\u00e3o uma das mais emblem\u00e1ticas de toda a hist\u00f3ria do PDT, em meio aos dilemas presentes. Para isso, se torna fundamental \u00e0 legenda trabalhista uma atua\u00e7\u00e3o cada vez mais protagonista para que cumpra o seu papel e a sua miss\u00e3o hist\u00f3rica.<\/p>\n<p><strong><em>*Por Wendel Pinheiro, historiador e membro do Diret\u00f3rio Nacional do PDT e da Funda\u00e7\u00e3o Leonel Brizola \u2013 Alberto Pasqualini (FLB-AP).<\/em><\/strong><\/p>\n<!-- AddThis Advanced Settings generic via filter on the_content --><!-- AddThis Share Buttons generic via filter on the_content -->","protected":false},"excerpt":{"rendered":"<p>A XXV Conven\u00e7\u00e3o Nacional do PDT resgata a mem\u00f3ria e a hist\u00f3ria de lutas do PDT, ao longo de seus 38 anos, atrav\u00e9s da mem\u00f3ria trabalhista com o olhar no futuro em um Brasil ansiado por militantes, intelectuais, dirigentes e l\u00edderes hist\u00f3ricos trabalhistas. Nas suas respectivas conven\u00e7\u00f5es nacionais, a legenda trabalhista faria op\u00e7\u00f5es que posicionariam&#8230;<!-- AddThis Advanced Settings generic via filter on wp_trim_excerpt --><!-- AddThis Share Buttons generic via filter on wp_trim_excerpt --><\/p>\n","protected":false},"author":17,"featured_media":63289,"comment_status":"closed","ping_status":"closed","sticky":false,"template":"","format":"standard","meta":{"_monsterinsights_skip_tracking":false,"_monsterinsights_sitenote_active":false,"_monsterinsights_sitenote_note":"","_monsterinsights_sitenote_category":0,"_uf_show_specific_survey":0,"_uf_disable_surveys":false,"footnotes":""},"categories":[1584,1390],"tags":[],"class_list":["post-63288","post","type-post","status-publish","format-standard","has-post-thumbnail","hentry","category-artigos","category-editorias"],"acf":[],"_links":{"self":[{"href":"https:\/\/pdt-rj.org.br\/index.php\/wp-json\/wp\/v2\/posts\/63288","targetHints":{"allow":["GET"]}}],"collection":[{"href":"https:\/\/pdt-rj.org.br\/index.php\/wp-json\/wp\/v2\/posts"}],"about":[{"href":"https:\/\/pdt-rj.org.br\/index.php\/wp-json\/wp\/v2\/types\/post"}],"author":[{"embeddable":true,"href":"https:\/\/pdt-rj.org.br\/index.php\/wp-json\/wp\/v2\/users\/17"}],"replies":[{"embeddable":true,"href":"https:\/\/pdt-rj.org.br\/index.php\/wp-json\/wp\/v2\/comments?post=63288"}],"version-history":[{"count":11,"href":"https:\/\/pdt-rj.org.br\/index.php\/wp-json\/wp\/v2\/posts\/63288\/revisions"}],"predecessor-version":[{"id":63305,"href":"https:\/\/pdt-rj.org.br\/index.php\/wp-json\/wp\/v2\/posts\/63288\/revisions\/63305"}],"wp:featuredmedia":[{"embeddable":true,"href":"https:\/\/pdt-rj.org.br\/index.php\/wp-json\/wp\/v2\/media\/63289"}],"wp:attachment":[{"href":"https:\/\/pdt-rj.org.br\/index.php\/wp-json\/wp\/v2\/media?parent=63288"}],"wp:term":[{"taxonomy":"category","embeddable":true,"href":"https:\/\/pdt-rj.org.br\/index.php\/wp-json\/wp\/v2\/categories?post=63288"},{"taxonomy":"post_tag","embeddable":true,"href":"https:\/\/pdt-rj.org.br\/index.php\/wp-json\/wp\/v2\/tags?post=63288"}],"curies":[{"name":"wp","href":"https:\/\/api.w.org\/{rel}","templated":true}]}}