{"id":63263,"date":"2019-03-14T16:31:20","date_gmt":"2019-03-14T19:31:20","guid":{"rendered":"http:\/\/pdt-rj.org.br\/?p=63263"},"modified":"2019-03-14T17:13:23","modified_gmt":"2019-03-14T20:13:23","slug":"movimento-dos-aposentados-e-pensionistas-do-pdt-realiza-convencao-nesta-segunda-18","status":"publish","type":"post","link":"https:\/\/pdt-rj.org.br\/index.php\/movimento-dos-aposentados-e-pensionistas-do-pdt-realiza-convencao-nesta-segunda-18\/","title":{"rendered":"Movimento dos Aposentados e Pensionistas do PDT realiza  Conven\u00e7\u00e3o nesta segunda (18)"},"content":{"rendered":"<p>O Movimento dos Aposentados, Pensionistas e Idosos do PDT (Mapi) realizar\u00e1, nesta segunda-feira (18), a sua Conven\u00e7\u00e3o Nacional, na sede nacional do partido em Bras\u00edlia. Na ocasi\u00e3o, que re\u00fane todos os filiados da legenda, ser\u00e1 feita a elei\u00e7\u00e3o dos membros da dire\u00e7\u00e3o do movimento.<\/p>\n<p>O evento acontece das 9h \u00e0s 12h.<\/p>\n<p>Leia <a href=\"http:\/\/pdt-rj.org.br\/wp-content\/uploads\/2019\/03\/Edital-de-Convoca\u00e7\u00e3o-para-a-Conven\u00e7\u00e3o-Nacional-do-Mapi-2019.pdf\"><strong><em>aqui <\/em><\/strong><\/a>o edital.<\/p>\n<!-- AddThis Advanced Settings generic via filter on the_content --><!-- AddThis Share Buttons generic via filter on the_content -->","protected":false},"excerpt":{"rendered":"<p>O Movimento dos Aposentados, Pensionistas e Idosos do PDT (Mapi) realizar\u00e1, nesta segunda-feira (18), a sua Conven\u00e7\u00e3o Nacional, na sede nacional do partido em Bras\u00edlia. Na ocasi\u00e3o, que re\u00fane todos os filiados da legenda, ser\u00e1 feita a elei\u00e7\u00e3o dos membros da dire\u00e7\u00e3o do movimento. O evento acontece das 9h \u00e0s 12h. Leia aqui o edital.<!-- AddThis Advanced Settings generic via filter on wp_trim_excerpt --><!-- AddThis Share Buttons generic via filter on wp_trim_excerpt --><\/p>\n","protected":false},"author":17,"featured_media":63265,"comment_status":"closed","ping_status":"closed","sticky":false,"template":"","format":"standard","meta":{"_monsterinsights_skip_tracking":false,"_monsterinsights_sitenote_active":false,"_monsterinsights_sitenote_note":"","_monsterinsights_sitenote_category":0,"_uf_show_specific_survey":0,"_uf_disable_surveys":false,"footnotes":""},"categories":[1390,1588,1397],"tags":[],"class_list":["post-63263","post","type-post","status-publish","format-standard","has-post-thumbnail","hentry","category-editorias","category-mapi","category-movimentos"],"acf":[],"_links":{"self":[{"href":"https:\/\/pdt-rj.org.br\/index.php\/wp-json\/wp\/v2\/posts\/63263","targetHints":{"allow":["GET"]}}],"collection":[{"href":"https:\/\/pdt-rj.org.br\/index.php\/wp-json\/wp\/v2\/posts"}],"about":[{"href":"https:\/\/pdt-rj.org.br\/index.php\/wp-json\/wp\/v2\/types\/post"}],"author":[{"embeddable":true,"href":"https:\/\/pdt-rj.org.br\/index.php\/wp-json\/wp\/v2\/users\/17"}],"replies":[{"embeddable":true,"href":"https:\/\/pdt-rj.org.br\/index.php\/wp-json\/wp\/v2\/comments?post=63263"}],"version-history":[{"count":8,"href":"https:\/\/pdt-rj.org.br\/index.php\/wp-json\/wp\/v2\/posts\/63263\/revisions"}],"predecessor-version":[{"id":63276,"href":"https:\/\/pdt-rj.org.br\/index.php\/wp-json\/wp\/v2\/posts\/63263\/revisions\/63276"}],"wp:featuredmedia":[{"embeddable":true,"href":"https:\/\/pdt-rj.org.br\/index.php\/wp-json\/wp\/v2\/media\/63265"}],"wp:attachment":[{"href":"https:\/\/pdt-rj.org.br\/index.php\/wp-json\/wp\/v2\/media?parent=63263"}],"wp:term":[{"taxonomy":"category","embeddable":true,"href":"https:\/\/pdt-rj.org.br\/index.php\/wp-json\/wp\/v2\/categories?post=63263"},{"taxonomy":"post_tag","embeddable":true,"href":"https:\/\/pdt-rj.org.br\/index.php\/wp-json\/wp\/v2\/tags?post=63263"}],"curies":[{"name":"wp","href":"https:\/\/api.w.org\/{rel}","templated":true}]}}