{"id":63111,"date":"2019-03-08T18:05:51","date_gmt":"2019-03-08T21:05:51","guid":{"rendered":"http:\/\/pdt-rj.org.br\/?p=63111"},"modified":"2019-03-08T18:07:09","modified_gmt":"2019-03-08T21:07:09","slug":"camara-realizara-sessao-solene-em-homenagem-ao-ex-presidente-joao-goulart","status":"publish","type":"post","link":"https:\/\/pdt-rj.org.br\/index.php\/camara-realizara-sessao-solene-em-homenagem-ao-ex-presidente-joao-goulart\/","title":{"rendered":"C\u00e2mara realizar\u00e1 sess\u00e3o solene em homenagem ao ex-presidente Jo\u00e3o Goulart"},"content":{"rendered":"<p>A pedido do deputado Pompeo de Mattos (PDT-RS), a C\u00e2mara realizar\u00e1 sess\u00e3o solene, no pr\u00f3ximo dia 20 de mar\u00e7o, \u00e0s 9h, para homenagear os 100 anos do ex-presidente Jo\u00e3o Belchior Marques Goulart, o Jango, deposto por um golpe civil-militar em abril de 1964.<\/p>\n<p>Pompeo de Mattos explicou a import\u00e2ncia da homenagem. \u201cO Jango \u00e9 um dos \u00edcones pol\u00edticos da nossa hist\u00f3ria. Ele est\u00e1 na mem\u00f3ria do nosso povo, da nossa gente, com uma trajet\u00f3ria, um passado de gl\u00f3ria muito importante. E \u00e9 preciso reafirmar essa lideran\u00e7a, para a gente n\u00e3o esquecer nunca quem somos, de onde viemos, por onde passamos, com quem estivemos, onde estamos, e a\u00ed compreender para onde n\u00f3s vamos\u201d.<\/p>\n<p><strong>Trajet\u00f3ria<\/strong><br \/> Jo\u00e3o Goulart nasceu em 1\u00ba de mar\u00e7o de 1919 em S\u00e3o Borja (RS). Come\u00e7ou sua carreira pol\u00edtica como deputado estadual, em 1947. Em 1950 foi eleito deputado federal, sendo no ano seguinte indicado para o cargo de ministro do Trabalho no governo de Get\u00falio Vargas (1950-1954). Em 1955 foi eleito vice-presidente do Brasil, concorrendo pelo PTB. Na ocasi\u00e3o, conseguiu mais votos que o presidente eleito, Juscelino Kubitschek. Naquela \u00e9poca, as vota\u00e7\u00f5es para presidente e vice eram separadas.<\/p>\n<p>Na elei\u00e7\u00e3o seguinte, em 1960, foi novamente eleito vice-presidente, concorrendo pela chapa governista, ao lado do marechal Lott, e em oposi\u00e7\u00e3o ao candidato J\u00e2nio Quadros, da UDN, que venceu a disputa. Jango ficou no cargo por apenas oito meses, quando assumiu o posto de presidente com a ren\u00fancia de J\u00e2nio, em agosto de 1961.<\/p>\n<p>Jango ficou conhecido por ser um pol\u00edtico controverso e de posicionamento forte. Maria Rosa Duarte, professora de Literatura na PUC de S\u00e3o Paulo, estudou a imagem de Jo\u00e3o Goulart na imprensa da \u00e9poca e comentou sua trajet\u00f3ria.<\/p>\n<p>\u201cDe um lado ele tinha uma vis\u00e3o muito boa sobre o pa\u00eds, ele tinha a reforma agr\u00e1ria, ele queria mudan\u00e7as significativas. Mas do outro, tinham os trabalhadores, os sindicatos, que acabaram atuando muito forte sobre ele e ele ficou meio preso das for\u00e7as pol\u00edticas. Ele n\u00e3o teve a for\u00e7a necess\u00e1ria para perceber a trama em que ele estava\u201d, disse.<\/p>\n<p>Pompeo de Mattos destacou tamb\u00e9m o empenho de Jango por uma pol\u00edtica de aumento real para o sal\u00e1rio m\u00ednimo. \u201cEle tornou o sal\u00e1rio m\u00ednimo um sal\u00e1rio decente. Um sal\u00e1rio onde o cidad\u00e3o tinha dignidade, podia viver com o sal\u00e1rio, pagar a sua habita\u00e7\u00e3o, ter a comida, o estudo dos filhos, a luz, a \u00e1gua. Enfim, naquela \u00e9poca foi algo inusitado, um aumento de 100% do sal\u00e1rio m\u00ednimo como o Jango fez como ministro do Trabalho do presidente Get\u00falio Vargas\u201d, disse.<\/p>\n<p>Jango faleceu no ex\u00edlio, em 6 de dezembro de 1976, na Argentina, e foi sepultado em S\u00e3o Borja, sua cidade natal.<\/p>\n<!-- AddThis Advanced Settings generic via filter on the_content --><!-- AddThis Share Buttons generic via filter on the_content -->","protected":false},"excerpt":{"rendered":"<p>A pedido do deputado Pompeo de Mattos (PDT-RS), a C\u00e2mara realizar\u00e1 sess\u00e3o solene, no pr\u00f3ximo dia 20 de mar\u00e7o, \u00e0s 9h, para homenagear os 100 anos do ex-presidente Jo\u00e3o Belchior Marques Goulart, o Jango, deposto por um golpe civil-militar em abril de 1964. Pompeo de Mattos explicou a import\u00e2ncia da homenagem. \u201cO Jango \u00e9 um&#8230;<!-- AddThis Advanced Settings generic via filter on wp_trim_excerpt --><!-- AddThis Share Buttons generic via filter on wp_trim_excerpt --><\/p>\n","protected":false},"author":17,"featured_media":53351,"comment_status":"closed","ping_status":"closed","sticky":false,"template":"","format":"standard","meta":{"_monsterinsights_skip_tracking":false,"_monsterinsights_sitenote_active":false,"_monsterinsights_sitenote_note":"","_monsterinsights_sitenote_category":0,"_uf_show_specific_survey":0,"_uf_disable_surveys":false,"footnotes":""},"categories":[1390],"tags":[437,513,746],"class_list":["post-63111","post","type-post","status-publish","format-standard","has-post-thumbnail","hentry","category-editorias","tag-getulio-vargas","tag-jango","tag-pompeo-de-mattos"],"acf":[],"_links":{"self":[{"href":"https:\/\/pdt-rj.org.br\/index.php\/wp-json\/wp\/v2\/posts\/63111","targetHints":{"allow":["GET"]}}],"collection":[{"href":"https:\/\/pdt-rj.org.br\/index.php\/wp-json\/wp\/v2\/posts"}],"about":[{"href":"https:\/\/pdt-rj.org.br\/index.php\/wp-json\/wp\/v2\/types\/post"}],"author":[{"embeddable":true,"href":"https:\/\/pdt-rj.org.br\/index.php\/wp-json\/wp\/v2\/users\/17"}],"replies":[{"embeddable":true,"href":"https:\/\/pdt-rj.org.br\/index.php\/wp-json\/wp\/v2\/comments?post=63111"}],"version-history":[{"count":3,"href":"https:\/\/pdt-rj.org.br\/index.php\/wp-json\/wp\/v2\/posts\/63111\/revisions"}],"predecessor-version":[{"id":63114,"href":"https:\/\/pdt-rj.org.br\/index.php\/wp-json\/wp\/v2\/posts\/63111\/revisions\/63114"}],"wp:featuredmedia":[{"embeddable":true,"href":"https:\/\/pdt-rj.org.br\/index.php\/wp-json\/wp\/v2\/media\/53351"}],"wp:attachment":[{"href":"https:\/\/pdt-rj.org.br\/index.php\/wp-json\/wp\/v2\/media?parent=63111"}],"wp:term":[{"taxonomy":"category","embeddable":true,"href":"https:\/\/pdt-rj.org.br\/index.php\/wp-json\/wp\/v2\/categories?post=63111"},{"taxonomy":"post_tag","embeddable":true,"href":"https:\/\/pdt-rj.org.br\/index.php\/wp-json\/wp\/v2\/tags?post=63111"}],"curies":[{"name":"wp","href":"https:\/\/api.w.org\/{rel}","templated":true}]}}