{"id":63104,"date":"2019-03-08T17:33:00","date_gmt":"2019-03-08T20:33:00","guid":{"rendered":"http:\/\/pdt-rj.org.br\/?p=63104"},"modified":"2019-03-08T17:45:02","modified_gmt":"2019-03-08T20:45:02","slug":"igualdade-entre-homens-e-mulheres-por-flavia-morais","status":"publish","type":"post","link":"https:\/\/pdt-rj.org.br\/index.php\/igualdade-entre-homens-e-mulheres-por-flavia-morais\/","title":{"rendered":"Artigo: &#8220;Igualdade entre homens e mulheres&#8221;, por Fl\u00e1via Morais"},"content":{"rendered":"<p>A semana do Dia Internacional da Mulher \u00e9 o momento ideal para discutirmos as desigualdades consubstanciadas pelo g\u00eanero que ainda persistem no contexto social brasileiro, sobretudo na constitui\u00e7\u00e3o familiar, no mercado de trabalho e no cen\u00e1rio pol\u00edtico. Divulgado no ano passado, o relat\u00f3rio do F\u00f3rum Econ\u00f4mico Mundial sobre as disparidades entre homens e mulheres apontou que o Pa\u00eds ocupa a 95\u00aa posi\u00e7\u00e3o em desigualdade de g\u00eanero.<\/p>\n<p>O documento revelou ainda que, no ritmo atual, ser\u00e3o necess\u00e1rios dois s\u00e9culos para o fim das diferen\u00e7as no mercado de trabalho, por exemplo. O cen\u00e1rio parece desencorajador, entretanto devemos destacar que avan\u00e7amos significativamente nas \u00faltimas d\u00e9cadas. H\u00e1 87 anos registramos a conquista do direito do voto feminino e a progressiva e forte inser\u00e7\u00e3o no mercado. Em seguida, passamos a ocupar cargos de destaque nas empresas. <\/p>\n<p>Atualmente, chefiamos a maioria dos lares, conseguimos aprovar a lei Maria da Penha que aumentou o rigor nas puni\u00e7\u00f5es para a viol\u00eancia dom\u00e9stica e passamos a ter representatividade nos espa\u00e7os de poder. Os resultados das \u00faltimas elei\u00e7\u00f5es ao cargo de deputado federal mostraram que houve um aumento de 51% na quantidade de mulheres no Congresso Nacional: das 513 cadeiras, 77 est\u00e3o sendo ocupadas neste ano por mulheres. Em 2014, foram eleitas apenas 51 mulheres. <\/p>\n<p>Refer\u00eancia sobre este assunto, um estudo do Grupo de Estudos de G\u00eanero e Pol\u00edtica da Universidade de S\u00e3o Paulo mostrou, entretanto, que as mulheres convivem com uma clara desigualdade na divis\u00e3o do trabalho exercido no meio pol\u00edtico. De acordo com a pesquisa, no Congresso os homens participam de pautas consideradas mais relevantes, como tributa\u00e7\u00e3o e economia, e as mulheres s\u00e3o posicionadas em outros temas, como sa\u00fade e pol\u00edtica social, evidenciando que as concep\u00e7\u00f5es do que \u00e9 feminino e masculino ainda est\u00e3o presentes em nosso imagin\u00e1rio. Al\u00e9m disso, muitos siglas n\u00e3o cumprem a lei que obriga a reserva de parte do Fundo Partid\u00e1rio para campanhas de suas candidatas.<\/p>\n<p>Diante deste contexto, devemos compreender que precisamos seguir atuando para eliminar as diferentes formas de opress\u00e3o que operam conjuntamente na produ\u00e7\u00e3o das exclus\u00f5es entre homens e mulheres, seja na pol\u00edtica ou em qualquer outro ambiente social. Tamb\u00e9m devemos prevenir a viol\u00eancia de g\u00eanero e exigir que os servi\u00e7os p\u00fablicos atendam \u00e0s necessidades das mulheres e meninas. Temos que estender as nossas m\u00e3os para que a justi\u00e7a seja implac\u00e1vel na defesa dos nossos direitos. Somente desta forma \u00e9 que avan\u00e7aremos rumo \u00e0 paridade entre homens e mulheres e celebraremos, de fato, a igualdade de oportunidades.<\/p>\n<p><em><strong>Fl\u00e1via Morais, deputada federal por Goi\u00e1s<\/strong><\/em><\/p>\n<!-- AddThis Advanced Settings generic via filter on the_content --><!-- AddThis Share Buttons generic via filter on the_content -->","protected":false},"excerpt":{"rendered":"<p>A semana do Dia Internacional da Mulher \u00e9 o momento ideal para discutirmos as desigualdades consubstanciadas pelo g\u00eanero que ainda persistem no contexto social brasileiro, sobretudo na constitui\u00e7\u00e3o familiar, no mercado de trabalho e no cen\u00e1rio pol\u00edtico. Divulgado no ano passado, o relat\u00f3rio do F\u00f3rum Econ\u00f4mico Mundial sobre as disparidades entre homens e mulheres apontou&#8230;<!-- AddThis Advanced Settings generic via filter on wp_trim_excerpt --><!-- AddThis Share Buttons generic via filter on wp_trim_excerpt --><\/p>\n","protected":false},"author":17,"featured_media":63105,"comment_status":"closed","ping_status":"closed","sticky":false,"template":"","format":"standard","meta":{"_monsterinsights_skip_tracking":false,"_monsterinsights_sitenote_active":false,"_monsterinsights_sitenote_note":"","_monsterinsights_sitenote_category":0,"_uf_show_specific_survey":0,"_uf_disable_surveys":false,"footnotes":""},"categories":[976],"tags":[],"class_list":["post-63104","post","type-post","status-publish","format-standard","has-post-thumbnail","hentry","category-noticias-em-destaque"],"acf":[],"_links":{"self":[{"href":"https:\/\/pdt-rj.org.br\/index.php\/wp-json\/wp\/v2\/posts\/63104","targetHints":{"allow":["GET"]}}],"collection":[{"href":"https:\/\/pdt-rj.org.br\/index.php\/wp-json\/wp\/v2\/posts"}],"about":[{"href":"https:\/\/pdt-rj.org.br\/index.php\/wp-json\/wp\/v2\/types\/post"}],"author":[{"embeddable":true,"href":"https:\/\/pdt-rj.org.br\/index.php\/wp-json\/wp\/v2\/users\/17"}],"replies":[{"embeddable":true,"href":"https:\/\/pdt-rj.org.br\/index.php\/wp-json\/wp\/v2\/comments?post=63104"}],"version-history":[{"count":4,"href":"https:\/\/pdt-rj.org.br\/index.php\/wp-json\/wp\/v2\/posts\/63104\/revisions"}],"predecessor-version":[{"id":63110,"href":"https:\/\/pdt-rj.org.br\/index.php\/wp-json\/wp\/v2\/posts\/63104\/revisions\/63110"}],"wp:featuredmedia":[{"embeddable":true,"href":"https:\/\/pdt-rj.org.br\/index.php\/wp-json\/wp\/v2\/media\/63105"}],"wp:attachment":[{"href":"https:\/\/pdt-rj.org.br\/index.php\/wp-json\/wp\/v2\/media?parent=63104"}],"wp:term":[{"taxonomy":"category","embeddable":true,"href":"https:\/\/pdt-rj.org.br\/index.php\/wp-json\/wp\/v2\/categories?post=63104"},{"taxonomy":"post_tag","embeddable":true,"href":"https:\/\/pdt-rj.org.br\/index.php\/wp-json\/wp\/v2\/tags?post=63104"}],"curies":[{"name":"wp","href":"https:\/\/api.w.org\/{rel}","templated":true}]}}