{"id":63093,"date":"2019-03-08T13:40:27","date_gmt":"2019-03-08T16:40:27","guid":{"rendered":"http:\/\/pdt-rj.org.br\/?p=63093"},"modified":"2019-03-12T16:43:42","modified_gmt":"2019-03-12T19:43:42","slug":"a-mudanca-nao-e-so-possivel-ela-ja-comecou-por-tabata-amaral","status":"publish","type":"post","link":"https:\/\/pdt-rj.org.br\/index.php\/a-mudanca-nao-e-so-possivel-ela-ja-comecou-por-tabata-amaral\/","title":{"rendered":"&#8216;A mudan\u00e7a n\u00e3o \u00e9 s\u00f3 poss\u00edvel, ela j\u00e1 come\u00e7ou&#8217;, por Tabata Amaral"},"content":{"rendered":"<p>J\u00e1 n\u00e3o \u00e9 segredo para ningu\u00e9m que s\u00e3o in\u00fameras as barreiras que as mulheres enfrentam no mercado de trabalho, em ambientes sociais e por a\u00ed vai. E seria diferente na pol\u00edtica? Claro que n\u00e3o! Meu in\u00edcio de mandato parlamentar todos os dias me lembra que ver uma mulher jovem eleita deputada federal \u00e9 desconcertante para muita gente. Voc\u00ea \u00e9 filha de fulano? Sua fam\u00edlia \u00e9 dona da empresa x? Voc\u00ea \u00e9 solteira ou casada &#8211; me perguntaram em uma vota\u00e7\u00e3o. N\u00e3o, deputado, n\u00e3o sou filha de pol\u00edtico, muito menos herdeira, e o meu estado civil n\u00e3o importa para a minha atua\u00e7\u00e3o parlamentar. <\/p>\n<p>Quase que em um ritual di\u00e1rio, perguntam se eu sou mesmo deputada. Diante da afirma\u00e7\u00e3o positiva, um seguran\u00e7a chegou a questionar se eu n\u00e3o estava me confundindo, se eu n\u00e3o era deputada estadual. Mesmo com a identifica\u00e7\u00e3o de deputada federal no peito &#8211; aquele pin pregado na roupa &#8211; sou constantemente impedida de entrar no plen\u00e1rio da C\u00e2mara. Num \u00fanico dia, fui barrada cinco vezes, em diferentes ambientes. E por qu\u00ea? Porque sou jovem e mulher &#8211; n\u00e3o &#8220;pare\u00e7o&#8221; deputada. <\/p>\n<p>Neste primeiro m\u00eas, j\u00e1 tive minha intelig\u00eancia questionada (para n\u00e3o trazer o conjunto de adjetivos nada lisonjeiros usados por outros parlamentares para me descrever) mais vezes do que em toda a minha vida. Eu compus a delega\u00e7\u00e3o brasileira cinco vezes em competi\u00e7\u00f5es mundiais de ci\u00eancias (sempre como a \u00fanica mulher) e sou formada em ci\u00eancia pol\u00edtica e astrof\u00edsica. Isso me faz perceber mais uma vez como os preconceitos sobrep\u00f5em qualquer evid\u00eancia. Me faz pensar tamb\u00e9m em todas as mulheres que, ao contr\u00e1rio de mim, n\u00e3o tiveram todo o apoio que tive na minha carreira acad\u00eamica: \u00e9 dif\u00edcil acreditar na sua compet\u00eancia quando todos os dias apontam o contr\u00e1rio. <\/p>\n<p>O machismo sabota a participa\u00e7\u00e3o feminina de diferentes maneiras. \u00c0s vezes hostil, outras nem tanto, o fato \u00e9 que ser uma jovem mulher no Parlamento \u00e9 um desafio cultural no Brasil. Trata-se de romper barreiras, lutar por novas mentalidades. Avaliem se, al\u00e9m de jovem, fosse tamb\u00e9m negra e homossexual. Estaria enfrentando simultaneamente todas as lutas vanguardistas. <\/p>\n<p>Hoje, as mulheres ocupam apenas 77 do total de 513 cadeiras da C\u00e2mara dos Deputados, um aumento de 50% em rela\u00e7\u00e3o \u00e0 legislatura passada. O Brasil est\u00e1 na 156\u00b0 posi\u00e7\u00e3o no ranking mundial da participa\u00e7\u00e3o das mulheres na pol\u00edtica, em uma lista de 190 pa\u00edses. Ainda temos um longo caminho e muita luta pela frente. <\/p>\n<p>H\u00e1, contudo, um outro aspecto no debate das ideias que gostaria de pontuar. Trata-se de outra mec\u00e2nica perversa (e antiga) para calar a voz dos que, como eu, querem mudar a pol\u00edtica. \u00c9 a desqualifica\u00e7\u00e3o do discurso pelo uso de argumentos falaciosos. <\/p>\n<p> No \u00faltimo dia 14 de fevereiro, subi \u00e0 tribuna da C\u00e2mara para o meu primeiro discurso no Plen\u00e1rio. E ali defendi minha bandeira, a educa\u00e7\u00e3o. Quem me conhece sabe que fui ativista porque vi a import\u00e2ncia da educa\u00e7\u00e3o e a falta que ela faz principalmente nas periferias do nosso pa\u00eds. Trabalhei como professora, como pesquisadora, e conheci a realidade de v\u00e1rios lugares do nosso pa\u00eds, como a de Sobral, nesse caso uma experi\u00eancia exitosa da educa\u00e7\u00e3o p\u00fablica brasileira. <\/p>\n<p>Essa \u00e9 minha luta h\u00e1 nove anos. J\u00e1 \u00e9 at\u00e9 clich\u00ea falar que, para termos uma educa\u00e7\u00e3o de qualidade e igualit\u00e1ria, precisamos resolver velhas quest\u00f5es, como a da alfabetiza\u00e7\u00e3o, de uma boa forma\u00e7\u00e3o dos professores, de carreiras s\u00f3lidas de magist\u00e9rio, entre outras. <\/p>\n<p>Mas um dos pontos mais importantes a enfrentar \u00e9 o do Fundeb (Fundo Nacional de Desenvolvimento da Educa\u00e7\u00e3o B\u00e1sica), pois ele vence em um ano e temos agora uma chance \u00fanica de n\u00e3o apenas coloc\u00e1-lo na Constitui\u00e7\u00e3o mas de tornar o fundo mais redistributivo. <\/p>\n<p>No meu discurso, falei da import\u00e2ncia de aproveitar essa chance tamb\u00e9m para criar incentivos para a implementa\u00e7\u00e3o de boas pr\u00e1ticas da educa\u00e7\u00e3o Brasil afora. E qual foi a rea\u00e7\u00e3o \u00e0 minha fala? Inverdades. Minhas coloca\u00e7\u00f5es sobre a renova\u00e7\u00e3o e reestrutura\u00e7\u00e3o do Fundeb foram falsamente resumidas como se discursasse em prol da canaliza\u00e7\u00e3o de mais recursos para a educa\u00e7\u00e3o no Brasil (utilizando-se, diga-se de passagem, de n\u00fameros bastante distantes da realidade). <\/p>\n<p>Esse processo de desconstru\u00e7\u00e3o do outro foi classificado por Igor Barbosa, mestrando da USP e integrante do Acredito, movimento do qual sou cofundadora, como a &#8220;fal\u00e1cia do espantalho&#8221;. Querem calar a voz dos que ousam apontar erros. \u00c9 a demagogia da velha pol\u00edtica ante a cr\u00edtica que fiz \u00e0 polariza\u00e7\u00e3o ideol\u00f3gica que estamos vivendo na educa\u00e7\u00e3o e que denunciei em meu pronunciamento. N\u00e3o estava errada. Essa situa\u00e7\u00e3o atingiu o cl\u00edmax, agora, com a recomenda\u00e7\u00e3o assinada pelo ministro Ricardo V\u00e9lez de que escolas p\u00fablicas gravem v\u00eddeos com seus alunos lendo o slogan do governo ap\u00f3s cantar o hino nacional. <\/p>\n<p>A imposi\u00e7\u00e3o de doutrina partid\u00e1ria e religiosa vai contra o pluralismo e a liberdade garantidos na Constitui\u00e7\u00e3o. N\u00e3o podemos aceitar. Apesar de tudo isso, enfrento o dia a dia com muita coragem, pois tenho certeza que a mudan\u00e7a que tanto almejamos e merecemos, de um pa\u00eds onde g\u00eanero, cor da pele e local de nascimento deixem de importar tanto, de pol\u00edticas p\u00fablicas que considerem as evid\u00eancias e respeitem os contextos locais, ela n\u00e3o apenas \u00e9 poss\u00edvel como j\u00e1 come\u00e7ou. <\/p>\n<p><em><strong>Tabata Amaral foi eleita deputada federal pelo PDT de S\u00e3o Paulo em 2018. Antes disso, formou-se em ci\u00eancia pol\u00edtica, com bolsa integral, pela Universidade de Harvard, nos Estados Unidos. Pesquisa e atua em temas ligados \u00e0 educa\u00e7\u00e3o.  <\/strong><\/em><\/p>\n<!-- AddThis Advanced Settings generic via filter on the_content --><!-- AddThis Share Buttons generic via filter on the_content -->","protected":false},"excerpt":{"rendered":"<p>J\u00e1 n\u00e3o \u00e9 segredo para ningu\u00e9m que s\u00e3o in\u00fameras as barreiras que as mulheres enfrentam no mercado de trabalho, em ambientes sociais e por a\u00ed vai. E seria diferente na pol\u00edtica? Claro que n\u00e3o! Meu in\u00edcio de mandato parlamentar todos os dias me lembra que ver uma mulher jovem eleita deputada federal \u00e9 desconcertante para&#8230;<!-- AddThis Advanced Settings generic via filter on wp_trim_excerpt --><!-- AddThis Share Buttons generic via filter on wp_trim_excerpt --><\/p>\n","protected":false},"author":17,"featured_media":63099,"comment_status":"closed","ping_status":"closed","sticky":false,"template":"","format":"standard","meta":{"_monsterinsights_skip_tracking":false,"_monsterinsights_sitenote_active":false,"_monsterinsights_sitenote_note":"","_monsterinsights_sitenote_category":0,"_uf_show_specific_survey":0,"_uf_disable_surveys":false,"footnotes":""},"categories":[976],"tags":[],"class_list":["post-63093","post","type-post","status-publish","format-standard","has-post-thumbnail","hentry","category-noticias-em-destaque"],"acf":[],"_links":{"self":[{"href":"https:\/\/pdt-rj.org.br\/index.php\/wp-json\/wp\/v2\/posts\/63093","targetHints":{"allow":["GET"]}}],"collection":[{"href":"https:\/\/pdt-rj.org.br\/index.php\/wp-json\/wp\/v2\/posts"}],"about":[{"href":"https:\/\/pdt-rj.org.br\/index.php\/wp-json\/wp\/v2\/types\/post"}],"author":[{"embeddable":true,"href":"https:\/\/pdt-rj.org.br\/index.php\/wp-json\/wp\/v2\/users\/17"}],"replies":[{"embeddable":true,"href":"https:\/\/pdt-rj.org.br\/index.php\/wp-json\/wp\/v2\/comments?post=63093"}],"version-history":[{"count":7,"href":"https:\/\/pdt-rj.org.br\/index.php\/wp-json\/wp\/v2\/posts\/63093\/revisions"}],"predecessor-version":[{"id":63186,"href":"https:\/\/pdt-rj.org.br\/index.php\/wp-json\/wp\/v2\/posts\/63093\/revisions\/63186"}],"wp:featuredmedia":[{"embeddable":true,"href":"https:\/\/pdt-rj.org.br\/index.php\/wp-json\/wp\/v2\/media\/63099"}],"wp:attachment":[{"href":"https:\/\/pdt-rj.org.br\/index.php\/wp-json\/wp\/v2\/media?parent=63093"}],"wp:term":[{"taxonomy":"category","embeddable":true,"href":"https:\/\/pdt-rj.org.br\/index.php\/wp-json\/wp\/v2\/categories?post=63093"},{"taxonomy":"post_tag","embeddable":true,"href":"https:\/\/pdt-rj.org.br\/index.php\/wp-json\/wp\/v2\/tags?post=63093"}],"curies":[{"name":"wp","href":"https:\/\/api.w.org\/{rel}","templated":true}]}}