{"id":63089,"date":"2019-02-28T12:42:30","date_gmt":"2019-02-28T15:42:30","guid":{"rendered":"http:\/\/pdt-rj.org.br\/?p=63089"},"modified":"2019-03-08T18:49:38","modified_gmt":"2019-03-08T21:49:38","slug":"katia-abreu-e-a-parlamentar-mais-influente-do-tocantins","status":"publish","type":"post","link":"https:\/\/pdt-rj.org.br\/index.php\/katia-abreu-e-a-parlamentar-mais-influente-do-tocantins\/","title":{"rendered":"K\u00e1tia Abreu \u00e9 a parlamentar mais influente do Tocantins"},"content":{"rendered":"<p>A senadora K\u00e1tia Abreu (PDT-TO) \u00e9 a parlamentar mais influente do Tocantins nas redes sociais. \u00c9 o que mostra um levantamento do FSBinflu\u00eanciaCongresso, divulgado nesta semana. K\u00e1tia Abreu ocupa o 43\u00ba lugar no ranking nacional. J\u00e1 a bancada do Tocantins, ocupa a 15\u00aa posi\u00e7\u00e3o.<\/p>\n<p>O indicador monitora e mede a repercuss\u00e3o de todos os posts dos congressistas no Facebook e no Twitter e nesta edi\u00e7\u00e3o de 2019 verifica tamb\u00e9m o Instagram.<\/p>\n<p><strong>Metodologia<\/strong><\/p>\n<p>O FSBinflu\u00eanciaCongresso monitorou as publica\u00e7\u00f5es dos deputados federais e senadores de 1\u00ba a 20 de fevereiro. O monitoramento \u00e9 24&#215;7, capturando e analisando o grau de engajamento de todas as publica\u00e7\u00f5es feitas pelos parlamentares no Facebook (apenas p\u00e1ginas p\u00fablicas), no Instagram (apenas perfis oficiais) e no Twitter.<\/p>\n<p>Para se calcular a nota de cada parlamentar e construir o ranking, s\u00e3o levados em considera\u00e7\u00e3o o n\u00famero de seguidores, a quantidade de publica\u00e7\u00f5es, o alcance das publica\u00e7\u00f5es e o engajamento (curtidas, coment\u00e1rios e compartilhamentos) em cada rede social. S\u00e3o aplicados pesos diferentes a cada item, assim como para cada uma das tr\u00eas redes sociais analisadas.<\/p>\n<!-- AddThis Advanced Settings generic via filter on the_content --><!-- AddThis Share Buttons generic via filter on the_content -->","protected":false},"excerpt":{"rendered":"<p>A senadora K\u00e1tia Abreu (PDT-TO) \u00e9 a parlamentar mais influente do Tocantins nas redes sociais. \u00c9 o que mostra um levantamento do FSBinflu\u00eanciaCongresso, divulgado nesta semana. K\u00e1tia Abreu ocupa o 43\u00ba lugar no ranking nacional. J\u00e1 a bancada do Tocantins, ocupa a 15\u00aa posi\u00e7\u00e3o. O indicador monitora e mede a repercuss\u00e3o de todos os posts&#8230;<!-- AddThis Advanced Settings generic via filter on wp_trim_excerpt --><!-- AddThis Share Buttons generic via filter on wp_trim_excerpt --><\/p>\n","protected":false},"author":17,"featured_media":63090,"comment_status":"closed","ping_status":"closed","sticky":false,"template":"","format":"standard","meta":{"_monsterinsights_skip_tracking":false,"_monsterinsights_sitenote_active":false,"_monsterinsights_sitenote_note":"","_monsterinsights_sitenote_category":0,"_uf_show_specific_survey":0,"_uf_disable_surveys":false,"footnotes":""},"categories":[1390],"tags":[3224,2866],"class_list":["post-63089","post","type-post","status-publish","format-standard","has-post-thumbnail","hentry","category-editorias","tag-fsbinfluenciacongresso","tag-katia-abreu"],"acf":[],"_links":{"self":[{"href":"https:\/\/pdt-rj.org.br\/index.php\/wp-json\/wp\/v2\/posts\/63089","targetHints":{"allow":["GET"]}}],"collection":[{"href":"https:\/\/pdt-rj.org.br\/index.php\/wp-json\/wp\/v2\/posts"}],"about":[{"href":"https:\/\/pdt-rj.org.br\/index.php\/wp-json\/wp\/v2\/types\/post"}],"author":[{"embeddable":true,"href":"https:\/\/pdt-rj.org.br\/index.php\/wp-json\/wp\/v2\/users\/17"}],"replies":[{"embeddable":true,"href":"https:\/\/pdt-rj.org.br\/index.php\/wp-json\/wp\/v2\/comments?post=63089"}],"version-history":[{"count":3,"href":"https:\/\/pdt-rj.org.br\/index.php\/wp-json\/wp\/v2\/posts\/63089\/revisions"}],"predecessor-version":[{"id":63116,"href":"https:\/\/pdt-rj.org.br\/index.php\/wp-json\/wp\/v2\/posts\/63089\/revisions\/63116"}],"wp:featuredmedia":[{"embeddable":true,"href":"https:\/\/pdt-rj.org.br\/index.php\/wp-json\/wp\/v2\/media\/63090"}],"wp:attachment":[{"href":"https:\/\/pdt-rj.org.br\/index.php\/wp-json\/wp\/v2\/media?parent=63089"}],"wp:term":[{"taxonomy":"category","embeddable":true,"href":"https:\/\/pdt-rj.org.br\/index.php\/wp-json\/wp\/v2\/categories?post=63089"},{"taxonomy":"post_tag","embeddable":true,"href":"https:\/\/pdt-rj.org.br\/index.php\/wp-json\/wp\/v2\/tags?post=63089"}],"curies":[{"name":"wp","href":"https:\/\/api.w.org\/{rel}","templated":true}]}}