{"id":63040,"date":"2019-02-27T17:48:40","date_gmt":"2019-02-27T20:48:40","guid":{"rendered":"http:\/\/pdt-rj.org.br\/?p=63040"},"modified":"2019-02-27T17:48:43","modified_gmt":"2019-02-27T20:48:43","slug":"premio-nise-da-silveira-de-inclusao-em-saude-mental-e-aprovado-na-camara","status":"publish","type":"post","link":"https:\/\/pdt-rj.org.br\/index.php\/premio-nise-da-silveira-de-inclusao-em-saude-mental-e-aprovado-na-camara\/","title":{"rendered":"Pr\u00eamio Nise da Silveira de Inclus\u00e3o em Sa\u00fade Mental \u00e9 aprovado na C\u00e2mara"},"content":{"rendered":"<p>O Plen\u00e1rio da C\u00e2mara aprovou, nesta ter\u00e7a-feira (26) projeto relatado\u00a0pelo deputado federal Dr. M\u00e1rio Heringer (PDT-MG) que institui o pr\u00eamio Nise da Silveira de Boas Pr\u00e1ticas e Inclus\u00e3o em Sa\u00fade Mental, a ser concedido, anualmente, pela C\u00e2mara dos Deputados a cinco personalidades que se destacarem em a\u00e7\u00f5es de promo\u00e7\u00e3o da sa\u00fade mental. <\/p>\n<p>Em homenagem \u00e0 psiquiatra alagoana, o\u00a0pr\u00eamio promove o reconhecimento e tamb\u00e9m o fomento de quem busca solu\u00e7\u00f5es para tratar de forma humana e solid\u00e1ria quest\u00f5es envolvendo transtornos psiqui\u00e1tricos. Sejam pessoas ou institui\u00e7\u00f5es. P\u00fablicas ou privadas. O projeto \u00e9 de autoria do deputado F\u00e1bio Trad (PSD\/MS).<\/p>\n<p>M\u00e9dico e gestor hospitalar, Dr. M\u00e1rio Heringer ressaltou, em seu relat\u00f3rio favor\u00e1vel ao projeto, que portadores de doen\u00e7as mentais, al\u00e9m de sofrerem preconceito por desconhecimento de seus reais problemas; encontram-se na periferia da\u00a0aten\u00e7\u00e3o \u00e0 sa\u00fade.<\/p>\n<p>\u201cToda a\u00e7\u00e3o voltada \u00e0 inser\u00e7\u00e3o do portador de doen\u00e7a mental deve ser enaltecida. A humaniza\u00e7\u00e3o do tratamento, seja ambulatorial ou de interna\u00e7\u00e3o, \u00e9 necess\u00e1ria e premente, de forma que seja condizente com os direitos reconhecidos a todos nessa situa\u00e7\u00e3o\u201d, defendeu o parlamentar, presidente do PDT de Minas e Segundo-Secret\u00e1rio da C\u00e2mara dos Deputados.<\/p>\n<p>Preocupado em garantir a participa\u00e7\u00e3o democr\u00e1tica, a idoneidade dos candidatos e a transpar\u00eancia na escolha dos vencedores, M\u00e1rio Heringer sugeriu algumas medidas que foram aprovadas em seu relat\u00f3rio, no Plen\u00e1rio.<\/p>\n<p>Entre as medidas sugeridas e aprovadas pelos deputados federais est\u00e1 a obrigatoriedade de que os indicados sejam ficha-limpa, a proibi\u00e7\u00e3o de que sejam indicados servidores p\u00fablicos, membros do Congresso Nacional ou pessoas jur\u00eddicas a eles vinculadas.<\/p>\n<p>Eleito\u00a0Segundo-Secret\u00e1rio\u00a0da Mesa Diretora da C\u00e2mara dos Deputados no in\u00edcio de fevereiro, est\u00e1 sob a responsabilidade do Dr. M\u00e1rio Heringer a gest\u00e3o de est\u00e1gios, passaportes diplom\u00e1ticos e tamb\u00e9m premia\u00e7\u00f5es.<\/p>\n<!-- AddThis Advanced Settings generic via filter on the_content --><!-- AddThis Share Buttons generic via filter on the_content -->","protected":false},"excerpt":{"rendered":"<p>O Plen\u00e1rio da C\u00e2mara aprovou, nesta ter\u00e7a-feira (26) projeto relatado\u00a0pelo deputado federal Dr. M\u00e1rio Heringer (PDT-MG) que institui o pr\u00eamio Nise da Silveira de Boas Pr\u00e1ticas e Inclus\u00e3o em Sa\u00fade Mental, a ser concedido, anualmente, pela C\u00e2mara dos Deputados a cinco personalidades que se destacarem em a\u00e7\u00f5es de promo\u00e7\u00e3o da sa\u00fade mental. Em homenagem \u00e0&#8230;<!-- AddThis Advanced Settings generic via filter on wp_trim_excerpt --><!-- AddThis Share Buttons generic via filter on wp_trim_excerpt --><\/p>\n","protected":false},"author":17,"featured_media":63041,"comment_status":"closed","ping_status":"closed","sticky":false,"template":"","format":"standard","meta":{"_monsterinsights_skip_tracking":false,"_monsterinsights_sitenote_active":false,"_monsterinsights_sitenote_note":"","_monsterinsights_sitenote_category":0,"_uf_show_specific_survey":0,"_uf_disable_surveys":false,"footnotes":""},"categories":[1390,1459],"tags":[],"class_list":["post-63040","post","type-post","status-publish","format-standard","has-post-thumbnail","hentry","category-editorias","category-congresso"],"acf":[],"_links":{"self":[{"href":"https:\/\/pdt-rj.org.br\/index.php\/wp-json\/wp\/v2\/posts\/63040","targetHints":{"allow":["GET"]}}],"collection":[{"href":"https:\/\/pdt-rj.org.br\/index.php\/wp-json\/wp\/v2\/posts"}],"about":[{"href":"https:\/\/pdt-rj.org.br\/index.php\/wp-json\/wp\/v2\/types\/post"}],"author":[{"embeddable":true,"href":"https:\/\/pdt-rj.org.br\/index.php\/wp-json\/wp\/v2\/users\/17"}],"replies":[{"embeddable":true,"href":"https:\/\/pdt-rj.org.br\/index.php\/wp-json\/wp\/v2\/comments?post=63040"}],"version-history":[{"count":2,"href":"https:\/\/pdt-rj.org.br\/index.php\/wp-json\/wp\/v2\/posts\/63040\/revisions"}],"predecessor-version":[{"id":63043,"href":"https:\/\/pdt-rj.org.br\/index.php\/wp-json\/wp\/v2\/posts\/63040\/revisions\/63043"}],"wp:featuredmedia":[{"embeddable":true,"href":"https:\/\/pdt-rj.org.br\/index.php\/wp-json\/wp\/v2\/media\/63041"}],"wp:attachment":[{"href":"https:\/\/pdt-rj.org.br\/index.php\/wp-json\/wp\/v2\/media?parent=63040"}],"wp:term":[{"taxonomy":"category","embeddable":true,"href":"https:\/\/pdt-rj.org.br\/index.php\/wp-json\/wp\/v2\/categories?post=63040"},{"taxonomy":"post_tag","embeddable":true,"href":"https:\/\/pdt-rj.org.br\/index.php\/wp-json\/wp\/v2\/tags?post=63040"}],"curies":[{"name":"wp","href":"https:\/\/api.w.org\/{rel}","templated":true}]}}