{"id":63035,"date":"2019-02-27T15:41:13","date_gmt":"2019-02-27T18:41:13","guid":{"rendered":"http:\/\/pdt-rj.org.br\/?p=63035"},"modified":"2019-02-27T18:43:51","modified_gmt":"2019-02-27T21:43:51","slug":"marcelo-santos-cobra-respostas-da-petrobras-sobre-vazamento-de-oleo-no-espirito-santo","status":"publish","type":"post","link":"https:\/\/pdt-rj.org.br\/index.php\/marcelo-santos-cobra-respostas-da-petrobras-sobre-vazamento-de-oleo-no-espirito-santo\/","title":{"rendered":"Marcelo Santos cobra respostas da Petrobras sobre vazamento de \u00f3leo no Esp\u00edrito Santo"},"content":{"rendered":"<p>Durante a sess\u00e3o dessa ter\u00e7a-feira (26), o deputado estadual Marcelo Santos,&nbsp;presidente da Comiss\u00e3o de Petr\u00f3leo e G\u00e1s da Assembleia Legislativa,&nbsp;cobrou respostas da Petrobras&nbsp;sobre o vazamento de \u00f3leo na plataforma P-58, na regi\u00e3o&nbsp;do&nbsp;Parque das Baleias, localizada a 80 quil\u00f4metros&nbsp;da costa no&nbsp;litoral sul do Esp\u00edrito Santo. <\/p>\n<p>De acordo com o parlamentar, a petrol\u00edfera n\u00e3o se pronunciou sobre o paradeiro do \u00f3leo, que, segundo a mesma, n\u00e3o estaria mais no mar, com respostas vazias e sem comprova\u00e7\u00e3o de resolu\u00e7\u00e3o do caso.<\/p>\n<p>O vazamento ocorreu no \u00faltimo s\u00e1bado (23), durante uma opera\u00e7\u00e3o de transfer\u00eancia de \u00f3leo&nbsp;da plataforma P-58 para o navio&nbsp;aliviador&nbsp;S\u00e3o Sebasti\u00e3o. Ao todo, foram despejados 260 mil litros de \u00f3leo no mar, quantidade suficiente para causar danos graves ao ser humano e as esp\u00e9cies marinhas.<\/p>\n<p>\u201cEstamos falando da terceira maior plataforma do pa\u00eds. Tanto a Petrobras quanto o Ibama informaram que fizeram sobrevoos no local e vistorias&nbsp;<em>in loco&nbsp;<\/em>mas, at\u00e9 agora, n\u00e3o vimos qualquer imagem, foto ou v\u00eddeo do local. Apenas a Petrobras informou estar fazendo uma dispers\u00e3o mec\u00e2nica do \u00f3leo e que este teria desaparecido do mar\u201d, comentou o deputado.<\/p>\n<p>\u201cTodos n\u00f3s sabemos que \u00e1gua e \u00f3leo n\u00e3o se misturam. Como pode uma quantidade dessa ter desaparecido do mar?\u201d, questionou Marcelo.<\/p>\n<p>O deputado questionou a petrol\u00edfera sobre os impactos ocasionados pelo derramamento de \u00f3leo, j\u00e1 que nada foi apresentado at\u00e9 o momento. <\/p>\n<p>\u201cN\u00e3o podemos permitir que o derramamento dessas subst\u00e2ncias fique impune, sem acompanhamento e sem os devidos esclarecimentos. Vamos oficiar o gerente da unidade da Petrobras do estado, cobrando informa\u00e7\u00f5es detalhadas do caso, das a\u00e7\u00f5es tomadas pela estatal e o resultado disso tudo, e j\u00e1 adianto que, a depender do que for apresentado ou se nada for respondido, n\u00e3o hesitaremos em representar no Minist\u00e9rio P\u00fablico Federal para que sejam tomadas as medidas cab\u00edveis\u201d.<\/p>\n<p>Marcelo tamb\u00e9m relembrou o caso do navio-plataforma&nbsp;Cidade de S\u00e3o Mateus&nbsp;que explodiu em 2015, deixando nove pessoas mortas e 26 feridas. Segundo ele, essa trag\u00e9dia poderia ter sido evitada, pois, de acordo com laudos, houve uma sucess\u00e3o de erros decorrentes de falhas t\u00e9cnicas, de procedimentos e de tomada de decis\u00f5es que resultou na explos\u00e3o.<\/p>\n<p>\u201cTemos casos recentes de trag\u00e9dias que poderiam ser evitadas com a\u00e7\u00f5es preventivas de manuten\u00e7\u00e3o com viadutos desabando ou ainda o Terminal de Itaparica interditado, assim como os laudos apontaram no incidente do navio Cidade de S\u00e3o Mateus. N\u00e3o podemos permitir que \u2018acidentes\u2019 sigam acontecendo sem um acompanhamento de toda a sociedade\u201d, finalizou.<\/p>\n<!-- AddThis Advanced Settings generic via filter on the_content --><!-- AddThis Share Buttons generic via filter on the_content -->","protected":false},"excerpt":{"rendered":"<p>Durante a sess\u00e3o dessa ter\u00e7a-feira (26), o deputado estadual Marcelo Santos,&nbsp;presidente da Comiss\u00e3o de Petr\u00f3leo e G\u00e1s da Assembleia Legislativa,&nbsp;cobrou respostas da Petrobras&nbsp;sobre o vazamento de \u00f3leo na plataforma P-58, na regi\u00e3o&nbsp;do&nbsp;Parque das Baleias, localizada a 80 quil\u00f4metros&nbsp;da costa no&nbsp;litoral sul do Esp\u00edrito Santo. De acordo com o parlamentar, a petrol\u00edfera n\u00e3o se pronunciou sobre&#8230;<!-- AddThis Advanced Settings generic via filter on wp_trim_excerpt --><!-- AddThis Share Buttons generic via filter on wp_trim_excerpt --><\/p>\n","protected":false},"author":17,"featured_media":63037,"comment_status":"closed","ping_status":"closed","sticky":false,"template":"","format":"standard","meta":{"_monsterinsights_skip_tracking":false,"_monsterinsights_sitenote_active":false,"_monsterinsights_sitenote_note":"","_monsterinsights_sitenote_category":0,"_uf_show_specific_survey":0,"_uf_disable_surveys":false,"footnotes":""},"categories":[1390,1402],"tags":[],"class_list":["post-63035","post","type-post","status-publish","format-standard","has-post-thumbnail","hentry","category-editorias","category-cidades"],"acf":[],"_links":{"self":[{"href":"https:\/\/pdt-rj.org.br\/index.php\/wp-json\/wp\/v2\/posts\/63035","targetHints":{"allow":["GET"]}}],"collection":[{"href":"https:\/\/pdt-rj.org.br\/index.php\/wp-json\/wp\/v2\/posts"}],"about":[{"href":"https:\/\/pdt-rj.org.br\/index.php\/wp-json\/wp\/v2\/types\/post"}],"author":[{"embeddable":true,"href":"https:\/\/pdt-rj.org.br\/index.php\/wp-json\/wp\/v2\/users\/17"}],"replies":[{"embeddable":true,"href":"https:\/\/pdt-rj.org.br\/index.php\/wp-json\/wp\/v2\/comments?post=63035"}],"version-history":[{"count":4,"href":"https:\/\/pdt-rj.org.br\/index.php\/wp-json\/wp\/v2\/posts\/63035\/revisions"}],"predecessor-version":[{"id":63045,"href":"https:\/\/pdt-rj.org.br\/index.php\/wp-json\/wp\/v2\/posts\/63035\/revisions\/63045"}],"wp:featuredmedia":[{"embeddable":true,"href":"https:\/\/pdt-rj.org.br\/index.php\/wp-json\/wp\/v2\/media\/63037"}],"wp:attachment":[{"href":"https:\/\/pdt-rj.org.br\/index.php\/wp-json\/wp\/v2\/media?parent=63035"}],"wp:term":[{"taxonomy":"category","embeddable":true,"href":"https:\/\/pdt-rj.org.br\/index.php\/wp-json\/wp\/v2\/categories?post=63035"},{"taxonomy":"post_tag","embeddable":true,"href":"https:\/\/pdt-rj.org.br\/index.php\/wp-json\/wp\/v2\/tags?post=63035"}],"curies":[{"name":"wp","href":"https:\/\/api.w.org\/{rel}","templated":true}]}}