{"id":63017,"date":"2019-02-26T18:48:36","date_gmt":"2019-02-26T21:48:36","guid":{"rendered":"http:\/\/pdt-rj.org.br\/?p=63017"},"modified":"2019-03-08T14:05:25","modified_gmt":"2019-03-08T17:05:25","slug":"mulheres-trabalhadores-rurais-e-idosos-pobres-sofrerao-com-a-nova-previdencia-diz-weverton-rocha","status":"publish","type":"post","link":"https:\/\/pdt-rj.org.br\/index.php\/mulheres-trabalhadores-rurais-e-idosos-pobres-sofrerao-com-a-nova-previdencia-diz-weverton-rocha\/","title":{"rendered":"Mulheres, trabalhadores rurais e idosos pobres sofrer\u00e3o com a nova Previd\u00eancia, diz Weverton Rocha"},"content":{"rendered":"<p>O senador Weverton Rocha (PDT-MA) demonstrou preocupa\u00e7\u00e3o com os aspectos da reforma da Previd\u00eancia que tratam das regras de aposentadoria para mulheres e trabalhadores rurais, al\u00e9m do valor previsto para o pagamento do benef\u00edcio da presta\u00e7\u00e3o continuada. <\/p>\n<p>\u201c\u00c9 preciso dialogar desarmado, mas alguns trechos s\u00e3o piores que a reforma enviada por Temer\u201d, afirmou.<\/p>\n<p>Weverton destacou como inaceit\u00e1vel a proposta de aumentar para 70 anos a idade em que os idosos muito pobres recebem um sal\u00e1rio m\u00ednimo no Benef\u00edcio da Presta\u00e7\u00e3o Continuada e de pagar apenas 400 reais no BPC entre os 60 e os 70 anos. E afirmou que o regime de capitaliza\u00e7\u00e3o \u00e9 ruim para os idosos pobres. <\/p>\n<p>&#8220;Estamos decretando, de forma oficial, que a maioria da popula\u00e7\u00e3o idosa do nosso pa\u00eds ser\u00e1 miser\u00e1vel&#8221;, afirmou.<\/p>\n<p>O senador tamb\u00e9m criticou o tempo de contribui\u00e7\u00e3o de 40 anos para atingir a aposentadoria integral e afirmou que as mulheres ser\u00e3o as grandes prejudicadas, porque mesmo com a idade m\u00ednima exigida para aposentadoria menor, elas ter\u00e3o que contribuir pelo mesmo tempo que os homens. \u201cIsso \u00e9 o mesmo que colocar idade m\u00ednima igual para homens e mulheres, o que n\u00e3o \u00e9 justo\u201d, comentou.<\/p>\n<figure class=\"wp-block-embed-youtube wp-block-embed is-type-video is-provider-youtube wp-embed-aspect-16-9 wp-has-aspect-ratio\">\n<div class=\"wp-block-embed__wrapper\">\n<iframe loading=\"lazy\" title=\"Mulheres, trabalhadores rurais e idosos pobres sofrer\u00e3o com a nova Previd\u00eancia, diz Weverton\" width=\"640\" height=\"360\" src=\"https:\/\/www.youtube.com\/embed\/0rgagVwyNRI?feature=oembed\" frameborder=\"0\" allow=\"accelerometer; autoplay; clipboard-write; encrypted-media; gyroscope; picture-in-picture; web-share\" referrerpolicy=\"strict-origin-when-cross-origin\" allowfullscreen><\/iframe>\n<\/div>\n<\/figure>\n<p><strong>Reuni\u00e3o t\u00e9cnica<\/strong><\/p>\n<p>Na segunda-feira (25), Weverton Rocha se reuniu com sua equipe t\u00e9cnica para avaliar a proposta da reforma da Previd\u00eancia enviada pelo presidente Jair Bolsonaro ao Congresso Nacional. Ele afirmou que aguardar\u00e1 para ver qual texto ser\u00e1 enviado da C\u00e2mara para o Senado, mas j\u00e1 estuda apresentar emendas para reduzir o tempo de contribui\u00e7\u00e3o e estabelecer regra de transi\u00e7\u00e3o para mulheres, voltar o pagamento do BPC para as atuais condi\u00e7\u00f5es e retirar a obrigatoriedade de contribui\u00e7\u00e3o anual de 600 reais para os trabalhadores da agriculta familiar.<\/p>\n<p>\u201cN\u00f3s, que somos da oposi\u00e7\u00e3o, queremos ouvir o ministro da Fazenda, Paulo Guedes, e o secret\u00e1rio geral da Previd\u00eancia, Rog\u00e9rio Marinho, e saber deles como v\u00e3o construir os ajustes dessa reforma\u201d, explicou. \u201cMas n\u00e3o aceitaremos que os trabalhadores l\u00e1 da ponta paguem a conta sozinhos.<\/p>\n<!-- AddThis Advanced Settings generic via filter on the_content --><!-- AddThis Share Buttons generic via filter on the_content -->","protected":false},"excerpt":{"rendered":"<p>O senador Weverton Rocha (PDT-MA) demonstrou preocupa\u00e7\u00e3o com os aspectos da reforma da Previd\u00eancia que tratam das regras de aposentadoria para mulheres e trabalhadores rurais, al\u00e9m do valor previsto para o pagamento do benef\u00edcio da presta\u00e7\u00e3o continuada. \u201c\u00c9 preciso dialogar desarmado, mas alguns trechos s\u00e3o piores que a reforma enviada por Temer\u201d, afirmou. Weverton destacou&#8230;<!-- AddThis Advanced Settings generic via filter on wp_trim_excerpt --><!-- AddThis Share Buttons generic via filter on wp_trim_excerpt --><\/p>\n","protected":false},"author":17,"featured_media":63024,"comment_status":"closed","ping_status":"closed","sticky":false,"template":"","format":"standard","meta":{"_monsterinsights_skip_tracking":false,"_monsterinsights_sitenote_active":false,"_monsterinsights_sitenote_note":"","_monsterinsights_sitenote_category":0,"_uf_show_specific_survey":0,"_uf_disable_surveys":false,"footnotes":""},"categories":[1390,1459],"tags":[1773,962],"class_list":["post-63017","post","type-post","status-publish","format-standard","has-post-thumbnail","hentry","category-editorias","category-congresso","tag-reforma-da-previdencia","tag-weverton-rocha"],"acf":[],"_links":{"self":[{"href":"https:\/\/pdt-rj.org.br\/index.php\/wp-json\/wp\/v2\/posts\/63017","targetHints":{"allow":["GET"]}}],"collection":[{"href":"https:\/\/pdt-rj.org.br\/index.php\/wp-json\/wp\/v2\/posts"}],"about":[{"href":"https:\/\/pdt-rj.org.br\/index.php\/wp-json\/wp\/v2\/types\/post"}],"author":[{"embeddable":true,"href":"https:\/\/pdt-rj.org.br\/index.php\/wp-json\/wp\/v2\/users\/17"}],"replies":[{"embeddable":true,"href":"https:\/\/pdt-rj.org.br\/index.php\/wp-json\/wp\/v2\/comments?post=63017"}],"version-history":[{"count":6,"href":"https:\/\/pdt-rj.org.br\/index.php\/wp-json\/wp\/v2\/posts\/63017\/revisions"}],"predecessor-version":[{"id":63102,"href":"https:\/\/pdt-rj.org.br\/index.php\/wp-json\/wp\/v2\/posts\/63017\/revisions\/63102"}],"wp:featuredmedia":[{"embeddable":true,"href":"https:\/\/pdt-rj.org.br\/index.php\/wp-json\/wp\/v2\/media\/63024"}],"wp:attachment":[{"href":"https:\/\/pdt-rj.org.br\/index.php\/wp-json\/wp\/v2\/media?parent=63017"}],"wp:term":[{"taxonomy":"category","embeddable":true,"href":"https:\/\/pdt-rj.org.br\/index.php\/wp-json\/wp\/v2\/categories?post=63017"},{"taxonomy":"post_tag","embeddable":true,"href":"https:\/\/pdt-rj.org.br\/index.php\/wp-json\/wp\/v2\/tags?post=63017"}],"curies":[{"name":"wp","href":"https:\/\/api.w.org\/{rel}","templated":true}]}}