{"id":63000,"date":"2019-02-26T18:27:14","date_gmt":"2019-02-26T21:27:14","guid":{"rendered":"http:\/\/pdt-rj.org.br\/?p=63000"},"modified":"2019-03-08T19:10:08","modified_gmt":"2019-03-08T22:10:08","slug":"militares-estaduais-abandonados-pelos-federais-podem-ser-atropelados-pelo-congresso-na-reforma-da-previdencia","status":"publish","type":"post","link":"https:\/\/pdt-rj.org.br\/index.php\/militares-estaduais-abandonados-pelos-federais-podem-ser-atropelados-pelo-congresso-na-reforma-da-previdencia\/","title":{"rendered":"Militares estaduais abandonados pelos federais podem ser atropelados pelo Congresso na Reforma da Previd\u00eancia"},"content":{"rendered":"<p>Ap\u00f3s a chegada da PEC 06\/2019 na C\u00e2mara dos Deputados, nesta semana, umas das manifesta\u00e7\u00f5es que mais tenho escutado \u00e9 de que \u201c\u00e9 necess\u00e1rio que venha logo a reforma dos militares\u201d.<\/p>\n<p>Ouvi isso de deputado do PSL como o Delegado Waldir, l\u00edder do partido na C\u00e2mara, e da deputada Jandira Feghali do PCdoB, l\u00edder da minoria. Para mim um mau press\u00e1gio.<\/p>\n<p>Primeiro porque o texto da PEC desconstitucionaliza a previd\u00eancia dos militares estaduais, remetendo para Lei Complementar Federal. No entanto, diferentemente das For\u00e7as Armadas, em que a proposta n\u00e3o imp\u00f5e nenhuma mudan\u00e7a nos fundamentos, ou seja, continuar\u00e1 sendo estritamente retributivo, e com direito a regime pr\u00f3prio, nos termos do Artigo 142, \u00a7 3\u00ba Inciso X, para os Militares Estaduais n\u00e3o h\u00e1 nenhuma garantia, sequer do regime pr\u00f3prio, como prev\u00ea hoje o \u00a7 20 do artigo 40, cominado com o 142, \u00a7 3\u00ba Inciso X e 42 \u00a7 1\u00ba.<\/p>\n<p>Para piorar, ainda percebo um grande conflito entre os militares estaduais. Isso porque muito embora o princ\u00edpio constitucional seja o mesmo para os militares estaduais de toda as unidades da federa\u00e7\u00e3o, em que a compet\u00eancia de legislar sobre previd\u00eancia \u00e9 dos respectivos Estados, por iniciativa do Governador do Estado, cada um estabeleceu suas regras.<\/p>\n<p>E neste emaranhado de legisla\u00e7\u00f5es estaduais, temos v\u00e1rias regras de aposentadoria e pens\u00e3o. A t\u00edtulo de exemplo, compuls\u00f3ria por tempo de servi\u00e7o, integralidade e paridade entre ativos e inativos e pens\u00f5es, car\u00e1ter exclusivamente retributivo dos proventos e unidade gestora pr\u00f3pria, em previd\u00eancia, \u00e9 exclusividade de Minas Gerais.<\/p>\n<p>Alguns estados j\u00e1 est\u00e3o na previd\u00eancia complementar; outros j\u00e1 tem contribui\u00e7\u00e3o previdenci\u00e1ria de 14%; outros a compuls\u00f3ria concilia tempo de servi\u00e7o, de posto\/gradua\u00e7\u00e3o com idade; outros j\u00e1 desvincularam a pens\u00e3o dos sal\u00e1rios dos militares, etc.<\/p>\n<p>Da\u00ed uma dificuldade adicional nesse momento no campo pol\u00edtico: definir a melhor estrat\u00e9gia. Lei federal ou estadual.<\/p>\n<p>Eu defendo nesse momento a manuten\u00e7\u00e3o das regras atuais da constitui\u00e7\u00e3o, que mant\u00e9m constitucionalizada o direito ao regime pr\u00f3prio, cujas regras s\u00e3o definidas em lei estadual.<\/p>\n<p>Teremos que conversar muito e r\u00e1pido.<\/p>\n<p>Uma coisa, no entanto, \u00e9 fundamental: se n\u00f3s n\u00e3o nos organizarmos rapidamente seremos engolidos pelos militares federais, pelo sem alma do mercado e pelos pol\u00edticos a seu servi\u00e7o.<\/p>\n<p>Mas, antes de terminar, quero deixar minha posi\u00e7\u00e3o muito s\u00f3lida: sou contra a reforma da previd\u00eancia, por entender que ela prejudica o conjunto dos trabalhadores rurais, da inciativa privada, p\u00fablicos e militares.<\/p>\n<!-- AddThis Advanced Settings generic via filter on the_content --><!-- AddThis Share Buttons generic via filter on the_content -->","protected":false},"excerpt":{"rendered":"<p>Ap\u00f3s a chegada da PEC 06\/2019 na C\u00e2mara dos Deputados, nesta semana, umas das manifesta\u00e7\u00f5es que mais tenho escutado \u00e9 de que \u201c\u00e9 necess\u00e1rio que venha logo a reforma dos militares\u201d. Ouvi isso de deputado do PSL como o Delegado Waldir, l\u00edder do partido na C\u00e2mara, e da deputada Jandira Feghali do PCdoB, l\u00edder da&#8230;<!-- AddThis Advanced Settings generic via filter on wp_trim_excerpt --><!-- AddThis Share Buttons generic via filter on wp_trim_excerpt --><\/p>\n","protected":false},"author":17,"featured_media":63010,"comment_status":"closed","ping_status":"closed","sticky":false,"template":"","format":"standard","meta":{"_monsterinsights_skip_tracking":false,"_monsterinsights_sitenote_active":false,"_monsterinsights_sitenote_note":"","_monsterinsights_sitenote_category":0,"_uf_show_specific_survey":0,"_uf_disable_surveys":false,"footnotes":""},"categories":[1584,1390],"tags":[],"class_list":["post-63000","post","type-post","status-publish","format-standard","has-post-thumbnail","hentry","category-artigos","category-editorias"],"acf":[],"_links":{"self":[{"href":"https:\/\/pdt-rj.org.br\/index.php\/wp-json\/wp\/v2\/posts\/63000","targetHints":{"allow":["GET"]}}],"collection":[{"href":"https:\/\/pdt-rj.org.br\/index.php\/wp-json\/wp\/v2\/posts"}],"about":[{"href":"https:\/\/pdt-rj.org.br\/index.php\/wp-json\/wp\/v2\/types\/post"}],"author":[{"embeddable":true,"href":"https:\/\/pdt-rj.org.br\/index.php\/wp-json\/wp\/v2\/users\/17"}],"replies":[{"embeddable":true,"href":"https:\/\/pdt-rj.org.br\/index.php\/wp-json\/wp\/v2\/comments?post=63000"}],"version-history":[{"count":6,"href":"https:\/\/pdt-rj.org.br\/index.php\/wp-json\/wp\/v2\/posts\/63000\/revisions"}],"predecessor-version":[{"id":63120,"href":"https:\/\/pdt-rj.org.br\/index.php\/wp-json\/wp\/v2\/posts\/63000\/revisions\/63120"}],"wp:featuredmedia":[{"embeddable":true,"href":"https:\/\/pdt-rj.org.br\/index.php\/wp-json\/wp\/v2\/media\/63010"}],"wp:attachment":[{"href":"https:\/\/pdt-rj.org.br\/index.php\/wp-json\/wp\/v2\/media?parent=63000"}],"wp:term":[{"taxonomy":"category","embeddable":true,"href":"https:\/\/pdt-rj.org.br\/index.php\/wp-json\/wp\/v2\/categories?post=63000"},{"taxonomy":"post_tag","embeddable":true,"href":"https:\/\/pdt-rj.org.br\/index.php\/wp-json\/wp\/v2\/tags?post=63000"}],"curies":[{"name":"wp","href":"https:\/\/api.w.org\/{rel}","templated":true}]}}