{"id":62994,"date":"2019-02-26T18:11:18","date_gmt":"2019-02-26T21:11:18","guid":{"rendered":"http:\/\/pdt-rj.org.br\/?p=62994"},"modified":"2019-02-26T18:11:21","modified_gmt":"2019-02-26T21:11:21","slug":"adjuto-afonso-destaca-em-plenario-tabata-amaral-como-exemplo-na-politica-nacional","status":"publish","type":"post","link":"https:\/\/pdt-rj.org.br\/index.php\/adjuto-afonso-destaca-em-plenario-tabata-amaral-como-exemplo-na-politica-nacional\/","title":{"rendered":"Adjuto Afonso destaca, em plen\u00e1rio, Tabata Amaral como exemplo na pol\u00edtica nacional"},"content":{"rendered":"<p> O deputado Adjuto Afonso (PDT- AM) evidenciou nessa segunda-feira (25), no Plen\u00e1rio da Assembleia Legislativa do Amazonas (Aleam), a participa\u00e7\u00e3o da mulher e do jovem na pol\u00edtica brasileira. O parlamentar ressaltou como exemplo a deputada federal Tabata Amaral (PDT-SP), sexta candidata mais votada no estado de S\u00e3o Paulo, com 264.450 votos, nas elei\u00e7\u00f5es de 2018, com apenas 25 anos.<\/p>\n<p>O deputado pediu que fosse veiculado um v\u00eddeo do primeiro pronunciamento da deputada federal. &#8220;\u00c9 muita responsabilidade ser eleita com 25 anos, mas tamb\u00e9m uma grande oportunidade de pela primeira vez poder realmente atuar sobre aquelas pautas que tanto me incomodaram e que tanto me movem&#8221;, diz a parlamentar.\u00a0<\/p>\n<p>O pronunciamento segue com um relato caracter\u00edstico da realidade das cidades brasileiras, mas com um final diferente das manchetes di\u00e1rias nos ve\u00edculos de comunica\u00e7\u00e3o.\u00a0<\/p>\n<p>&#8220;Eu venho da periferia de S\u00e3o Paulo, com muito orgulho, sou filha de cobrador de \u00f4nibus, de bordadeira e diarista. Cheguei aqui porque uma professora com as Olimp\u00edadas de Matem\u00e1tica acreditou que eu tamb\u00e9m poderia estudar. Alguns professores pagaram meu almo\u00e7o, minhas roupas, algumas pessoas me disseram que eu tamb\u00e9m poderia fazer faculdade, mesmo que meus pais n\u00e3o tenham terminado o ensino m\u00e9dio&#8221;, relata a deputada.<\/p>\n<p>Ativista pela educa\u00e7\u00e3o brasileira, ela fala como a educa\u00e7\u00e3o transformou sua vida. &#8220;Eu chego aqui porque eu n\u00e3o s\u00f3 vivi tudo que a educa\u00e7\u00e3o pode fazer com a gente, todo o potencial que ela tem em transformar, mas porque eu tamb\u00e9m vivi o outro lado da desigualdade. Perdi meu pai para as drogas, perdi amigos, vizinhos pra viol\u00eancia e o crime. Me tornei uma ativista n\u00e3o porque parecia interessante, eu fui feita uma ativista, porque eu ouvi a import\u00e2ncia da educa\u00e7\u00e3o, mas eu tamb\u00e9m vi a falta que ela faz, principalmente nas periferias&#8221;, revela a parlamentar.\u00a0 \u00a0 \u00a0 \u00a0<\/p>\n<p> Ainda no ensino m\u00e9dio, Tabata Amaral participou pela primeira vez da Olimp\u00edada Brasileira de Matem\u00e1tica das Escolas P\u00fablicas (OBMEP) e, em 2005, foi medalhista de prata. Seu bom desempenho lhe rendeu uma bolsa de estudos no Col\u00e9gio Etapa, refer\u00eancia nacional em alunos aprovados em exames, como o Enem. Em 2006, conquistou a medalha de outro na OBMEP e nos anos seguintes representou o Brasil em olimp\u00edadas internacionais de qu\u00edmica, astronomia e astrof\u00edsica.<\/p>\n<p>No ano de 2012, a futura parlamentar conseguiu aprova\u00e7\u00e3o em seis universidades dos Estados Unidos (EUA), com oferta de bolsa integral para todas. As universidades foram: Harvard, Yale, Columbia, Princeton, Pensilv\u00e2nia e Caltech, al\u00e9m da aprova\u00e7\u00e3o no vestibular da Universidade de S\u00e3o Paulo (USP).\u00a0\u00a0A deputada federal Tabata \u00e9 formada em Ci\u00eancias Pol\u00edticas e Astrof\u00edsica pela Universidade de Harvard. <\/p>\n<!-- AddThis Advanced Settings generic via filter on the_content --><!-- AddThis Share Buttons generic via filter on the_content -->","protected":false},"excerpt":{"rendered":"<p>O deputado Adjuto Afonso (PDT- AM) evidenciou nessa segunda-feira (25), no Plen\u00e1rio da Assembleia Legislativa do Amazonas (Aleam), a participa\u00e7\u00e3o da mulher e do jovem na pol\u00edtica brasileira. O parlamentar ressaltou como exemplo a deputada federal Tabata Amaral (PDT-SP), sexta candidata mais votada no estado de S\u00e3o Paulo, com 264.450 votos, nas elei\u00e7\u00f5es de 2018,&#8230;<!-- AddThis Advanced Settings generic via filter on wp_trim_excerpt --><!-- AddThis Share Buttons generic via filter on wp_trim_excerpt --><\/p>\n","protected":false},"author":17,"featured_media":63001,"comment_status":"closed","ping_status":"closed","sticky":false,"template":"","format":"standard","meta":{"_monsterinsights_skip_tracking":false,"_monsterinsights_sitenote_active":false,"_monsterinsights_sitenote_note":"","_monsterinsights_sitenote_category":0,"_uf_show_specific_survey":0,"_uf_disable_surveys":false,"footnotes":""},"categories":[1390,1459],"tags":[3221],"class_list":["post-62994","post","type-post","status-publish","format-standard","has-post-thumbnail","hentry","category-editorias","category-congresso","tag-politica-nacional"],"acf":[],"_links":{"self":[{"href":"https:\/\/pdt-rj.org.br\/index.php\/wp-json\/wp\/v2\/posts\/62994","targetHints":{"allow":["GET"]}}],"collection":[{"href":"https:\/\/pdt-rj.org.br\/index.php\/wp-json\/wp\/v2\/posts"}],"about":[{"href":"https:\/\/pdt-rj.org.br\/index.php\/wp-json\/wp\/v2\/types\/post"}],"author":[{"embeddable":true,"href":"https:\/\/pdt-rj.org.br\/index.php\/wp-json\/wp\/v2\/users\/17"}],"replies":[{"embeddable":true,"href":"https:\/\/pdt-rj.org.br\/index.php\/wp-json\/wp\/v2\/comments?post=62994"}],"version-history":[{"count":2,"href":"https:\/\/pdt-rj.org.br\/index.php\/wp-json\/wp\/v2\/posts\/62994\/revisions"}],"predecessor-version":[{"id":63003,"href":"https:\/\/pdt-rj.org.br\/index.php\/wp-json\/wp\/v2\/posts\/62994\/revisions\/63003"}],"wp:featuredmedia":[{"embeddable":true,"href":"https:\/\/pdt-rj.org.br\/index.php\/wp-json\/wp\/v2\/media\/63001"}],"wp:attachment":[{"href":"https:\/\/pdt-rj.org.br\/index.php\/wp-json\/wp\/v2\/media?parent=62994"}],"wp:term":[{"taxonomy":"category","embeddable":true,"href":"https:\/\/pdt-rj.org.br\/index.php\/wp-json\/wp\/v2\/categories?post=62994"},{"taxonomy":"post_tag","embeddable":true,"href":"https:\/\/pdt-rj.org.br\/index.php\/wp-json\/wp\/v2\/tags?post=62994"}],"curies":[{"name":"wp","href":"https:\/\/api.w.org\/{rel}","templated":true}]}}