{"id":62935,"date":"2019-02-25T17:44:21","date_gmt":"2019-02-25T20:44:21","guid":{"rendered":"http:\/\/pdt-rj.org.br\/?p=62935"},"modified":"2019-02-25T18:34:46","modified_gmt":"2019-02-25T21:34:46","slug":"62935","status":"publish","type":"post","link":"https:\/\/pdt-rj.org.br\/index.php\/62935\/","title":{"rendered":"Funda\u00e7\u00e3o inicia ciclo de debates sobre 25 anos do direito de resposta de Brizola \u00e0 TV Globo"},"content":{"rendered":"<p>A Funda\u00e7\u00e3o Leonel Brizola &#8211; Alberto Pasqualini do Rio de Janeiro  (FLB-AP RJ)  iniciou, na \u00faltima quinta-feira (21), em sua sede, no Rio, um ciclo de debates  para 2019 com o tema: &#8220;25 anos do Direito de Resposta e Reforma da M\u00eddia&#8221;. No evento, estiveram presentes os jornalistas Fernando Brito, Osvaldo Maneschy e Miguel do Ros\u00e1rio do site pol\u00edtico &#8220;O cafezinho&#8221;. O debate foi mediado por Everton Gomes, vice-presidente da FLB-AP (RJ) e Fernando Medon\u00e7a da p\u00e1gina Cir\u00e3o Carioca, no Facebook. <\/p>\n<p>Na ocasi\u00e3o, Osvaldo Maneschy, um dos debatedores do evento, destacou caracter\u00edsticas importantes de Brizola na sua trajet\u00f3ria. <\/p>\n<p>&#8221; N\u00e3o foi milagre Brizola ter sa\u00eddo do nada na primeira pesquisa de inten\u00e7\u00e3o de votos para Governador e ter ganhado a elei\u00e7\u00e3o;mas, sim, o exerc\u00edcio pr\u00e1tico de priorizar a comunica\u00e7\u00e3o e n\u00e3o ceder jamais. Brizola era de f\u00e1cil entendimento, gostava de falar e tinha uma vis\u00e3o al\u00e9m do seu tempo. Em seus discursos, passava para o pov\u00e3o a sua obstina\u00e7\u00e3o em defender o certo. Brizola era incorrupt\u00edvel \u2013 e isso os Marinho n\u00e3o podiam admitir. Assim, declaram guerra atrav\u00e9s de seus editoriais\u201d, afirmou.<\/p>\n<p>Fernando Brito, editor do blog &#8220;Tijola\u00e7o&#8221;, descreveu em sua fala, o momento exato de quando assistiu Cid Moreira ler o direito de resposta. <\/p>\n<p>\u201cAssistir ao Cid Moreira ler o direito de resposta no hor\u00e1rio nobre foi uma das melhores sensa\u00e7\u00f5es da minha vida. O telejornal porta-voz da ditadura foi obrigado a ceder o espa\u00e7o para aquele seu chefetinha nomeado inimigo p\u00fablico n\u00famero um. Quando soubemos que iria ser lido, n\u00e3o sab\u00edamos o que fazer: era uma loucura. Para ter ideia, n\u00e3o t\u00ednhamos nem como gravar&#8221;, disse.<\/p>\n<p>J\u00e1 o jornalista Miguel do Ros\u00e1rio, disse que o epis\u00f3dio \u00e9 um exemplo a ser seguido pelos profissionais que se dedicam a combater  o que ele define por jornalismo hegem\u00f4nico \u2013patrocinado por grupos financeiros, que tende a influenciar a opini\u00e3o p\u00fablica seus interesses. <\/p>\n<p> \u201cSe analisarmos o caso direito de respostas, vamos entender como a comunica\u00e7\u00e3o da esquerda deve ser feita. Hoje, nos deparamos com diversos setores se comunicando de forma ineficiente. Um bom exemplo s\u00e3o os sindicatos: os quadros que comandam a comunica\u00e7\u00e3o n\u00e3o t\u00eam qualquer tipo de estrat\u00e9gia. Est\u00e3o mais preocupados na qualidade do jornal. S\u00e3o jornais feitos em papel couch\u00ea! Enquanto cada um ficar na sua bolha, n\u00f3s seremos derrotados\u201d. <\/p>\n<p>Ao final do debate, Everton Gomes agradeceu aos convidados e formalizou um convite, em nome da Funda\u00e7\u00e3o, para que este tema seja levado para al\u00e9m dos &#8220;muros do partido&#8221;. <\/p>\n<p style=\"text-align:left\">\u201cEm nome da FLB-AP Rio de Janeiro, quero agradecer os esclarecimentos e an\u00e1lise do momento que foi o direito de resposta e suas consequ\u00eancias para a comunica\u00e7\u00e3o pol\u00edtica. Quero, tamb\u00e9m, j\u00e1 iniciando a mudan\u00e7a na forma com que a nossa Funda\u00e7\u00e3o faz sua comunica\u00e7\u00e3o, fazer um convite formal a voc\u00eas para que possamos levar esta hist\u00f3ria e seus desdobramentos, t\u00e3o necess\u00e1rios, para outros locais\u201d, concluiu.<\/p>\n<p><a href=\"http:\/\/pdt-rj.org.br\/index.php\/brizola-contra-rede-globo-23-anos-de-uma-vitoria-epica\/\">Assista aqui o direito de resposta de Brizola<\/a><\/p>\n<!-- AddThis Advanced Settings generic via filter on the_content --><!-- AddThis Share Buttons generic via filter on the_content -->","protected":false},"excerpt":{"rendered":"<p>A Funda\u00e7\u00e3o Leonel Brizola &#8211; Alberto Pasqualini do Rio de Janeiro (FLB-AP RJ) iniciou, na \u00faltima quinta-feira (21), em sua sede, no Rio, um ciclo de debates para 2019 com o tema: &#8220;25 anos do Direito de Resposta e Reforma da M\u00eddia&#8221;. No evento, estiveram presentes os jornalistas Fernando Brito, Osvaldo Maneschy e Miguel do&#8230;<!-- AddThis Advanced Settings generic via filter on wp_trim_excerpt --><!-- AddThis Share Buttons generic via filter on wp_trim_excerpt --><\/p>\n","protected":false},"author":17,"featured_media":62936,"comment_status":"closed","ping_status":"closed","sticky":false,"template":"","format":"standard","meta":{"_monsterinsights_skip_tracking":false,"_monsterinsights_sitenote_active":false,"_monsterinsights_sitenote_note":"","_monsterinsights_sitenote_category":0,"_uf_show_specific_survey":0,"_uf_disable_surveys":false,"footnotes":""},"categories":[1390,1402],"tags":[],"class_list":["post-62935","post","type-post","status-publish","format-standard","has-post-thumbnail","hentry","category-editorias","category-cidades"],"acf":[],"_links":{"self":[{"href":"https:\/\/pdt-rj.org.br\/index.php\/wp-json\/wp\/v2\/posts\/62935","targetHints":{"allow":["GET"]}}],"collection":[{"href":"https:\/\/pdt-rj.org.br\/index.php\/wp-json\/wp\/v2\/posts"}],"about":[{"href":"https:\/\/pdt-rj.org.br\/index.php\/wp-json\/wp\/v2\/types\/post"}],"author":[{"embeddable":true,"href":"https:\/\/pdt-rj.org.br\/index.php\/wp-json\/wp\/v2\/users\/17"}],"replies":[{"embeddable":true,"href":"https:\/\/pdt-rj.org.br\/index.php\/wp-json\/wp\/v2\/comments?post=62935"}],"version-history":[{"count":8,"href":"https:\/\/pdt-rj.org.br\/index.php\/wp-json\/wp\/v2\/posts\/62935\/revisions"}],"predecessor-version":[{"id":62959,"href":"https:\/\/pdt-rj.org.br\/index.php\/wp-json\/wp\/v2\/posts\/62935\/revisions\/62959"}],"wp:featuredmedia":[{"embeddable":true,"href":"https:\/\/pdt-rj.org.br\/index.php\/wp-json\/wp\/v2\/media\/62936"}],"wp:attachment":[{"href":"https:\/\/pdt-rj.org.br\/index.php\/wp-json\/wp\/v2\/media?parent=62935"}],"wp:term":[{"taxonomy":"category","embeddable":true,"href":"https:\/\/pdt-rj.org.br\/index.php\/wp-json\/wp\/v2\/categories?post=62935"},{"taxonomy":"post_tag","embeddable":true,"href":"https:\/\/pdt-rj.org.br\/index.php\/wp-json\/wp\/v2\/tags?post=62935"}],"curies":[{"name":"wp","href":"https:\/\/api.w.org\/{rel}","templated":true}]}}