{"id":62869,"date":"2019-02-21T17:01:04","date_gmt":"2019-02-21T20:01:04","guid":{"rendered":"http:\/\/pdt-rj.org.br\/?p=62869"},"modified":"2019-03-02T14:17:58","modified_gmt":"2019-03-02T17:17:58","slug":"reforma-da-previdencia-pdt-considera-texto-confuso-e-injusto-para-os-trabalhadores","status":"publish","type":"post","link":"https:\/\/pdt-rj.org.br\/index.php\/reforma-da-previdencia-pdt-considera-texto-confuso-e-injusto-para-os-trabalhadores\/","title":{"rendered":"Reforma da Previd\u00eancia: PDT considera texto confuso e injusto para os trabalhadores"},"content":{"rendered":"<p>A bancada do PDT na C\u00e2mara declara sua total rejei\u00e7\u00e3o \u00e0 proposta de Reforma da Previd\u00eancia apresentada pelo Governo nessa quarta-feira (20) e anuncia que vai oferecer resist\u00eancia \u00e0 aprova\u00e7\u00e3o do texto. Entre os pontos da proposta considerados graves pelos deputados pedetistas, est\u00e1 a chamada \u201cdesconstitucionaliza\u00e7\u00e3o\u201d da mat\u00e9ria, que passa a poder ser regulamentada por meio de lei complementar, sujeita a menor qu\u00f3rum de aprova\u00e7\u00e3o no Congresso.<\/p>\n<p>Para o l\u00edder pedetista, deputado Andr\u00e9 Figueiredo, o texto \u00e9 confuso e injusto para os trabalhadores que j\u00e1 est\u00e3o em atividade. Segundo o parlamentar, a idade m\u00ednima para a aposentadoria de 62 anos para as mulheres e 65 para os homens \u00e9 uma fal\u00e1cia, j\u00e1 que, na pr\u00e1tica, ser\u00e1 preciso ter 40 anos de contribui\u00e7\u00e3o para n\u00e3o haver perdas no valor do benef\u00edcio. <\/p>\n<p>\u201cA grande maioria dos trabalhadores, al\u00e9m de precisarem trabalhar mais tempo, v\u00e3o ter uma grande redu\u00e7\u00e3o na aposentadoria\u201d, adverte.<\/p>\n<p>Outro ponto da proposta rejeitado pelos deputados do PDT \u00e9 a redu\u00e7\u00e3o do valor do Benef\u00edcio de Presta\u00e7\u00e3o Continuada (BPC), que passa a ser de R$ 400,00 para idosos com idades entre 60 e 69 anos. Pelas novas regras, apenas os maiores de 70 anos em condi\u00e7\u00e3o de miserabilidade ter\u00e3o direito ao benef\u00edcio no valor de um sal\u00e1rio m\u00ednimo (R$ 998,00). Para Andr\u00e9 Figueiredo, a reforma vai gerar uma \u201clegi\u00e3o de idosos sem direitos\u201d.<\/p>\n<p>Entre as mudan\u00e7as que desagradam a bancada, tamb\u00e9m est\u00e3o o corte no valor das pens\u00f5es por morte, que pode chegar a 40%, o endurecimento excessivo das regras para professores e trabalhadores rurais e a omiss\u00e3o, no texto, quanto \u00e0 contribui\u00e7\u00e3o patronal no regime de capitaliza\u00e7\u00e3o. <\/p>\n<p>\u201cN\u00e3o somos contra discutir a reforma da previd\u00eancia, mas vamos exigir que a comiss\u00e3o especial ou\u00e7a os especialistas e os diversos segmentos da sociedade. Vamos mobilizar as ruas e os movimentos sociais\u201d, afirma Andr\u00e9 Figueiredo.<\/p>\n<!-- AddThis Advanced Settings generic via filter on the_content --><!-- AddThis Share Buttons generic via filter on the_content -->","protected":false},"excerpt":{"rendered":"<p>A bancada do PDT na C\u00e2mara declara sua total rejei\u00e7\u00e3o \u00e0 proposta de Reforma da Previd\u00eancia apresentada pelo Governo nessa quarta-feira (20) e anuncia que vai oferecer resist\u00eancia \u00e0 aprova\u00e7\u00e3o do texto. Entre os pontos da proposta considerados graves pelos deputados pedetistas, est\u00e1 a chamada \u201cdesconstitucionaliza\u00e7\u00e3o\u201d da mat\u00e9ria, que passa a poder ser regulamentada por&#8230;<!-- AddThis Advanced Settings generic via filter on wp_trim_excerpt --><!-- AddThis Share Buttons generic via filter on wp_trim_excerpt --><\/p>\n","protected":false},"author":17,"featured_media":62871,"comment_status":"closed","ping_status":"closed","sticky":false,"template":"","format":"standard","meta":{"_monsterinsights_skip_tracking":false,"_monsterinsights_sitenote_active":false,"_monsterinsights_sitenote_note":"","_monsterinsights_sitenote_category":0,"_uf_show_specific_survey":0,"_uf_disable_surveys":false,"footnotes":""},"categories":[1390,1459],"tags":[34,1773],"class_list":["post-62869","post","type-post","status-publish","format-standard","has-post-thumbnail","hentry","category-editorias","category-congresso","tag-andre-figueiredo","tag-reforma-da-previdencia"],"acf":[],"_links":{"self":[{"href":"https:\/\/pdt-rj.org.br\/index.php\/wp-json\/wp\/v2\/posts\/62869","targetHints":{"allow":["GET"]}}],"collection":[{"href":"https:\/\/pdt-rj.org.br\/index.php\/wp-json\/wp\/v2\/posts"}],"about":[{"href":"https:\/\/pdt-rj.org.br\/index.php\/wp-json\/wp\/v2\/types\/post"}],"author":[{"embeddable":true,"href":"https:\/\/pdt-rj.org.br\/index.php\/wp-json\/wp\/v2\/users\/17"}],"replies":[{"embeddable":true,"href":"https:\/\/pdt-rj.org.br\/index.php\/wp-json\/wp\/v2\/comments?post=62869"}],"version-history":[{"count":5,"href":"https:\/\/pdt-rj.org.br\/index.php\/wp-json\/wp\/v2\/posts\/62869\/revisions"}],"predecessor-version":[{"id":63073,"href":"https:\/\/pdt-rj.org.br\/index.php\/wp-json\/wp\/v2\/posts\/62869\/revisions\/63073"}],"wp:featuredmedia":[{"embeddable":true,"href":"https:\/\/pdt-rj.org.br\/index.php\/wp-json\/wp\/v2\/media\/62871"}],"wp:attachment":[{"href":"https:\/\/pdt-rj.org.br\/index.php\/wp-json\/wp\/v2\/media?parent=62869"}],"wp:term":[{"taxonomy":"category","embeddable":true,"href":"https:\/\/pdt-rj.org.br\/index.php\/wp-json\/wp\/v2\/categories?post=62869"},{"taxonomy":"post_tag","embeddable":true,"href":"https:\/\/pdt-rj.org.br\/index.php\/wp-json\/wp\/v2\/tags?post=62869"}],"curies":[{"name":"wp","href":"https:\/\/api.w.org\/{rel}","templated":true}]}}