{"id":62861,"date":"2019-02-21T14:56:49","date_gmt":"2019-02-21T17:56:49","guid":{"rendered":"http:\/\/pdt-rj.org.br\/?p=62861"},"modified":"2019-02-21T14:56:54","modified_gmt":"2019-02-21T17:56:54","slug":"roberto-claudio-anuncia-investimentos-direcionados-a-juventude-para-2019-e-2020","status":"publish","type":"post","link":"https:\/\/pdt-rj.org.br\/index.php\/roberto-claudio-anuncia-investimentos-direcionados-a-juventude-para-2019-e-2020\/","title":{"rendered":"Roberto Cl\u00e1udio anuncia investimentos direcionados \u00e0 juventude para 2019 e 2020"},"content":{"rendered":"<p>O prefeito Roberto Cl\u00e1udio (PDT-CE) anunciou, nessa quarta-feira (20), novos investimentos intersetoriais e dirigidos que garantem, al\u00e9m de oportunidades, protagonismo ao jovem fortalezense.  <br \/>A iniciativa, que faz parte das atividades alusivas aos cinco anos da Rede Cuca, foi divulgada durante reuni\u00e3o do Comit\u00ea Executivo Municipal pela Preven\u00e7\u00e3o de Homic\u00eddios na Adolesc\u00eancia, realizada no Cuca Barra.  <\/p>\n<p>Dentre as diretrizes contempladas, destacam-se a\u00e7\u00f5es voltadas ao esporte, \u00e0 cultura, ao lazer, \u00e0 educa\u00e7\u00e3o e \u00e0 qualifica\u00e7\u00e3o profissional. Para a finalidade, ser\u00e3o investidos, ao longo dos \u00faltimos dois anos da atual gest\u00e3o, recursos da ordem de R$ 250 milh\u00f5es. <\/p>\n<p>\u201cEssa linha de financiamento, conseguida junto ao Banco Interamericano de Desenvolvimento (BID), com contrapartida de recursos pr\u00f3prios, possibilitar\u00e1 interven\u00e7\u00f5es em infraestrutura e em novas pol\u00edticas p\u00fablicas. Ser\u00e3o entregues tr\u00eas novos Cucas, 2 CEUs e 11 Areninhas. Al\u00e9m disso, ser\u00e3o expandidas oportunidades oferecidas pela Rede Cuca, que celebra seus cinco anos, como o Academia Enem, o Juventude Sem Fronteiras, e diversas novas iniciativas\u201d, adiantou o prefeito, celebrando a primeira posi\u00e7\u00e3o ocupada por Fortaleza dentre as capitais que mais investem em pol\u00edticas de juventude.<\/p>\n<p>Durante o evento, Roberto Cl\u00e1udio, acompanhado pelo coordenador Especial de Pol\u00edticas P\u00fablicas de Juventude de Fortaleza, J\u00falio Brizzi, anunciou uma s\u00e9rie de novidades. Dentre elas, o lan\u00e7amento de editais, previstos para esta quinta-feira (21), capazes de fomentar a lideran\u00e7a, a cidadania e os direitos humanos, o protagonismo juvenil, o empreendedorismo e o fortalecimento das manifesta\u00e7\u00f5es art\u00edsticas, esportivas e culturais.<\/p>\n<p>\u201cO mais importante \u00e9 olhar no olho do jovem e oferecer a ele a capacidade de sonhar, apontar caminhos, alternativas, construir itiner\u00e1rios de vida. Expandir a Rede Cuca \u00e9 expandir o universo de jovens positivamente impactados. Essas a\u00e7\u00f5es precisam ser mantidas e continuadas. Nosso compromisso \u00e9 criar uma pol\u00edtica de editais e novos programas que possam permanecer na agenda p\u00fablica municipal\u201d, afirmou.<\/p>\n<p>Denominada Lideran\u00e7a Sem Fronteiras, a primeira iniciativa a ser lan\u00e7ada nesta quinta-feira (21), oferecer\u00e1 curso, com dura\u00e7\u00e3o de seis semanas, envolvendo no\u00e7\u00f5es de lideran\u00e7a e atividades de voluntariado juvenil, desenvolvidas por Organiza\u00e7\u00f5es N\u00e3o Governamentais (ONGs), escolas e entidades sem fins lucrativos em quatro pa\u00edses da Am\u00e9rica Latina: Argentina, Chile, Col\u00f4mbia e Peru. Ser\u00e3o at\u00e9 160 vagas para jovens com comprovada atua\u00e7\u00e3o.<\/p>\n<p>J\u00e1 o Programa Bolsa Jovem objetiva selecionar 580 jovens e formar um cadastro de reserva composto por pessoas de 15 a 29 anos completos durante o prazo de vig\u00eancia da bolsa, para garantir condi\u00e7\u00f5es de participa\u00e7\u00e3o cont\u00ednua em programas art\u00edsticos, esportivos e culturais por meio da concess\u00e3o de benef\u00edcio financeiro.<\/p>\n<p>Visando ao fortalecimento do empreendedorismo entre os jovens, a Prefeitura de Fortaleza, por meio de sele\u00e7\u00e3o p\u00fablica simplificada, regularmente apoiada por edital, contemplar\u00e1 jovens de 18 a 29 anos, residentes em Fortaleza, e oferecer\u00e1 apoio financeiro a potenciais projetos de startup para a valoriza\u00e7\u00e3o e o incentivo a projetos que possam vir a se tornar empresas emergentes de base tecnol\u00f3gica, ainda em est\u00e1gio de prot\u00f3tipo.<\/p>\n<p>Para a finalidade, a prefeitura destinar\u00e1 at\u00e9 R$ 300 mil, oriundos do Contrato de Empr\u00e9stimo do Banco Interamericano de Desenvolvimento, o qual financiar\u00e1 no m\u00ednimo dez projetos de startup com valor m\u00e1ximo de R$ 30 mil cada.<\/p>\n<p>\u201c\u00c9 um grande esfor\u00e7o. Nosso objetivo \u00e9 colocar o jovem como protagonista do desenvolvimento da Cidade, fortalecendo a inser\u00e7\u00e3o, investindo em oportunidades e conquistando uma Fortaleza mais justa, mais segura e mais desenvolvida\u201d, considerou J\u00falio Brizzi, acrescentando a relev\u00e2ncia das atividades desenvolvidas pelo Comit\u00ea de Preven\u00e7\u00e3o aos Homic\u00eddios na Adolesc\u00eancia, cujas reuni\u00f5es peri\u00f3dicas fortalecem estudos, an\u00e1lises e elabora\u00e7\u00e3o estrat\u00e9gica de planos que transformem a realidade das \u00e1reas mais vulner\u00e1veis da Cidade.<\/p>\n<p><strong>Sobre a Rede Cuca<\/strong><br \/>A Rede Cuca \u00e9 uma rede de prote\u00e7\u00e3o social e oportunidade formada por tr\u00eas Centros Urbanos de Cultura, Arte, Ci\u00eancia e Esporte (Cucas), mantidos pela Prefeitura de Fortaleza, por meio da Coordenadoria Especial de Pol\u00edticas P\u00fablicas de Juventude.<\/p>\n<p>Os equipamentos localizados nos bairros Mondubim, Jangurussu e Barra do Cear\u00e1 atendem, prioritariamente, jovens de 15 a 29 anos, oferecendo cursos, pr\u00e1ticas esportivas, difus\u00e3o cultural, forma\u00e7\u00f5es e produ\u00e7\u00f5es na \u00e1rea de comunica\u00e7\u00e3o e atividades que fortalecem o protagonismo juvenil e realizam a promo\u00e7\u00e3o e garantia de direitos humanos.<\/p>\n<p>Nestes cinco anos, a Prefeitura de Fortaleza bateu recordes de investimento na Rede Cuca, o que resultou, na disponibiliza\u00e7\u00e3o de mais de cinco mil vagas mensais em cursos de forma\u00e7\u00e3o nas \u00e1reas de audiovisual, dan\u00e7a, teatro, m\u00fasica, inform\u00e1tica, libras, fotografia, ingl\u00eas, e em 27 modalidades de pr\u00e1ticas esportivas.<\/p>\n<p><strong>Rede Cuca em n\u00fameros<\/strong><br \/>De 2013 a 2018, 1.073.609 atendimentos foram realizados. No mesmo per\u00edodo, o investimento acumulado re\u00fane recursos da ordem de 142.212.627,05 (cento e quarenta e dois milh\u00f5es, duzentos e doze mil, seiscentos e vinte e sete reais e cinco centavos).<\/p>\n<p>J\u00e1 o valor estimado a ser investido em Juventude nos anos de 2019 e 2020 supera os R$ 250 milh\u00f5es. Iniciativa comprova a aten\u00e7\u00e3o priorit\u00e1ria da gest\u00e3o municipal em pol\u00edticas dessa magnitude.<\/p>\n<!-- AddThis Advanced Settings generic via filter on the_content --><!-- AddThis Share Buttons generic via filter on the_content -->","protected":false},"excerpt":{"rendered":"<p>O prefeito Roberto Cl\u00e1udio (PDT-CE) anunciou, nessa quarta-feira (20), novos investimentos intersetoriais e dirigidos que garantem, al\u00e9m de oportunidades, protagonismo ao jovem fortalezense. A iniciativa, que faz parte das atividades alusivas aos cinco anos da Rede Cuca, foi divulgada durante reuni\u00e3o do Comit\u00ea Executivo Municipal pela Preven\u00e7\u00e3o de Homic\u00eddios na Adolesc\u00eancia, realizada no Cuca Barra&#8230;.<!-- AddThis Advanced Settings generic via filter on wp_trim_excerpt --><!-- AddThis Share Buttons generic via filter on wp_trim_excerpt --><\/p>\n","protected":false},"author":17,"featured_media":62862,"comment_status":"closed","ping_status":"closed","sticky":false,"template":"","format":"standard","meta":{"_monsterinsights_skip_tracking":false,"_monsterinsights_sitenote_active":false,"_monsterinsights_sitenote_note":"","_monsterinsights_sitenote_category":0,"_uf_show_specific_survey":0,"_uf_disable_surveys":false,"footnotes":""},"categories":[1390,1402],"tags":[54,2275,3214,745,3212],"class_list":["post-62861","post","type-post","status-publish","format-standard","has-post-thumbnail","hentry","category-editorias","category-cidades","tag-direitos-humanos","tag-empreendedorismo","tag-manifestacoes-artisticas","tag-politicas-publicas","tag-protagonismo-juvenil"],"acf":[],"_links":{"self":[{"href":"https:\/\/pdt-rj.org.br\/index.php\/wp-json\/wp\/v2\/posts\/62861","targetHints":{"allow":["GET"]}}],"collection":[{"href":"https:\/\/pdt-rj.org.br\/index.php\/wp-json\/wp\/v2\/posts"}],"about":[{"href":"https:\/\/pdt-rj.org.br\/index.php\/wp-json\/wp\/v2\/types\/post"}],"author":[{"embeddable":true,"href":"https:\/\/pdt-rj.org.br\/index.php\/wp-json\/wp\/v2\/users\/17"}],"replies":[{"embeddable":true,"href":"https:\/\/pdt-rj.org.br\/index.php\/wp-json\/wp\/v2\/comments?post=62861"}],"version-history":[{"count":2,"href":"https:\/\/pdt-rj.org.br\/index.php\/wp-json\/wp\/v2\/posts\/62861\/revisions"}],"predecessor-version":[{"id":62864,"href":"https:\/\/pdt-rj.org.br\/index.php\/wp-json\/wp\/v2\/posts\/62861\/revisions\/62864"}],"wp:featuredmedia":[{"embeddable":true,"href":"https:\/\/pdt-rj.org.br\/index.php\/wp-json\/wp\/v2\/media\/62862"}],"wp:attachment":[{"href":"https:\/\/pdt-rj.org.br\/index.php\/wp-json\/wp\/v2\/media?parent=62861"}],"wp:term":[{"taxonomy":"category","embeddable":true,"href":"https:\/\/pdt-rj.org.br\/index.php\/wp-json\/wp\/v2\/categories?post=62861"},{"taxonomy":"post_tag","embeddable":true,"href":"https:\/\/pdt-rj.org.br\/index.php\/wp-json\/wp\/v2\/tags?post=62861"}],"curies":[{"name":"wp","href":"https:\/\/api.w.org\/{rel}","templated":true}]}}