{"id":62847,"date":"2019-02-20T17:06:51","date_gmt":"2019-02-20T20:06:51","guid":{"rendered":"http:\/\/pdt-rj.org.br\/?p=62847"},"modified":"2019-02-26T19:08:24","modified_gmt":"2019-02-26T22:08:24","slug":"weverton-rocha-diz-que-reforma-da-previdencia-nao-pode-penalizar-quem-esta-na-ponta","status":"publish","type":"post","link":"https:\/\/pdt-rj.org.br\/index.php\/weverton-rocha-diz-que-reforma-da-previdencia-nao-pode-penalizar-quem-esta-na-ponta\/","title":{"rendered":"Weverton Rocha diz que reforma da Previd\u00eancia n\u00e3o pode penalizar quem est\u00e1 na ponta"},"content":{"rendered":"<p>O l\u00edder do PDT no Senado, senador Weverton Rocha, afirmou que lutar\u00e1 ara que a reforma da Previd\u00eancia, encaminhada ao Congresso nesta quarta-feira (20), leve em conta as diferen\u00e7as regionais e encontre um formato em que cada um seja chamado a colaborar de acordo com sua capacidade contributiva. <\/p>\n<p>\u201cEssa reforma n\u00e3o pode ser complexa ao ponto de serem criadas f\u00f3rmulas que n\u00e3o possam ser decifradas e, amanh\u00e3, a mulher, o trabalhador rural, o professor, a professora possam ser penalizados por um sistema que s\u00f3 favorece quem est\u00e1 em cima na cadeia econ\u00f4mica\u201d, defendeu.<\/p>\n<p>Weverton disse que ainda espera o projeto para definir quais emendas pretende apresentar, mas conclamou os companheiros de parlamento a n\u00e3o permitirem que o tema Previd\u00eancia seja desconstitucionalizado. <\/p>\n<p>\u201cAssim toda reforma que precisar ser feita poder\u00e1 ser amplamente discutida para que seja uma reforma de Estado e n\u00e3o de um governo\u201d, explicou.<\/p>\n<p>Em um discurso no Plen\u00e1rio, aparteado pelos senadores Rose de Freitas (PODE-ES), Marcos Rogeio (DEM-RO) e Eduardo Gir\u00e3o (PODE-CCE), Weverton cobrou que o governo n\u00e3o coloque toda a carga do equil\u00edbrio da Previd\u00eancia apenas no trabalhador. <\/p>\n<p>\u201c\u00c9 preciso cobrar os grandes devedores e parar de retirar recursos da Previd\u00eancia para pagar a d\u00edvida. S\u00f3 ent\u00e3o vamos saber qual \u00e9 realmente o d\u00e9ficit\u201d. E criticou duramente o modelo da economia brasileira que vem beneficiando os especuladores e n\u00e3o aos que produzem.<\/p>\n<p>Mais cedo, Weverton participou de um semin\u00e1rio realizado pelo PDT e mediado pelo presidente da legenda, Carlos Lupi, para debater a reforma da Previd\u00eancia, com a presen\u00e7a do ex-candidato do partido \u00e0 Presid\u00eancia, Ciro Gomes, do l\u00edder na C\u00e2mara, Andr\u00e9 Figueiredo, al\u00e9m de deputados e senadores, militantes e t\u00e9cnicos. No evento, o deputado federal Mauro Benevides, professor, doutor em economia e ex-coordenador da campanha de Ciro, fez uma exposi\u00e7\u00e3o t\u00e9cnica sobre o tema.<\/p>\n<!-- AddThis Advanced Settings generic via filter on the_content --><!-- AddThis Share Buttons generic via filter on the_content -->","protected":false},"excerpt":{"rendered":"<p>O l\u00edder do PDT no Senado, senador Weverton Rocha, afirmou que lutar\u00e1 ara que a reforma da Previd\u00eancia, encaminhada ao Congresso nesta quarta-feira (20), leve em conta as diferen\u00e7as regionais e encontre um formato em que cada um seja chamado a colaborar de acordo com sua capacidade contributiva. \u201cEssa reforma n\u00e3o pode ser complexa ao&#8230;<!-- AddThis Advanced Settings generic via filter on wp_trim_excerpt --><!-- AddThis Share Buttons generic via filter on wp_trim_excerpt --><\/p>\n","protected":false},"author":17,"featured_media":62848,"comment_status":"closed","ping_status":"closed","sticky":false,"template":"","format":"standard","meta":{"_monsterinsights_skip_tracking":false,"_monsterinsights_sitenote_active":false,"_monsterinsights_sitenote_note":"","_monsterinsights_sitenote_category":0,"_uf_show_specific_survey":0,"_uf_disable_surveys":false,"footnotes":""},"categories":[1390],"tags":[1773,962],"class_list":["post-62847","post","type-post","status-publish","format-standard","has-post-thumbnail","hentry","category-editorias","tag-reforma-da-previdencia","tag-weverton-rocha"],"acf":[],"_links":{"self":[{"href":"https:\/\/pdt-rj.org.br\/index.php\/wp-json\/wp\/v2\/posts\/62847","targetHints":{"allow":["GET"]}}],"collection":[{"href":"https:\/\/pdt-rj.org.br\/index.php\/wp-json\/wp\/v2\/posts"}],"about":[{"href":"https:\/\/pdt-rj.org.br\/index.php\/wp-json\/wp\/v2\/types\/post"}],"author":[{"embeddable":true,"href":"https:\/\/pdt-rj.org.br\/index.php\/wp-json\/wp\/v2\/users\/17"}],"replies":[{"embeddable":true,"href":"https:\/\/pdt-rj.org.br\/index.php\/wp-json\/wp\/v2\/comments?post=62847"}],"version-history":[{"count":4,"href":"https:\/\/pdt-rj.org.br\/index.php\/wp-json\/wp\/v2\/posts\/62847\/revisions"}],"predecessor-version":[{"id":63028,"href":"https:\/\/pdt-rj.org.br\/index.php\/wp-json\/wp\/v2\/posts\/62847\/revisions\/63028"}],"wp:featuredmedia":[{"embeddable":true,"href":"https:\/\/pdt-rj.org.br\/index.php\/wp-json\/wp\/v2\/media\/62848"}],"wp:attachment":[{"href":"https:\/\/pdt-rj.org.br\/index.php\/wp-json\/wp\/v2\/media?parent=62847"}],"wp:term":[{"taxonomy":"category","embeddable":true,"href":"https:\/\/pdt-rj.org.br\/index.php\/wp-json\/wp\/v2\/categories?post=62847"},{"taxonomy":"post_tag","embeddable":true,"href":"https:\/\/pdt-rj.org.br\/index.php\/wp-json\/wp\/v2\/tags?post=62847"}],"curies":[{"name":"wp","href":"https:\/\/api.w.org\/{rel}","templated":true}]}}