{"id":62765,"date":"2019-02-19T18:56:24","date_gmt":"2019-02-19T21:56:24","guid":{"rendered":"http:\/\/pdt-rj.org.br\/?p=62765"},"modified":"2019-02-22T19:19:55","modified_gmt":"2019-02-22T22:19:55","slug":"pdt-discute-a-reforma-da-previdencia-em-brasilia","status":"publish","type":"post","link":"https:\/\/pdt-rj.org.br\/index.php\/pdt-discute-a-reforma-da-previdencia-em-brasilia\/","title":{"rendered":"PDT discute a Reforma da Previd\u00eancia em Bras\u00edlia"},"content":{"rendered":"<p>O PDT realizou um amplo debate sobre a Reforma da Previd\u00eancia nesta ter\u00e7a-feira (19), na sede nacional do PDT, em Bras\u00edlia, com as bancadas do partido na C\u00e2mara Federal e no Senado, a Executiva Nacional da legenda, os movimentos, demais lideran\u00e7as e filiados.<\/p>\n<p>Mediado pelo presidente nacional da legenda, Carlos Lupi, o evento teve a parti\u00e7\u00e3o do deputado federal Mauro Benevides (professor, doutor em economia e ex-coordenador da campa de Ciro Gomes \u00e0 Presid\u00eancia), Ciro, vice-presidente nacional do PDT, os l\u00edderes das bancadas do PDT na C\u00e2mara e o Senado, deputado federal Andr\u00e9 Figueiredo e o senador Weverton Rocha e o secret\u00e1rio-geral nacional da legenda, Manoel Dias.<\/p>\n<p>Este foi o primeiro de uma s\u00e9rie de debates que percorrer\u00e1 todo o Brasil, para discutir junto \u00e0 popula\u00e7\u00e3o um modelo de reforma que se ad\u00e9que \u00e0s diferentes realidades sociais do Pa\u00eds.<\/p>\n<p>O deputado Mauro Benevides apresentou <strong><a href=\"http:\/\/pdt-rj.org.br\/wp-content\/uploads\/2019\/02\/Previd\u00eancia-Social-Professor-Dr.-Mauro-Benevides-Filho.pdf\">um balan\u00e7o da economia brasileira, no \u00e2mbito fiscal e no sistema previdenci\u00e1rio<\/a><\/strong>, com uma retrospectiva das medidas apresentadas pelos governos anteriores e o atual, tra\u00e7ando um paralelo ente os d\u00e9ficits e as expectativas de arrecada\u00e7\u00f5es previstas pelas propostas. Na sequencia, ele falou sobre o modelo proposto pelo PDT durante as elei\u00e7\u00f5es.<\/p>\n<p>Lupi destacou que o evento de hoje marca o protagonista do PDT, o primeiro partido a come\u00e7ar a debater abertamente a quest\u00e3o da Previd\u00eancia no Pa\u00eds.<\/p>\n<p>\u201cO nosso compromisso, enquanto bancada, \u00e9 aprofundar o debate. N\u00f3s queremos debater, fazer uma contraposta. N\u00f3s precisamos ter transpar\u00eancia nas contas da previd\u00eancia. Hoje se divulga n\u00fameros que n\u00e3o s\u00e3o reais. Como se tira 30% da receita do regime da Previd\u00eancia para o tesouro aplicar como quer, para a chamada DRU?\u201d, questionou Lupi.<\/p>\n<p>J\u00e1 Ciro defendeu que o modelo do partido mant\u00e9m a contribui\u00e7\u00e3o do empresariado e do governo com tributa\u00e7\u00e3o sobre o faturamento das empresas. O pedetista tamb\u00e9m defendeu n\u00e3o considerar razo\u00e1vel tratar de forma igual a aposentadoria entre mulheres e homens e entre trabalhadores rurais e dos \u201cengravatados da cidade no ar-condicionado\u201d.<\/p>\n<p>\u201cN\u00f3s podemos fazer de conta que fazemos oposi\u00e7\u00e3o s\u00f3 porque fazemos barulho. Ou ent\u00e3o buscamos, como fizemos de avan\u00e7ar na negocia\u00e7\u00e3o da lei antiterrorismo, que foi montada claramente para avan\u00e7ar contra movimentos sociais\u201d, avaliou Ciro.<\/p>\n<p><strong>Cartilha<\/strong><br \/> O PDT tamb\u00e9m ir\u00e1 elaborar uma cartilha com as premissas que o partido considera essenciais para a discuss\u00e3o sobre a Reforma da Previd\u00eancia. Dentre os pontos selecionados est\u00e3o: a quest\u00e3o da transpar\u00eancia nas contas da Previd\u00eancia, que, no entendimento do partido, devem ser claramente colocadas ao povo brasileiro, e a defesa dos direitos adquiridos pela popula\u00e7\u00e3o.<\/p>\n<p><a href=\"http:\/\/pdt-rj.org.br\/wp-content\/uploads\/2019\/02\/Previd\u00eancia-Social-Professor-Dr.-Mauro-Benevides-Filho.pdf\"><strong>Clique aqui<\/strong> <\/a>para obter a \u00edntegra apresenta\u00e7\u00e3o do deputado Mauro.<\/p>\n<!-- AddThis Advanced Settings generic via filter on the_content --><!-- AddThis Share Buttons generic via filter on the_content -->","protected":false},"excerpt":{"rendered":"<p>O PDT realizou um amplo debate sobre a Reforma da Previd\u00eancia nesta ter\u00e7a-feira (19), na sede nacional do PDT, em Bras\u00edlia, com as bancadas do partido na C\u00e2mara Federal e no Senado, a Executiva Nacional da legenda, os movimentos, demais lideran\u00e7as e filiados. Mediado pelo presidente nacional da legenda, Carlos Lupi, o evento teve a&#8230;<!-- AddThis Advanced Settings generic via filter on wp_trim_excerpt --><!-- AddThis Share Buttons generic via filter on wp_trim_excerpt --><\/p>\n","protected":false},"author":17,"featured_media":62766,"comment_status":"closed","ping_status":"closed","sticky":false,"template":"","format":"standard","meta":{"_monsterinsights_skip_tracking":false,"_monsterinsights_sitenote_active":false,"_monsterinsights_sitenote_note":"","_monsterinsights_sitenote_category":0,"_uf_show_specific_survey":0,"_uf_disable_surveys":false,"footnotes":""},"categories":[976],"tags":[],"class_list":["post-62765","post","type-post","status-publish","format-standard","has-post-thumbnail","hentry","category-noticias-em-destaque"],"acf":[],"_links":{"self":[{"href":"https:\/\/pdt-rj.org.br\/index.php\/wp-json\/wp\/v2\/posts\/62765","targetHints":{"allow":["GET"]}}],"collection":[{"href":"https:\/\/pdt-rj.org.br\/index.php\/wp-json\/wp\/v2\/posts"}],"about":[{"href":"https:\/\/pdt-rj.org.br\/index.php\/wp-json\/wp\/v2\/types\/post"}],"author":[{"embeddable":true,"href":"https:\/\/pdt-rj.org.br\/index.php\/wp-json\/wp\/v2\/users\/17"}],"replies":[{"embeddable":true,"href":"https:\/\/pdt-rj.org.br\/index.php\/wp-json\/wp\/v2\/comments?post=62765"}],"version-history":[{"count":21,"href":"https:\/\/pdt-rj.org.br\/index.php\/wp-json\/wp\/v2\/posts\/62765\/revisions"}],"predecessor-version":[{"id":62930,"href":"https:\/\/pdt-rj.org.br\/index.php\/wp-json\/wp\/v2\/posts\/62765\/revisions\/62930"}],"wp:featuredmedia":[{"embeddable":true,"href":"https:\/\/pdt-rj.org.br\/index.php\/wp-json\/wp\/v2\/media\/62766"}],"wp:attachment":[{"href":"https:\/\/pdt-rj.org.br\/index.php\/wp-json\/wp\/v2\/media?parent=62765"}],"wp:term":[{"taxonomy":"category","embeddable":true,"href":"https:\/\/pdt-rj.org.br\/index.php\/wp-json\/wp\/v2\/categories?post=62765"},{"taxonomy":"post_tag","embeddable":true,"href":"https:\/\/pdt-rj.org.br\/index.php\/wp-json\/wp\/v2\/tags?post=62765"}],"curies":[{"name":"wp","href":"https:\/\/api.w.org\/{rel}","templated":true}]}}