{"id":62756,"date":"2019-02-19T18:26:18","date_gmt":"2019-02-19T21:26:18","guid":{"rendered":"http:\/\/pdt-rj.org.br\/?p=62756"},"modified":"2019-02-20T12:38:07","modified_gmt":"2019-02-20T15:38:07","slug":"js-do-rio-lanca-projeto-br-12","status":"publish","type":"post","link":"https:\/\/pdt-rj.org.br\/index.php\/js-do-rio-lanca-projeto-br-12\/","title":{"rendered":"Juventude Socialista do Rio de Janeiro lan\u00e7a projeto &#8220;BR 12&#8221;"},"content":{"rendered":"<p>A Juventude Socialista do Rio de Janeiro, juntamente com a Funda\u00e7\u00e3o Leonel Brizola-Alberto Pasqualini (FLB-AP\/RJ), lan\u00e7a, nesta quarta-feira (20), o projeto \u201cBR 12\u201d. O evento ser\u00e1 um campeonato cultural de Hip-Hop no formato batalha de rima de pontos corridos. A programa\u00e7\u00e3o vem para motivar uma nova linguagem de fazer pol\u00edtica.  <\/p>\n<p>O tema da primeira batalha ser\u00e1: \u201cA Reforma Trabalhista e seu Reflexo no Cotidiano\u201d e acontecer\u00e1 todas quartas-feiras com dura\u00e7\u00e3o de tr\u00eas meses.<\/p>\n<p>Para Douglas Ver\u00edssimo, membro da JS e um dos organizadores do evento, essa iniciativa cria um formato mais moderno e tem tudo para \u201cencantar\u201d os jovens da periferia. <\/p>\n<p>J\u00e1 Everton Gomes, vice-presidente da Funda\u00e7\u00e3o Leonel Brizola-Alberto Pasqualini, explica que o jeito tradicional de fazer pol\u00edtica j\u00e1 est\u00e1 \u201cdesgastado\u201d e que a fun\u00e7\u00e3o do PDT e da FLB-AP\/RJ \u00e9 reinventar as linguagens, criar acesso a mais pessoas.<\/p>\n<p>\u201cHoje, vivemos uma crise na pol\u00edtica t\u00e3o grande que ao levar a discuss\u00e3o em uma linguagem tradicional, voc\u00ea n\u00e3o \u00e9 levado \u00e0 s\u00e9rio ou \u00e9 interrompido. O BR 12 vai criar o ambiente onde a pol\u00edtica vai ser discutida na linguagem do jovem que mora mais longe do centro da cidade e que n\u00e3o sente inclu\u00eddo na din\u00e2mica pol\u00edtica\u201d, explica.<\/p>\n<!-- AddThis Advanced Settings generic via filter on the_content --><!-- AddThis Share Buttons generic via filter on the_content -->","protected":false},"excerpt":{"rendered":"<p>A Juventude Socialista do Rio de Janeiro, juntamente com a Funda\u00e7\u00e3o Leonel Brizola-Alberto Pasqualini (FLB-AP\/RJ), lan\u00e7a, nesta quarta-feira (20), o projeto \u201cBR 12\u201d. O evento ser\u00e1 um campeonato cultural de Hip-Hop no formato batalha de rima de pontos corridos. A programa\u00e7\u00e3o vem para motivar uma nova linguagem de fazer pol\u00edtica. O tema da primeira batalha&#8230;<!-- AddThis Advanced Settings generic via filter on wp_trim_excerpt --><!-- AddThis Share Buttons generic via filter on wp_trim_excerpt --><\/p>\n","protected":false},"author":17,"featured_media":62757,"comment_status":"closed","ping_status":"closed","sticky":false,"template":"","format":"standard","meta":{"_monsterinsights_skip_tracking":false,"_monsterinsights_sitenote_active":false,"_monsterinsights_sitenote_note":"","_monsterinsights_sitenote_category":0,"_uf_show_specific_survey":0,"_uf_disable_surveys":false,"footnotes":""},"categories":[1390,1586,1397],"tags":[426,1037],"class_list":["post-62756","post","type-post","status-publish","format-standard","has-post-thumbnail","hentry","category-editorias","category-juventude-socialista","category-movimentos","tag-fundacao-leonel-brizola-alberto-pasqualini","tag-jovens-na-politica"],"acf":[],"_links":{"self":[{"href":"https:\/\/pdt-rj.org.br\/index.php\/wp-json\/wp\/v2\/posts\/62756","targetHints":{"allow":["GET"]}}],"collection":[{"href":"https:\/\/pdt-rj.org.br\/index.php\/wp-json\/wp\/v2\/posts"}],"about":[{"href":"https:\/\/pdt-rj.org.br\/index.php\/wp-json\/wp\/v2\/types\/post"}],"author":[{"embeddable":true,"href":"https:\/\/pdt-rj.org.br\/index.php\/wp-json\/wp\/v2\/users\/17"}],"replies":[{"embeddable":true,"href":"https:\/\/pdt-rj.org.br\/index.php\/wp-json\/wp\/v2\/comments?post=62756"}],"version-history":[{"count":9,"href":"https:\/\/pdt-rj.org.br\/index.php\/wp-json\/wp\/v2\/posts\/62756\/revisions"}],"predecessor-version":[{"id":62829,"href":"https:\/\/pdt-rj.org.br\/index.php\/wp-json\/wp\/v2\/posts\/62756\/revisions\/62829"}],"wp:featuredmedia":[{"embeddable":true,"href":"https:\/\/pdt-rj.org.br\/index.php\/wp-json\/wp\/v2\/media\/62757"}],"wp:attachment":[{"href":"https:\/\/pdt-rj.org.br\/index.php\/wp-json\/wp\/v2\/media?parent=62756"}],"wp:term":[{"taxonomy":"category","embeddable":true,"href":"https:\/\/pdt-rj.org.br\/index.php\/wp-json\/wp\/v2\/categories?post=62756"},{"taxonomy":"post_tag","embeddable":true,"href":"https:\/\/pdt-rj.org.br\/index.php\/wp-json\/wp\/v2\/tags?post=62756"}],"curies":[{"name":"wp","href":"https:\/\/api.w.org\/{rel}","templated":true}]}}