{"id":62724,"date":"2019-02-18T18:15:02","date_gmt":"2019-02-18T21:15:02","guid":{"rendered":"http:\/\/pdt-rj.org.br\/?p=62724"},"modified":"2019-02-18T18:15:05","modified_gmt":"2019-02-18T21:15:05","slug":"darcy-ribeiro-um-homem-chamado-fazimento","status":"publish","type":"post","link":"https:\/\/pdt-rj.org.br\/index.php\/darcy-ribeiro-um-homem-chamado-fazimento\/","title":{"rendered":"Darcy Ribeiro &#8211; Um homem chamado fazimento"},"content":{"rendered":"<p style=\"text-align:right\"><em>&#8220;Comi a vida s\u00f4frego. Ainda como, \u00e1vido, sem nenhum fastio ou t\u00e9dio. Quero \u00e9 mais. Para isso fui feito. Para comer a vida. Para agir, para pensar, para escrever. Isso sou eu. M\u00e1quina de pensar, de fazer, faminto de fazimentos. Cheio de f\u00e9 nos homens, nas gentes.\u201d<\/em><\/p>\n<p style=\"text-align:right\"><em>Darcy Ribeiro<\/em><\/p>\n<p>Em 17 de fevereiro de 1997, os brasileiros perderam a presen\u00e7a f\u00edsica do mestre Darcy Ribeiro. Antrop\u00f3logo, escritor e pol\u00edtico, ao lado do baiano An\u00edsio Teixeira, notabilizou-se pelo seu foco na educa\u00e7\u00e3o. Foi Ministro da Educa\u00e7\u00e3o e Chefe da Casa Civil do presidente Jo\u00e3o Goulart. Cassado pelo golpe militar de 1964, ficou exilado no Uruguai. No primeiro governo de Brizola no Rio de Janeiro, ent\u00e3o vice-governador, criou os CIEPS \u2013 Centros Integrados de Ensino P\u00fablico e fundou e implantou a Universidade do Norte Fluminense que leva o seu nome. Eleito Senador pelo Rio de Janeiro em 1990, exerceu o mandato at\u00e9 a sua morte em 1997.<\/p>\n<p>Em seu livro Aos Trancos e Barrancos, O Brasil deu no que deu, escrito h\u00e1 mais de 30 anos, Darcy advertiu: <\/p>\n<p><em>\u201c\u00c9 hora de passar o Brasil a limpo, para que o pov\u00e3o tenha vez. No dia em que todo brasileiro comer todo dia, quando toda crian\u00e7a tiver um primeiro grau completo, quando cada homem e mulher, encontrar um emprego est\u00e1vel em que possa progredir, se edificar\u00e1 aqui a civiliza\u00e7\u00e3o mais bela deste mundo.<\/em><\/p>\n<p><em>Ponha o ombro no andar, companheiro, fa\u00e7a for\u00e7a voc\u00ea tamb\u00e9m. Se n\u00e3o cuidarmos deste Pa\u00eds que \u00e9 nosso, os gerentes das multi e seus servidores e sequazes civis e militares continuar\u00e3o for\u00e7ando o Brasil a existir para eles.\u201d<\/em><\/p>\n<p><em>\u201cTermino esta minha vida exausto de viver, mas querendo mais vida, mais amor, mais saber, mais travessuras.<\/em><\/p>\n<p><em>A voc\u00ea que fica a\u00ed, in\u00fatil, vivendo vida insossa, s\u00f3 digo: \u201cCoragem.\u201d Mais vale errar, se arrebentando, do que poupar-se para nada. O \u00fanico clamor da vida \u00e9 por mais vida bem vivida.<\/em><\/p>\n<p><em>Essa \u00e9 aqui e agora, a nossa parte. Depois, seremos mat\u00e9ria c\u00f3smica, sem mem\u00f3ria de virtudes ou de gozos. Apagados, minerais. Para sempre mortos.\u201d<\/em><\/p>\n<p style=\"text-align:right\">Darcy Ribeiro<\/p>\n<p><strong><em>*Hari Alexandre Brust \u00e9 membro da Executiva Estadual do PDT e presidente da Executiva Municipal de Salvador.<\/em><\/strong><\/p>\n<!-- AddThis Advanced Settings generic via filter on the_content --><!-- AddThis Share Buttons generic via filter on the_content -->","protected":false},"excerpt":{"rendered":"<p>&#8220;Comi a vida s\u00f4frego. Ainda como, \u00e1vido, sem nenhum fastio ou t\u00e9dio. Quero \u00e9 mais. Para isso fui feito. Para comer a vida. Para agir, para pensar, para escrever. Isso sou eu. M\u00e1quina de pensar, de fazer, faminto de fazimentos. Cheio de f\u00e9 nos homens, nas gentes.\u201d Darcy Ribeiro Em 17 de fevereiro de 1997,&#8230;<!-- AddThis Advanced Settings generic via filter on wp_trim_excerpt --><!-- AddThis Share Buttons generic via filter on wp_trim_excerpt --><\/p>\n","protected":false},"author":17,"featured_media":62729,"comment_status":"closed","ping_status":"closed","sticky":false,"template":"","format":"standard","meta":{"_monsterinsights_skip_tracking":false,"_monsterinsights_sitenote_active":false,"_monsterinsights_sitenote_note":"","_monsterinsights_sitenote_category":0,"_uf_show_specific_survey":0,"_uf_disable_surveys":false,"footnotes":""},"categories":[1584,1390],"tags":[],"class_list":["post-62724","post","type-post","status-publish","format-standard","has-post-thumbnail","hentry","category-artigos","category-editorias"],"acf":[],"_links":{"self":[{"href":"https:\/\/pdt-rj.org.br\/index.php\/wp-json\/wp\/v2\/posts\/62724","targetHints":{"allow":["GET"]}}],"collection":[{"href":"https:\/\/pdt-rj.org.br\/index.php\/wp-json\/wp\/v2\/posts"}],"about":[{"href":"https:\/\/pdt-rj.org.br\/index.php\/wp-json\/wp\/v2\/types\/post"}],"author":[{"embeddable":true,"href":"https:\/\/pdt-rj.org.br\/index.php\/wp-json\/wp\/v2\/users\/17"}],"replies":[{"embeddable":true,"href":"https:\/\/pdt-rj.org.br\/index.php\/wp-json\/wp\/v2\/comments?post=62724"}],"version-history":[{"count":2,"href":"https:\/\/pdt-rj.org.br\/index.php\/wp-json\/wp\/v2\/posts\/62724\/revisions"}],"predecessor-version":[{"id":62736,"href":"https:\/\/pdt-rj.org.br\/index.php\/wp-json\/wp\/v2\/posts\/62724\/revisions\/62736"}],"wp:featuredmedia":[{"embeddable":true,"href":"https:\/\/pdt-rj.org.br\/index.php\/wp-json\/wp\/v2\/media\/62729"}],"wp:attachment":[{"href":"https:\/\/pdt-rj.org.br\/index.php\/wp-json\/wp\/v2\/media?parent=62724"}],"wp:term":[{"taxonomy":"category","embeddable":true,"href":"https:\/\/pdt-rj.org.br\/index.php\/wp-json\/wp\/v2\/categories?post=62724"},{"taxonomy":"post_tag","embeddable":true,"href":"https:\/\/pdt-rj.org.br\/index.php\/wp-json\/wp\/v2\/tags?post=62724"}],"curies":[{"name":"wp","href":"https:\/\/api.w.org\/{rel}","templated":true}]}}