{"id":62710,"date":"2019-02-15T17:24:11","date_gmt":"2019-02-15T19:24:11","guid":{"rendered":"http:\/\/pdt-rj.org.br\/?p=62710"},"modified":"2019-02-15T17:24:14","modified_gmt":"2019-02-15T19:24:14","slug":"em-brasilia-juventude-socialista-celebra-38-anos","status":"publish","type":"post","link":"https:\/\/pdt-rj.org.br\/index.php\/em-brasilia-juventude-socialista-celebra-38-anos\/","title":{"rendered":"Em Bras\u00edlia, Juventude Socialista celebra 38 anos"},"content":{"rendered":"<p>A Juventude Socialista promoveu, nesta sexta-feira (15), na Sede Nacional do PDT, um &#8220;Almo\u00e7o socialista&#8221; para celebrar os 38 anos do movimento. No evento, estiveram presentes o Senador e ex. presidente nacional da JS Weverton Rocha (PDT-MA), do deputado federal Gil Curtim (PDT-MA),  <br \/>o Presidente da C\u00e2mara de S\u00e3o Lu\u00eds, Vereador Osmar Filho, al\u00e9m de integrantes da JSB.<\/p>\n<p>Desde 1981, o dia 15 de fevereiro guarda o simbolismo da funda\u00e7\u00e3o da Juventude Socialista.&nbsp;O Encontro de Quintino, realizado no sub\u00farbio carioca entre 14 e 15 de fevereiro de 1981 foi o marco de reorganiza\u00e7\u00e3o dos jovens trabalhistas.&nbsp;38 anos depois a JS segue forte, ousada e enraizada em todos os estados do Brasil, comprometida com a luta do povo brasileiro e da juventude.&nbsp;<\/p>\n<p>O senador Weverton Rocha, ressaltou toda a trajet\u00f3ria que o fez chegar hoje, como senador da Rep\u00fablica. <\/p>\n<p>&#8220;Hoje, como senador da Rep\u00fablica, s\u00f3 tenho que agradecer, pois toda a minha base e toda a minha forma\u00e7\u00e3o pol\u00edtica foi atrav\u00e9s da Juventude Socialista e do nosso movimento estudantil, que tanto contribuiu. Hoje estamos aqui, convictos, firmes e engajados na luta do trabalhismo, na luta a favor do Brasil&#8221;.<\/p>\n<figure class=\"wp-block-image\"><img loading=\"lazy\" decoding=\"async\" width=\"1024\" height=\"679\" src=\"http:\/\/pdt-rj.org.br\/wp-content\/uploads\/2019\/02\/JS-no-Almo\u00e7o-de-38-anos-1024x679.jpeg\" alt=\"\" class=\"wp-image-62712\" srcset=\"https:\/\/pdt-rj.org.br\/wp-content\/uploads\/2019\/02\/JS-no-Almo\u00e7o-de-38-anos.jpeg 1024w, https:\/\/pdt-rj.org.br\/wp-content\/uploads\/2019\/02\/JS-no-Almo\u00e7o-de-38-anos-100x66.jpeg 100w, https:\/\/pdt-rj.org.br\/wp-content\/uploads\/2019\/02\/JS-no-Almo\u00e7o-de-38-anos-300x199.jpeg 300w, https:\/\/pdt-rj.org.br\/wp-content\/uploads\/2019\/02\/JS-no-Almo\u00e7o-de-38-anos-768x509.jpeg 768w, https:\/\/pdt-rj.org.br\/wp-content\/uploads\/2019\/02\/JS-no-Almo\u00e7o-de-38-anos-136x90.jpeg 136w\" sizes=\"auto, (max-width: 1024px) 100vw, 1024px\" \/><figcaption>O presidente da JS,William Rodrigues, destacou a import\u00e2ncia do evento.<br \/><\/figcaption><\/figure>\n<\/p>\n<p>O presidente da JS,William Rodrigues, destacou a import\u00e2ncia do evento.&nbsp;&#8220;O almo\u00e7o socialista \u00e9 a materializa\u00e7\u00e3o da fraternidade da nossa organiza\u00e7\u00e3o.&nbsp; Temos uma nova gera\u00e7\u00e3o da JS no DF. Agora \u00e9 pisar no acelerador e fazer mais 38 anos de luta&#8221;, afirmou.&nbsp;<\/p>\n<p>J\u00e1 o vice-presidente do movimento, Rafael Oliveira, relembrou a hist\u00f3ria da JS.  &#8220;A marca da JS \u00e9 a ousadia. S\u00e3o 38 anos de muita luta, vit\u00f3rias e afeto. Hoje \u00e9 dia de festa, mas amanh\u00e3 j\u00e1 \u00e9 dia de luta&#8221;.&nbsp;<\/p>\n<!-- AddThis Advanced Settings generic via filter on the_content --><!-- AddThis Share Buttons generic via filter on the_content -->","protected":false},"excerpt":{"rendered":"<p>A Juventude Socialista promoveu, nesta sexta-feira (15), na Sede Nacional do PDT, um &#8220;Almo\u00e7o socialista&#8221; para celebrar os 38 anos do movimento. No evento, estiveram presentes o Senador e ex. presidente nacional da JS Weverton Rocha (PDT-MA), do deputado federal Gil Curtim (PDT-MA), o Presidente da C\u00e2mara de S\u00e3o Lu\u00eds, Vereador Osmar Filho, al\u00e9m de&#8230;<!-- AddThis Advanced Settings generic via filter on wp_trim_excerpt --><!-- AddThis Share Buttons generic via filter on wp_trim_excerpt --><\/p>\n","protected":false},"author":17,"featured_media":62711,"comment_status":"closed","ping_status":"closed","sticky":false,"template":"","format":"standard","meta":{"_monsterinsights_skip_tracking":false,"_monsterinsights_sitenote_active":false,"_monsterinsights_sitenote_note":"","_monsterinsights_sitenote_category":0,"_uf_show_specific_survey":0,"_uf_disable_surveys":false,"footnotes":""},"categories":[1390,1586,1397],"tags":[539],"class_list":["post-62710","post","type-post","status-publish","format-standard","has-post-thumbnail","hentry","category-editorias","category-juventude-socialista","category-movimentos","tag-juventude-socialista"],"acf":[],"_links":{"self":[{"href":"https:\/\/pdt-rj.org.br\/index.php\/wp-json\/wp\/v2\/posts\/62710","targetHints":{"allow":["GET"]}}],"collection":[{"href":"https:\/\/pdt-rj.org.br\/index.php\/wp-json\/wp\/v2\/posts"}],"about":[{"href":"https:\/\/pdt-rj.org.br\/index.php\/wp-json\/wp\/v2\/types\/post"}],"author":[{"embeddable":true,"href":"https:\/\/pdt-rj.org.br\/index.php\/wp-json\/wp\/v2\/users\/17"}],"replies":[{"embeddable":true,"href":"https:\/\/pdt-rj.org.br\/index.php\/wp-json\/wp\/v2\/comments?post=62710"}],"version-history":[{"count":6,"href":"https:\/\/pdt-rj.org.br\/index.php\/wp-json\/wp\/v2\/posts\/62710\/revisions"}],"predecessor-version":[{"id":62718,"href":"https:\/\/pdt-rj.org.br\/index.php\/wp-json\/wp\/v2\/posts\/62710\/revisions\/62718"}],"wp:featuredmedia":[{"embeddable":true,"href":"https:\/\/pdt-rj.org.br\/index.php\/wp-json\/wp\/v2\/media\/62711"}],"wp:attachment":[{"href":"https:\/\/pdt-rj.org.br\/index.php\/wp-json\/wp\/v2\/media?parent=62710"}],"wp:term":[{"taxonomy":"category","embeddable":true,"href":"https:\/\/pdt-rj.org.br\/index.php\/wp-json\/wp\/v2\/categories?post=62710"},{"taxonomy":"post_tag","embeddable":true,"href":"https:\/\/pdt-rj.org.br\/index.php\/wp-json\/wp\/v2\/tags?post=62710"}],"curies":[{"name":"wp","href":"https:\/\/api.w.org\/{rel}","templated":true}]}}