{"id":62648,"date":"2019-02-14T17:02:33","date_gmt":"2019-02-14T19:02:33","guid":{"rendered":"http:\/\/pdt-rj.org.br\/?p=62648"},"modified":"2019-02-14T17:50:35","modified_gmt":"2019-02-14T19:50:35","slug":"um-olhar-para-o-interior-por-romeu-aldigueri","status":"publish","type":"post","link":"https:\/\/pdt-rj.org.br\/index.php\/um-olhar-para-o-interior-por-romeu-aldigueri\/","title":{"rendered":"Um olhar para o interior, por Romeu Aldigueri"},"content":{"rendered":"<p>Somos quase nove milh\u00f5es de cearenses. Do sert\u00e3o ao litoral, em seus 184 munic\u00edpios, o Cear\u00e1, por mais que tenha avan\u00e7ado em pol\u00edticas de gera\u00e7\u00e3o de emprego e renda, n\u00e3o consegue segurar o \u00eaxodo em dire\u00e7\u00e3o \u00e0 capital ou Regi\u00e3o Metropolitana de Fortaleza.<\/p>\n<p>A Regi\u00e3o Metropolitana de Fortaleza (RMF) &#8211; com seus 19 munic\u00edpios &#8211; possui aproximadamente 4 milh\u00f5es de habitantes. Ou seja, mais da metade da popula\u00e7\u00e3o nasce e cresce nas outras 165 pequenas e m\u00e9dias cidades do interior. \u00c9 por este motivo que devemos, como Estado e como gestores, olhar para esses munic\u00edpios e enxergar seus diferentes problemas e potencialidades.<\/p>\n<p>Grande parte do nosso interior \u00e9 feito de cidades menores, mais pobres, com baixos \u00edndices de qualidade de vida. E tudo isso contribui para uma condi\u00e7\u00e3o de vida dificultada, seja no acesso \u00e0 eletricidade, \u00e1gua, escolas de qualidade, sa\u00fade, ao esporte e ao lazer.<\/p>\n<p>\u00c9 ineg\u00e1vel o trabalho que j\u00e1 vem sendo feito: o Cear\u00e1 \u00e9 pioneiro em refer\u00eancia na quest\u00e3o da sa\u00fade e educa\u00e7\u00e3o do Brasil, recordista na quest\u00e3o de investimento, eficiente na gest\u00e3o fiscal. Mas essas conquistas n\u00e3o alcan\u00e7am a todos. Precisamos de pol\u00edticas p\u00fablicas efetivas para fazer com que o social avance, a industrializa\u00e7\u00e3o chegue, o desenvolvimento na agropecu\u00e1ria prospere, e novas oportunidades de neg\u00f3cios surjam para proporcionar emprego e renda, principalmente para a juventude do interior.<\/p>\n<p>Ao jovem do interior j\u00e1 foi dada a oportunidade de estudar em tempo integral, com curso t\u00e9cnico, e at\u00e9 concluir uma faculdade, mas quando conclui esses objetivos se v\u00ea estagnado sem oportunidade e a \u00fanica sa\u00edda que enxerga \u00e9 o \u00eaxodo. Para isso, eu acredito muito no empreendedorismo, e o Estado precisa incentivar essas oportunidades que podem vir por meio do servi\u00e7o, do com\u00e9rcio, do terceiro setor.<\/p>\n<p>O objetivo \u00e9 poder oferecer novas oportunidades e fixar cada vez mais essas pessoas onde nasceram, onde est\u00e3o os pais, av\u00f3s, familiares e amigos, no lugar onde gostariam de ficar e edificar suas fam\u00edlias. O resultado ser\u00e1 muito maior do que uma pol\u00edtica p\u00fablica para gera\u00e7\u00e3o de emprego e renda. Ser\u00e1 oferecer ao povo cearense interiorano, depois de sujeitado a partir, o direito de permanecer.&nbsp;<\/p>\n<!-- AddThis Advanced Settings generic via filter on the_content --><!-- AddThis Share Buttons generic via filter on the_content -->","protected":false},"excerpt":{"rendered":"<p>Somos quase nove milh\u00f5es de cearenses. Do sert\u00e3o ao litoral, em seus 184 munic\u00edpios, o Cear\u00e1, por mais que tenha avan\u00e7ado em pol\u00edticas de gera\u00e7\u00e3o de emprego e renda, n\u00e3o consegue segurar o \u00eaxodo em dire\u00e7\u00e3o \u00e0 capital ou Regi\u00e3o Metropolitana de Fortaleza. A Regi\u00e3o Metropolitana de Fortaleza (RMF) &#8211; com seus 19 munic\u00edpios &#8211;&#8230;<!-- AddThis Advanced Settings generic via filter on wp_trim_excerpt --><!-- AddThis Share Buttons generic via filter on wp_trim_excerpt --><\/p>\n","protected":false},"author":17,"featured_media":62682,"comment_status":"closed","ping_status":"closed","sticky":false,"template":"","format":"standard","meta":{"_monsterinsights_skip_tracking":false,"_monsterinsights_sitenote_active":false,"_monsterinsights_sitenote_note":"","_monsterinsights_sitenote_category":0,"_uf_show_specific_survey":0,"_uf_disable_surveys":false,"footnotes":""},"categories":[1584,1390],"tags":[],"class_list":["post-62648","post","type-post","status-publish","format-standard","has-post-thumbnail","hentry","category-artigos","category-editorias"],"acf":[],"_links":{"self":[{"href":"https:\/\/pdt-rj.org.br\/index.php\/wp-json\/wp\/v2\/posts\/62648","targetHints":{"allow":["GET"]}}],"collection":[{"href":"https:\/\/pdt-rj.org.br\/index.php\/wp-json\/wp\/v2\/posts"}],"about":[{"href":"https:\/\/pdt-rj.org.br\/index.php\/wp-json\/wp\/v2\/types\/post"}],"author":[{"embeddable":true,"href":"https:\/\/pdt-rj.org.br\/index.php\/wp-json\/wp\/v2\/users\/17"}],"replies":[{"embeddable":true,"href":"https:\/\/pdt-rj.org.br\/index.php\/wp-json\/wp\/v2\/comments?post=62648"}],"version-history":[{"count":21,"href":"https:\/\/pdt-rj.org.br\/index.php\/wp-json\/wp\/v2\/posts\/62648\/revisions"}],"predecessor-version":[{"id":62684,"href":"https:\/\/pdt-rj.org.br\/index.php\/wp-json\/wp\/v2\/posts\/62648\/revisions\/62684"}],"wp:featuredmedia":[{"embeddable":true,"href":"https:\/\/pdt-rj.org.br\/index.php\/wp-json\/wp\/v2\/media\/62682"}],"wp:attachment":[{"href":"https:\/\/pdt-rj.org.br\/index.php\/wp-json\/wp\/v2\/media?parent=62648"}],"wp:term":[{"taxonomy":"category","embeddable":true,"href":"https:\/\/pdt-rj.org.br\/index.php\/wp-json\/wp\/v2\/categories?post=62648"},{"taxonomy":"post_tag","embeddable":true,"href":"https:\/\/pdt-rj.org.br\/index.php\/wp-json\/wp\/v2\/tags?post=62648"}],"curies":[{"name":"wp","href":"https:\/\/api.w.org\/{rel}","templated":true}]}}