{"id":62633,"date":"2019-02-14T14:19:45","date_gmt":"2019-02-14T16:19:45","guid":{"rendered":"http:\/\/pdt-rj.org.br\/?p=62633"},"modified":"2019-02-14T14:19:48","modified_gmt":"2019-02-14T16:19:48","slug":"mario-heringer-propoe-resposta-tributaria-e-criminal-no-caso-de-brumadinho","status":"publish","type":"post","link":"https:\/\/pdt-rj.org.br\/index.php\/mario-heringer-propoe-resposta-tributaria-e-criminal-no-caso-de-brumadinho\/","title":{"rendered":"M\u00e1rio Heringer prop\u00f5e resposta tribut\u00e1ria e criminal no caso de Brumadinho"},"content":{"rendered":"<p>O deputado federal Dr. M\u00e1rio Heringer (PDT-MG) defendeu, nessa quarta (13), solu\u00e7\u00e3o s\u00e9ria, r\u00e1pida e objetiva em rela\u00e7\u00e3o \u00e0 trag\u00e9dia do rompimento da barragem no C\u00f3rrego do Feij\u00e3o, em Brumadinho, Minas Gerais.<\/p>\n<p>Al\u00e9m da responsabilidade criminal, o parlamentar ressalta ser preciso pensar em uma solu\u00e7\u00e3o para perdas do ponto de vista econ\u00f4mico. Minas Gerais extrai mais de 50% de todos os metais do Brasil, ou seja, a minera\u00e7\u00e3o representa uma das principais atividades econ\u00f4micas do Estado.<\/p>\n<p>\u201cPrecisamos da minera\u00e7\u00e3o! Em grande parte isso \u00e9 verdade. Precisamos desses empregos, mas n\u00f3s n\u00e3o precisamos nos submeter. N\u00f3s podemos fazer isso de uma maneira s\u00e9ria e equilibrada\u201d, discursou em plen\u00e1rio da C\u00e2mara dos Deputados, durante sess\u00e3o extraordin\u00e1ria da comiss\u00e3o que trata sobre o tema.<\/p>\n<p>Dr. M\u00e1rio cobrou clareza e objetividade nas condu\u00e7\u00f5es de trabalhos que envolvam o assunto na C\u00e2mara dos Deputados. Afirmou ser necess\u00e1rio n\u00e3o cair em \u201cchantagem\u201d que envolve a interrup\u00e7\u00e3o da atividade mineradora. E n\u00e3o poupou palavras duras contra a impunidade.<\/p>\n<p>\u201cN\u00f3s precisamos dizer para essas empresas que elas v\u00e3o ser responsabilizadas em seus CNPJs. Por exemplo: Voc\u00ea vai ter de continuar pagando, a partir de agora, a partir do seu desastre, a partir do seu problema, o ICMS que voc\u00ea pagava \u00e0quele Munic\u00edpio, ao Estado, nos meses anteriores ao desastre, quando n\u00e3o havia desativa\u00e7\u00e3o. Voc\u00ea vai ter de manter a indeniza\u00e7\u00e3o e o n\u00edvel de emprego daquela cidade que voc\u00ea mantinha. E voc\u00ea, administrador negligente, e voc\u00ea administrador que n\u00e3o est\u00e1 preocupado com as pessoas, com a vida das pessoas, vai para cadeia. Voc\u00ea vai responder criminalmente pela sua leni\u00eancia. Voc\u00ea vai responder criminalmente pela sua neglig\u00eancia, porque, se n\u00e3o for assim, n\u00f3s n\u00e3o vamos resolver problemas.\u201d<\/p>\n<!-- AddThis Advanced Settings generic via filter on the_content --><!-- AddThis Share Buttons generic via filter on the_content -->","protected":false},"excerpt":{"rendered":"<p>O deputado federal Dr. M\u00e1rio Heringer (PDT-MG) defendeu, nessa quarta (13), solu\u00e7\u00e3o s\u00e9ria, r\u00e1pida e objetiva em rela\u00e7\u00e3o \u00e0 trag\u00e9dia do rompimento da barragem no C\u00f3rrego do Feij\u00e3o, em Brumadinho, Minas Gerais. Al\u00e9m da responsabilidade criminal, o parlamentar ressalta ser preciso pensar em uma solu\u00e7\u00e3o para perdas do ponto de vista econ\u00f4mico. Minas Gerais extrai&#8230;<!-- AddThis Advanced Settings generic via filter on wp_trim_excerpt --><!-- AddThis Share Buttons generic via filter on wp_trim_excerpt --><\/p>\n","protected":false},"author":17,"featured_media":62635,"comment_status":"closed","ping_status":"closed","sticky":false,"template":"","format":"standard","meta":{"_monsterinsights_skip_tracking":false,"_monsterinsights_sitenote_active":false,"_monsterinsights_sitenote_note":"","_monsterinsights_sitenote_category":0,"_uf_show_specific_survey":0,"_uf_disable_surveys":false,"footnotes":""},"categories":[1459,976],"tags":[3208,3207],"class_list":["post-62633","post","type-post","status-publish","format-standard","has-post-thumbnail","hentry","category-congresso","category-noticias-em-destaque","tag-brumadinho","tag-dr-mario-heringer"],"acf":[],"_links":{"self":[{"href":"https:\/\/pdt-rj.org.br\/index.php\/wp-json\/wp\/v2\/posts\/62633","targetHints":{"allow":["GET"]}}],"collection":[{"href":"https:\/\/pdt-rj.org.br\/index.php\/wp-json\/wp\/v2\/posts"}],"about":[{"href":"https:\/\/pdt-rj.org.br\/index.php\/wp-json\/wp\/v2\/types\/post"}],"author":[{"embeddable":true,"href":"https:\/\/pdt-rj.org.br\/index.php\/wp-json\/wp\/v2\/users\/17"}],"replies":[{"embeddable":true,"href":"https:\/\/pdt-rj.org.br\/index.php\/wp-json\/wp\/v2\/comments?post=62633"}],"version-history":[{"count":2,"href":"https:\/\/pdt-rj.org.br\/index.php\/wp-json\/wp\/v2\/posts\/62633\/revisions"}],"predecessor-version":[{"id":62637,"href":"https:\/\/pdt-rj.org.br\/index.php\/wp-json\/wp\/v2\/posts\/62633\/revisions\/62637"}],"wp:featuredmedia":[{"embeddable":true,"href":"https:\/\/pdt-rj.org.br\/index.php\/wp-json\/wp\/v2\/media\/62635"}],"wp:attachment":[{"href":"https:\/\/pdt-rj.org.br\/index.php\/wp-json\/wp\/v2\/media?parent=62633"}],"wp:term":[{"taxonomy":"category","embeddable":true,"href":"https:\/\/pdt-rj.org.br\/index.php\/wp-json\/wp\/v2\/categories?post=62633"},{"taxonomy":"post_tag","embeddable":true,"href":"https:\/\/pdt-rj.org.br\/index.php\/wp-json\/wp\/v2\/tags?post=62633"}],"curies":[{"name":"wp","href":"https:\/\/api.w.org\/{rel}","templated":true}]}}