{"id":62629,"date":"2019-02-13T21:21:16","date_gmt":"2019-02-13T23:21:16","guid":{"rendered":"http:\/\/pdt-rj.org.br\/?p=62629"},"modified":"2019-02-14T17:55:14","modified_gmt":"2019-02-14T19:55:14","slug":"js-lanca-campanha-de-interiorizacao-que-expande-movimento-para-200-municipios-do-pais","status":"publish","type":"post","link":"https:\/\/pdt-rj.org.br\/index.php\/js-lanca-campanha-de-interiorizacao-que-expande-movimento-para-200-municipios-do-pais\/","title":{"rendered":"JS lan\u00e7a Campanha de Interioriza\u00e7\u00e3o que expande movimento no Pa\u00eds"},"content":{"rendered":"<p>A Juventude Socialista (JS) lan\u00e7ou, nesta ter\u00e7a-feira (12), em Sergipe, a Campanha de Interioriza\u00e7\u00e3o. Comparada com a marcha para o oeste, de Get\u00falio Vargas, campanha tem como objetivo ampliar a presen\u00e7a do movimento em pelo menos 200 cidades do interior de todo Brasil.<\/p>\n<p>O lan\u00e7amento foi feito pelo presidente nacional da JS, William Rodrigues, durante ato de filia\u00e7\u00e3o que reuniu mais de 50 pessoas, realizando novas filia\u00e7\u00f5es e integrando os movimentos sociais do partido. O Evento foi organizado pelo movimento &#8220;Em Frente&#8221; em parceria com a JS.<\/p>\n<p>Segundo William, a campanha \u00e9 a mais ambiciosa da organiza\u00e7\u00e3o&nbsp; nos \u00faltimos dez anos.&nbsp;<\/p>\n<p>&#8220;Campanhas de filia\u00e7\u00e3o s\u00e3o comuns. O que buscamos agora \u00e9 ocupar territ\u00f3rios. Levar nossa mensagem e a nossa vis\u00e3o de mundo para cidades inteiras. Povoados, quilombos, enfim, diversos peda\u00e7os do Brasil&#8221;.&nbsp;<\/p>\n<p>O presidente do movimento tamb\u00e9m destacou a hist\u00f3ria do PDT e o papel do militante. &#8220;Voc\u00eas que hoje se filiam precisam se tornar militantes do partido onde representa a mais generosa corrente pol\u00edtica brasileira que \u00e9 o Trabalhismo&#8221;. <\/p>\n<p>O evento contou com a participa\u00e7\u00e3o por v\u00eddeo do Deputado Federal e presidente do PDT Sergipe, F\u00e1bio Henrique, o vereador Jason Neto (PDT-SE), al\u00e9m de militantes do partido e representantes do PC do B Aracaju.<\/p>\n<!-- AddThis Advanced Settings generic via filter on the_content --><!-- AddThis Share Buttons generic via filter on the_content -->","protected":false},"excerpt":{"rendered":"<p>A Juventude Socialista (JS) lan\u00e7ou, nesta ter\u00e7a-feira (12), em Sergipe, a Campanha de Interioriza\u00e7\u00e3o. Comparada com a marcha para o oeste, de Get\u00falio Vargas, campanha tem como objetivo ampliar a presen\u00e7a do movimento em pelo menos 200 cidades do interior de todo Brasil. O lan\u00e7amento foi feito pelo presidente nacional da JS, William Rodrigues, durante&#8230;<!-- AddThis Advanced Settings generic via filter on wp_trim_excerpt --><!-- AddThis Share Buttons generic via filter on wp_trim_excerpt --><\/p>\n","protected":false},"author":17,"featured_media":62630,"comment_status":"closed","ping_status":"closed","sticky":false,"template":"","format":"standard","meta":{"_monsterinsights_skip_tracking":false,"_monsterinsights_sitenote_active":false,"_monsterinsights_sitenote_note":"","_monsterinsights_sitenote_category":0,"_uf_show_specific_survey":0,"_uf_disable_surveys":false,"footnotes":""},"categories":[1390,1586,1397],"tags":[539,3206,38],"class_list":["post-62629","post","type-post","status-publish","format-standard","has-post-thumbnail","hentry","category-editorias","category-juventude-socialista","category-movimentos","tag-juventude-socialista","tag-novas-filiacoes","tag-pdt"],"acf":[],"_links":{"self":[{"href":"https:\/\/pdt-rj.org.br\/index.php\/wp-json\/wp\/v2\/posts\/62629","targetHints":{"allow":["GET"]}}],"collection":[{"href":"https:\/\/pdt-rj.org.br\/index.php\/wp-json\/wp\/v2\/posts"}],"about":[{"href":"https:\/\/pdt-rj.org.br\/index.php\/wp-json\/wp\/v2\/types\/post"}],"author":[{"embeddable":true,"href":"https:\/\/pdt-rj.org.br\/index.php\/wp-json\/wp\/v2\/users\/17"}],"replies":[{"embeddable":true,"href":"https:\/\/pdt-rj.org.br\/index.php\/wp-json\/wp\/v2\/comments?post=62629"}],"version-history":[{"count":9,"href":"https:\/\/pdt-rj.org.br\/index.php\/wp-json\/wp\/v2\/posts\/62629\/revisions"}],"predecessor-version":[{"id":62687,"href":"https:\/\/pdt-rj.org.br\/index.php\/wp-json\/wp\/v2\/posts\/62629\/revisions\/62687"}],"wp:featuredmedia":[{"embeddable":true,"href":"https:\/\/pdt-rj.org.br\/index.php\/wp-json\/wp\/v2\/media\/62630"}],"wp:attachment":[{"href":"https:\/\/pdt-rj.org.br\/index.php\/wp-json\/wp\/v2\/media?parent=62629"}],"wp:term":[{"taxonomy":"category","embeddable":true,"href":"https:\/\/pdt-rj.org.br\/index.php\/wp-json\/wp\/v2\/categories?post=62629"},{"taxonomy":"post_tag","embeddable":true,"href":"https:\/\/pdt-rj.org.br\/index.php\/wp-json\/wp\/v2\/tags?post=62629"}],"curies":[{"name":"wp","href":"https:\/\/api.w.org\/{rel}","templated":true}]}}