{"id":62604,"date":"2019-02-12T19:36:20","date_gmt":"2019-02-12T21:36:20","guid":{"rendered":"http:\/\/pdt-rj.org.br\/?p=62604"},"modified":"2019-02-12T19:36:22","modified_gmt":"2019-02-12T21:36:22","slug":"o-esqueleto-do-passado-bate-a-porta","status":"publish","type":"post","link":"https:\/\/pdt-rj.org.br\/index.php\/o-esqueleto-do-passado-bate-a-porta\/","title":{"rendered":"O esqueleto do passado bate \u00e0 porta"},"content":{"rendered":"<p>O \u00f3bvio de que tudo tem fim, principalmente o dinheiro, \u00e9 uma m\u00e1xima elementar de qualquer pessoa sensata, mas a estranha for\u00e7a exercida pelo poder dos governantes parece que cega os mandat\u00e1rios de que as coisas s\u00e3o como s\u00e3o, e pronto. <\/p>\n<p>O fracasso financeiro do Brasil, com o estimado d\u00e9bito prim\u00e1rio superior a R$ 150 bilh\u00f5es em 2019, s\u00f3 n\u00e3o \u00e9 mais aterrorizante que a situa\u00e7\u00e3o do estado de Mato Grosso, que entra no \u00faltimo ano da d\u00e9cada com um rombo de R$ 1,7 bilh\u00e3o e muito por se fazer em \u00e1reas estrat\u00e9gicas, como sa\u00fade e log\u00edstica.<\/p>\n<p>No Brasil, a prosperidade conquistada no in\u00edcio dos anos 2000 foi desperdi\u00e7ada em programas sociais paternalistas, sem porta de sa\u00edda e que teve na corrup\u00e7\u00e3o generalizada e institucionalizada, de m\u00e3os dadas com investimentos bilion\u00e1rios do BNDES em projetos duvidosos (para dizer o m\u00ednimo) nos pa\u00edses de alinhamento ideol\u00f3gico, levaram o cen\u00e1rio da economia nacional, j\u00e1 partir de 2011, a uma situa\u00e7\u00e3o que era claramente danosa. Os efeitos da somat\u00f3ria de maus-tratos do dinheiro p\u00fablicos puderam ser notados pelos agentes econ\u00f4micos em 2012 e conquistaram seu \u00e1pice em 2014. O restante da hist\u00f3ria \u00e9 conhecido e o saldo \u00e9 hoje um d\u00e9ficit prim\u00e1rio (d\u00edvida publica) que supera 80% do PIB nacional.<\/p>\n<p>No estado, a situa\u00e7\u00e3o est\u00e1 parcialmente descrita recente aprovada Lei Or\u00e7ament\u00e1ria Anual- LOA e a conta \u00e9 bem complicada para se fechar. Se desde 2003, a folha salarial teve um acr\u00e9scimo real de 695% entre 2003 e 2017 e a arrecada\u00e7\u00e3o um aumento de 381% no mesmo per\u00edodo, somado a um aumento de 251% no custeio da m\u00e1quina, parece evidente que uma hora a conta iria chegar. E toda a sociedade iria pagar o alto custo da irresponsabilidade com que foi gerida a m\u00e1quina p\u00fablica, sem distin\u00e7\u00e3o de governos A ou B.<\/p>\n<p>O salto da arrecada\u00e7\u00e3o em 2011 foi seguida pelo salto nas despesas salarias em 2012. Enquanto a arrecada\u00e7\u00e3o na oportunidade pulava de R$ R$ 10,6 milh\u00f5es para R$ 13,3 milh\u00f5es, no ano seguinte a folha saiu de R$ 9,4 milh\u00f5es para R$ 11,2 milh\u00f5es.<\/p>\n<p>Os valores arrecadados pelo estado jamais foram negativos ou abaixo das expectativas. O setor produtivo de MT tem a monumental capacidade de gerar lucros em todos os momentos, mesmo nos mais adversos. O problema do estado tem sido, ao longo dos \u00faltimos governos, a falta de planejamento, de estrat\u00e9gias e racionalidade na despesa.<\/p>\n<p>Agora, com a porteira arrombada, o setor produtivo \u00e9 novamente acionado a dar sua cota de sacrif\u00edcios, piorando o quadro geral confian\u00e7a de neg\u00f3cios no estado perante o cen\u00e1rio nacional, tratamos desse tema no artigo anterior \u201cO Agroneg\u00f3cios no Ambiente de Neg\u00f3cios\u201d. Fato que leva a uma altera\u00e7\u00e3o de planejamento e do desenvolvimento previsto para o setor.<br \/> \u00c9 preciso urgente que o estado e a uni\u00e3o repensem o planejamento, trabalhem com n\u00fameros reais, priorize os investimentos em campos estrat\u00e9gicos e permita que a iniciativa privada cres\u00e7a sem os constantes chamamentos ao sacrif\u00edcio por irresponsabilidade daqueles que deveriam nortear o crescimento e n\u00e3o a tungagem desmedida de quem trabalha.<\/p>\n<p>A situa\u00e7\u00e3o do Brasil e do Mato Grosso s\u00e3o cristalinas na certeza que o dinheiro \u00e9 escasso e portanto deve ser racionalizado para que a sociedade como um todo n\u00e3o perca com a falta de atendimentos b\u00e1sicos, que os servidores n\u00e3o percam pela reposi\u00e7\u00e3o a menor que os \u00edndices, que os  investimentos tenham real sentido, porque de nada adianta todo o sacrif\u00edcio e todas as incertezas lan\u00e7adas agora para que l\u00e1 na frente, ap\u00f3s passada a tormenta, todos os erros cometidos no passado sejam repetidos, pois como vemos agora, os erros pret\u00e9ritos cobram seu pre\u00e7o de todos, indistintamente e a fatura chega de uma forma ou de outra. S\u00e3os os esqueletos do passado batendo a nossa porta como alma penada. <\/p>\n<p><em><strong>*Renata Viana \u00e9 advogada, consultora pol\u00edtica filiada \u00e0 Associa\u00e7\u00e3o Brasileira dos Consultores Pol\u00edticos (ABCOP) e presidente da A\u00e7\u00e3o da Mulher Socialista de Mato Grosso (AMT-MT).<\/strong><\/em><\/p>\n<!-- AddThis Advanced Settings generic via filter on the_content --><!-- AddThis Share Buttons generic via filter on the_content -->","protected":false},"excerpt":{"rendered":"<p>O \u00f3bvio de que tudo tem fim, principalmente o dinheiro, \u00e9 uma m\u00e1xima elementar de qualquer pessoa sensata, mas a estranha for\u00e7a exercida pelo poder dos governantes parece que cega os mandat\u00e1rios de que as coisas s\u00e3o como s\u00e3o, e pronto. O fracasso financeiro do Brasil, com o estimado d\u00e9bito prim\u00e1rio superior a R$ 150&#8230;<!-- AddThis Advanced Settings generic via filter on wp_trim_excerpt --><!-- AddThis Share Buttons generic via filter on wp_trim_excerpt --><\/p>\n","protected":false},"author":17,"featured_media":62605,"comment_status":"closed","ping_status":"closed","sticky":false,"template":"","format":"standard","meta":{"_monsterinsights_skip_tracking":false,"_monsterinsights_sitenote_active":false,"_monsterinsights_sitenote_note":"","_monsterinsights_sitenote_category":0,"_uf_show_specific_survey":0,"_uf_disable_surveys":false,"footnotes":""},"categories":[1584,1390],"tags":[3202,1131],"class_list":["post-62604","post","type-post","status-publish","format-standard","has-post-thumbnail","hentry","category-artigos","category-editorias","tag-fracasso-financeiro-do-brasil","tag-renata-viana"],"acf":[],"_links":{"self":[{"href":"https:\/\/pdt-rj.org.br\/index.php\/wp-json\/wp\/v2\/posts\/62604","targetHints":{"allow":["GET"]}}],"collection":[{"href":"https:\/\/pdt-rj.org.br\/index.php\/wp-json\/wp\/v2\/posts"}],"about":[{"href":"https:\/\/pdt-rj.org.br\/index.php\/wp-json\/wp\/v2\/types\/post"}],"author":[{"embeddable":true,"href":"https:\/\/pdt-rj.org.br\/index.php\/wp-json\/wp\/v2\/users\/17"}],"replies":[{"embeddable":true,"href":"https:\/\/pdt-rj.org.br\/index.php\/wp-json\/wp\/v2\/comments?post=62604"}],"version-history":[{"count":2,"href":"https:\/\/pdt-rj.org.br\/index.php\/wp-json\/wp\/v2\/posts\/62604\/revisions"}],"predecessor-version":[{"id":62607,"href":"https:\/\/pdt-rj.org.br\/index.php\/wp-json\/wp\/v2\/posts\/62604\/revisions\/62607"}],"wp:featuredmedia":[{"embeddable":true,"href":"https:\/\/pdt-rj.org.br\/index.php\/wp-json\/wp\/v2\/media\/62605"}],"wp:attachment":[{"href":"https:\/\/pdt-rj.org.br\/index.php\/wp-json\/wp\/v2\/media?parent=62604"}],"wp:term":[{"taxonomy":"category","embeddable":true,"href":"https:\/\/pdt-rj.org.br\/index.php\/wp-json\/wp\/v2\/categories?post=62604"},{"taxonomy":"post_tag","embeddable":true,"href":"https:\/\/pdt-rj.org.br\/index.php\/wp-json\/wp\/v2\/tags?post=62604"}],"curies":[{"name":"wp","href":"https:\/\/api.w.org\/{rel}","templated":true}]}}