{"id":62537,"date":"2019-02-07T11:28:48","date_gmt":"2019-02-07T13:28:48","guid":{"rendered":"http:\/\/pdt-rj.org.br\/?p=62537"},"modified":"2019-02-07T11:28:50","modified_gmt":"2019-02-07T13:28:50","slug":"flavio-nogueira-assume-vice-presidencia-da-frente-parlamentar-de-apoio-as-santas-casas","status":"publish","type":"post","link":"https:\/\/pdt-rj.org.br\/index.php\/flavio-nogueira-assume-vice-presidencia-da-frente-parlamentar-de-apoio-as-santas-casas\/","title":{"rendered":"Fl\u00e1vio Nogueira assume vice-presid\u00eancia da Frente Parlamentar de apoio \u00e0s Santas Casas"},"content":{"rendered":"<p>O l\u00edder estadual do PDT, deputado federal Fl\u00e1vio Nogueira(PDT-PI), foi eleito nesta quarta-feira (06), vice-presidente da regi\u00e3o Nordeste da Frente Parlamentar de apoio \u00e0s Santas Casas, Hospitais e Entidades Filantr\u00f3picas. Por 20 anos, o parlamentar foi diretor cl\u00ednico do Hospital S\u00e3o Marcos, onde ajudou a institui\u00e7\u00e3o a se tornar refer\u00eancia regional no diagn\u00f3stico e tratamento do c\u00e2ncer.<\/p>\n<p>De acordo com Nogueira, esta \u00e9 uma das causas que sempre defendeu e conhece bem as dificuldades dos hospitais para manter os servi\u00e7os, principalmente no que concerne o tratamento do c\u00e2ncer, na parte de quimioterapia. <\/p>\n<p>\u201cOs medicamentos s\u00e3o car\u00edssimos e o SUS mant\u00e9m um percentual alto das interna\u00e7\u00f5es hospitalares para o tratamento do c\u00e2ncer. Muitas dessas institui\u00e7\u00f5es est\u00e3o atendendo acima do limite por causa da alta demanda e sofrem com problemas financeiros\u201d, pontua.<\/p>\n<p>Atualmente a d\u00edvida que acomete estas entidades est\u00e1 estimada em R$ 21bilh\u00f5es. Nogueira destacou que juntamente com os demais deputados federais e senadores da Frente ir\u00e3o buscar alternativas para sanar esta d\u00edvida. <\/p>\n<p>\u201cEssa Frente \u00e9 formada por deputados federais e senadores e juntos vamos buscar alternativas para sanar essa d\u00edvida. N\u00e3o podemos permitir que esses hospitais fechem as portas no Brasil\u201d, declarou.<\/p>\n<p>Os Hospitais S\u00e3o Marcos, em Teresina e Santa Casa e Maternidade Marques Bastos em Parna\u00edba, no estado do Piau\u00ed, ser\u00e3o defendidos por Nogueira junto \u00e0 Frente Parlamentar de apoio \u00e0s Santas Casas.<\/p>\n<p>Entre os principais objetivos da Frente est\u00e3o a promo\u00e7\u00e3o e o aperfei\u00e7oamento de legisla\u00e7\u00f5es referentes ao setor, e o desenvolvimento t\u00e9cnico e cient\u00edfico da assist\u00eancia m\u00e9dico-hospitalar coberta pelo SUS e pela Sa\u00fade Suplementar.<\/p>\n<!-- AddThis Advanced Settings generic via filter on the_content --><!-- AddThis Share Buttons generic via filter on the_content -->","protected":false},"excerpt":{"rendered":"<p>O l\u00edder estadual do PDT, deputado federal Fl\u00e1vio Nogueira(PDT-PI), foi eleito nesta quarta-feira (06), vice-presidente da regi\u00e3o Nordeste da Frente Parlamentar de apoio \u00e0s Santas Casas, Hospitais e Entidades Filantr\u00f3picas. Por 20 anos, o parlamentar foi diretor cl\u00ednico do Hospital S\u00e3o Marcos, onde ajudou a institui\u00e7\u00e3o a se tornar refer\u00eancia regional no diagn\u00f3stico e tratamento&#8230;<!-- AddThis Advanced Settings generic via filter on wp_trim_excerpt --><!-- AddThis Share Buttons generic via filter on wp_trim_excerpt --><\/p>\n","protected":false},"author":17,"featured_media":62538,"comment_status":"closed","ping_status":"closed","sticky":false,"template":"","format":"standard","meta":{"_monsterinsights_skip_tracking":false,"_monsterinsights_sitenote_active":false,"_monsterinsights_sitenote_note":"","_monsterinsights_sitenote_category":0,"_uf_show_specific_survey":0,"_uf_disable_surveys":false,"footnotes":""},"categories":[1390],"tags":[2088,2828,3054,3199],"class_list":["post-62537","post","type-post","status-publish","format-standard","has-post-thumbnail","hentry","category-editorias","tag-entidades-filantropicas","tag-frente-parlamentar","tag-somos-todos-pdt","tag-tratamento-do-cancer"],"acf":[],"_links":{"self":[{"href":"https:\/\/pdt-rj.org.br\/index.php\/wp-json\/wp\/v2\/posts\/62537","targetHints":{"allow":["GET"]}}],"collection":[{"href":"https:\/\/pdt-rj.org.br\/index.php\/wp-json\/wp\/v2\/posts"}],"about":[{"href":"https:\/\/pdt-rj.org.br\/index.php\/wp-json\/wp\/v2\/types\/post"}],"author":[{"embeddable":true,"href":"https:\/\/pdt-rj.org.br\/index.php\/wp-json\/wp\/v2\/users\/17"}],"replies":[{"embeddable":true,"href":"https:\/\/pdt-rj.org.br\/index.php\/wp-json\/wp\/v2\/comments?post=62537"}],"version-history":[{"count":4,"href":"https:\/\/pdt-rj.org.br\/index.php\/wp-json\/wp\/v2\/posts\/62537\/revisions"}],"predecessor-version":[{"id":62576,"href":"https:\/\/pdt-rj.org.br\/index.php\/wp-json\/wp\/v2\/posts\/62537\/revisions\/62576"}],"wp:featuredmedia":[{"embeddable":true,"href":"https:\/\/pdt-rj.org.br\/index.php\/wp-json\/wp\/v2\/media\/62538"}],"wp:attachment":[{"href":"https:\/\/pdt-rj.org.br\/index.php\/wp-json\/wp\/v2\/media?parent=62537"}],"wp:term":[{"taxonomy":"category","embeddable":true,"href":"https:\/\/pdt-rj.org.br\/index.php\/wp-json\/wp\/v2\/categories?post=62537"},{"taxonomy":"post_tag","embeddable":true,"href":"https:\/\/pdt-rj.org.br\/index.php\/wp-json\/wp\/v2\/tags?post=62537"}],"curies":[{"name":"wp","href":"https:\/\/api.w.org\/{rel}","templated":true}]}}