{"id":62530,"date":"2019-02-07T09:46:22","date_gmt":"2019-02-07T11:46:22","guid":{"rendered":"http:\/\/pdt-rj.org.br\/?p=62530"},"modified":"2019-02-14T18:40:53","modified_gmt":"2019-02-14T20:40:53","slug":"weverton-rocha-e-eleito-membro-da-mesa-diretora-do-senado","status":"publish","type":"post","link":"https:\/\/pdt-rj.org.br\/index.php\/weverton-rocha-e-eleito-membro-da-mesa-diretora-do-senado\/","title":{"rendered":"Weverton Rocha \u00e9 eleito membro da Mesa Diretora do Senado"},"content":{"rendered":"<p>O senador maranhense Weverton Rocha (PDT-MA) foi eleito, nesta quarta-feira (06) o segundo suplente de secret\u00e1rio da Mesa diretora do Senado. A indica\u00e7\u00e3o foi acolhida pelo presidente do Senado, Davi Alcolumbre, a partir de uma indica\u00e7\u00e3o feita pelos colegas de bancada, que tamb\u00e9m o escolheram como l\u00edder do partido para o bi\u00eanio 2019\/2020.<\/p>\n<p>\u201cEstarei empenhado em fortalecer o Senado como instrumento democr\u00e1tico de representa\u00e7\u00e3o e participa\u00e7\u00e3o popular\u201d, afirmou logo ap\u00f3s a elei\u00e7\u00e3o. <\/p>\n<p>Sobre a presen\u00e7a de um maranhense na Mesa Diretora, Weverton avaliou que ser\u00e1 um espa\u00e7o para tratar dos assuntos que interessam aos maranhenses e brasileiros. \u201cTeremos mais espa\u00e7o para enfrentar os temas que est\u00e3o por vir, como a reforma da Previd\u00eancia, sempre defendendo os interesses da sociedade.\u201d<\/p>\n<p><strong>Composi\u00e7\u00e3o<\/strong>&nbsp;<strong>in\u00e9dita<\/strong><\/p>\n<p>Os membros da Mesa Diretora foram eleitos em uma chapa \u00fanica, numa composi\u00e7\u00e3o acordada entre o presidente Davi Alcolumbre e os partidos.<\/p>\n<p>Pela primeira vez os 11 cargos foram ocupados por 11 partidos diferentes, sem que nenhuma legenda tenha acumulado mais de um posto. Outro fato in\u00e9dito \u00e9 que, como aconteceu com a presid\u00eancia da casa, os demais cargos n\u00e3o foram obedeceram a proporcionalidade da bancada dos partidos na Casa.<\/p>\n<p>Com a elei\u00e7\u00e3o desta quarta-feira, a primeira-vice-presid\u00eancia ficou com o PSDB e ser\u00e1 exercida pelo senador Antonio Anastasia (MG). O segundo-vice-presidente ser\u00e1 o senador Lasier Martins (Pode-RS).<\/p>\n<p>A Primeira-Secretaria ficou com o PSD, exercida pelo senador S\u00e9rgio Petec\u00e3o (AC). O MDB, que \u00e9 a maior bancada com 13 senadores, indicou o senador Eduardo Gomes (TO) para a Segunda-Secretaria. A Terceira-Secretaria ter\u00e1 como titular o senador Fl\u00e1vio Bolsonaro (PSL-RJ) e a Quarta, o senador Luis Carlos Heinze (PP-RS). Os quatro suplentes da Mesa ser\u00e3o os senadores Marcos do Val (PPS-ES), Weverton (PDT-MA), Jaques Wagner (PT-BA) e Leila Barros (PSB-DF).<\/p>\n<!-- AddThis Advanced Settings generic via filter on the_content --><!-- AddThis Share Buttons generic via filter on the_content -->","protected":false},"excerpt":{"rendered":"<p>O senador maranhense Weverton Rocha (PDT-MA) foi eleito, nesta quarta-feira (06) o segundo suplente de secret\u00e1rio da Mesa diretora do Senado. A indica\u00e7\u00e3o foi acolhida pelo presidente do Senado, Davi Alcolumbre, a partir de uma indica\u00e7\u00e3o feita pelos colegas de bancada, que tamb\u00e9m o escolheram como l\u00edder do partido para o bi\u00eanio 2019\/2020. \u201cEstarei empenhado&#8230;<!-- AddThis Advanced Settings generic via filter on wp_trim_excerpt --><!-- AddThis Share Buttons generic via filter on wp_trim_excerpt --><\/p>\n","protected":false},"author":17,"featured_media":62531,"comment_status":"closed","ping_status":"closed","sticky":false,"template":"","format":"standard","meta":{"_monsterinsights_skip_tracking":false,"_monsterinsights_sitenote_active":false,"_monsterinsights_sitenote_note":"","_monsterinsights_sitenote_category":0,"_uf_show_specific_survey":0,"_uf_disable_surveys":false,"footnotes":""},"categories":[1390],"tags":[3198,38,962],"class_list":["post-62530","post","type-post","status-publish","format-standard","has-post-thumbnail","hentry","category-editorias","tag-mesa-diretora-do-senado","tag-pdt","tag-weverton-rocha"],"acf":[],"_links":{"self":[{"href":"https:\/\/pdt-rj.org.br\/index.php\/wp-json\/wp\/v2\/posts\/62530","targetHints":{"allow":["GET"]}}],"collection":[{"href":"https:\/\/pdt-rj.org.br\/index.php\/wp-json\/wp\/v2\/posts"}],"about":[{"href":"https:\/\/pdt-rj.org.br\/index.php\/wp-json\/wp\/v2\/types\/post"}],"author":[{"embeddable":true,"href":"https:\/\/pdt-rj.org.br\/index.php\/wp-json\/wp\/v2\/users\/17"}],"replies":[{"embeddable":true,"href":"https:\/\/pdt-rj.org.br\/index.php\/wp-json\/wp\/v2\/comments?post=62530"}],"version-history":[{"count":4,"href":"https:\/\/pdt-rj.org.br\/index.php\/wp-json\/wp\/v2\/posts\/62530\/revisions"}],"predecessor-version":[{"id":62702,"href":"https:\/\/pdt-rj.org.br\/index.php\/wp-json\/wp\/v2\/posts\/62530\/revisions\/62702"}],"wp:featuredmedia":[{"embeddable":true,"href":"https:\/\/pdt-rj.org.br\/index.php\/wp-json\/wp\/v2\/media\/62531"}],"wp:attachment":[{"href":"https:\/\/pdt-rj.org.br\/index.php\/wp-json\/wp\/v2\/media?parent=62530"}],"wp:term":[{"taxonomy":"category","embeddable":true,"href":"https:\/\/pdt-rj.org.br\/index.php\/wp-json\/wp\/v2\/categories?post=62530"},{"taxonomy":"post_tag","embeddable":true,"href":"https:\/\/pdt-rj.org.br\/index.php\/wp-json\/wp\/v2\/tags?post=62530"}],"curies":[{"name":"wp","href":"https:\/\/api.w.org\/{rel}","templated":true}]}}