{"id":62526,"date":"2019-02-06T17:11:43","date_gmt":"2019-02-06T19:11:43","guid":{"rendered":"http:\/\/pdt-rj.org.br\/?p=62526"},"modified":"2019-02-20T17:11:44","modified_gmt":"2019-02-20T20:11:44","slug":"para-pompeo-de-mattos-pacote-anticrime-do-executivo-nao-resolve-os-problemas-da-seguranca-publica","status":"publish","type":"post","link":"https:\/\/pdt-rj.org.br\/index.php\/para-pompeo-de-mattos-pacote-anticrime-do-executivo-nao-resolve-os-problemas-da-seguranca-publica\/","title":{"rendered":"Para Pompeo de Mattos, pacote anticrime do Executivo n\u00e3o resolve os problemas da seguran\u00e7a p\u00fablica"},"content":{"rendered":"<p>O deputado federal Pompeo de Mattos, do PDT ga\u00facho, se manifestou em Plen\u00e1rio da C\u00e2mara dos Deputados, nessa ter\u00e7a-feira (5), sobre a proposta anticrime do Executivo apresentado \u00e0 Casa pelo ministro da Justi\u00e7a e Seguran\u00e7a P\u00fablica, S\u00e9rgio Moro.<\/p>\n<p>O texto altera diversos pontos da legisla\u00e7\u00e3o penal para consolidar o entendimento sobre a pris\u00e3o ap\u00f3s condena\u00e7\u00e3o em segunda inst\u00e2ncia; ampliar o entendimento que exime os policiais de puni\u00e7\u00e3o durante opera\u00e7\u00f5es policiais; estabelecer a figura do delator, entre ouros pontos.<\/p>\n<p>Para Pompeo de Mattos, \u00e9 preciso mais do que um pacote para atacar os problemas da seguran\u00e7a p\u00fablica. <\/p>\n<p>\u201cTemos de examinar este pacote com profundidade, clareza, equil\u00edbrio e responsabilidade. O texto n\u00e3o fala, por exemplo, da lei de cumprimento de penas. O problema da seguran\u00e7a p\u00fablica est\u00e1 nos pres\u00eddios e o projeto n\u00e3o trata nada disso\u201d, avaliou. <\/p>\n<p>A proposta do Executivo altera diversos pontos da legisla\u00e7\u00e3o penal para consolidar o entendimento sobre a pris\u00e3o ap\u00f3s condena\u00e7\u00e3o em segunda inst\u00e2ncia; ampliar o entendimento que exime os policiais de puni\u00e7\u00e3o durante opera\u00e7\u00f5es policiais; estabelecer a figura do delator, entre ouros pontos.<\/p>\n<p>O ministro vai debater a proposta com os deputados nesta quarta-feira, \u00e0s 14 horas, no Audit\u00f3rio Nereu Ramos.<\/p>\n<!-- AddThis Advanced Settings generic via filter on the_content --><!-- AddThis Share Buttons generic via filter on the_content -->","protected":false},"excerpt":{"rendered":"<p>O deputado federal Pompeo de Mattos, do PDT ga\u00facho, se manifestou em Plen\u00e1rio da C\u00e2mara dos Deputados, nessa ter\u00e7a-feira (5), sobre a proposta anticrime do Executivo apresentado \u00e0 Casa pelo ministro da Justi\u00e7a e Seguran\u00e7a P\u00fablica, S\u00e9rgio Moro. O texto altera diversos pontos da legisla\u00e7\u00e3o penal para consolidar o entendimento sobre a pris\u00e3o ap\u00f3s condena\u00e7\u00e3o&#8230;<!-- AddThis Advanced Settings generic via filter on wp_trim_excerpt --><!-- AddThis Share Buttons generic via filter on wp_trim_excerpt --><\/p>\n","protected":false},"author":17,"featured_media":62527,"comment_status":"closed","ping_status":"closed","sticky":false,"template":"","format":"standard","meta":{"_monsterinsights_skip_tracking":false,"_monsterinsights_sitenote_active":false,"_monsterinsights_sitenote_note":"","_monsterinsights_sitenote_category":0,"_uf_show_specific_survey":0,"_uf_disable_surveys":false,"footnotes":""},"categories":[1390],"tags":[],"class_list":["post-62526","post","type-post","status-publish","format-standard","has-post-thumbnail","hentry","category-editorias"],"acf":[],"_links":{"self":[{"href":"https:\/\/pdt-rj.org.br\/index.php\/wp-json\/wp\/v2\/posts\/62526","targetHints":{"allow":["GET"]}}],"collection":[{"href":"https:\/\/pdt-rj.org.br\/index.php\/wp-json\/wp\/v2\/posts"}],"about":[{"href":"https:\/\/pdt-rj.org.br\/index.php\/wp-json\/wp\/v2\/types\/post"}],"author":[{"embeddable":true,"href":"https:\/\/pdt-rj.org.br\/index.php\/wp-json\/wp\/v2\/users\/17"}],"replies":[{"embeddable":true,"href":"https:\/\/pdt-rj.org.br\/index.php\/wp-json\/wp\/v2\/comments?post=62526"}],"version-history":[{"count":3,"href":"https:\/\/pdt-rj.org.br\/index.php\/wp-json\/wp\/v2\/posts\/62526\/revisions"}],"predecessor-version":[{"id":62852,"href":"https:\/\/pdt-rj.org.br\/index.php\/wp-json\/wp\/v2\/posts\/62526\/revisions\/62852"}],"wp:featuredmedia":[{"embeddable":true,"href":"https:\/\/pdt-rj.org.br\/index.php\/wp-json\/wp\/v2\/media\/62527"}],"wp:attachment":[{"href":"https:\/\/pdt-rj.org.br\/index.php\/wp-json\/wp\/v2\/media?parent=62526"}],"wp:term":[{"taxonomy":"category","embeddable":true,"href":"https:\/\/pdt-rj.org.br\/index.php\/wp-json\/wp\/v2\/categories?post=62526"},{"taxonomy":"post_tag","embeddable":true,"href":"https:\/\/pdt-rj.org.br\/index.php\/wp-json\/wp\/v2\/tags?post=62526"}],"curies":[{"name":"wp","href":"https:\/\/api.w.org\/{rel}","templated":true}]}}