{"id":62381,"date":"2019-02-04T16:43:06","date_gmt":"2019-02-04T18:43:06","guid":{"rendered":"http:\/\/pdt-rj.org.br\/?p=62381"},"modified":"2019-02-04T19:37:22","modified_gmt":"2019-02-04T21:37:22","slug":"centro-de-memoria-da-juventude-vai-se-chamar-danilo-groff","status":"publish","type":"post","link":"https:\/\/pdt-rj.org.br\/index.php\/centro-de-memoria-da-juventude-vai-se-chamar-danilo-groff\/","title":{"rendered":"Centro de Mem\u00f3ria da Juventude se chamar\u00e1 &#8216;Danilo Groff&#8217;"},"content":{"rendered":"<p>Na \u00faltima quinta-feira (31), Everton Gomes, vice-presidente da Funda\u00e7\u00e3o Leonel Brizola \u2013 Alberto Pasqualini do Rio de Janeiro (FLB-AP\/RJ), e William Rodrigues, presidente nacional da Juventude Socialista, assinaram em conjunto com Ionne Groff, Ivana Groff e Danilo Groff Filho \u2013 esposa e filhos, respectivamente, de Danilo Groff \u2013 a autoriza\u00e7\u00e3o para que o Centro de Mem\u00f3ria da Juventude tenha o nome do militante hist\u00f3rico trabalhista. <\/p>\n<p> A ideia do Centro de Mem\u00f3ria surgiu com o intuito de reunir, organizar, catalogar e difundir a mem\u00f3ria da Juventude atrav\u00e9s de uma plataforma virtual.<\/p>\n<p>De acordo com Everton Gomes, o Centro de Mem\u00f3ria vai contribuir e fortalecer o compromisso da Funda\u00e7\u00e3o com as suas responsabilidades social e hist\u00f3rica. \u201cTenho certeza que FLB-AP\/RJ e a Juventude Socialista v\u00e3o produzir o exerc\u00edcio da cidadania e o acesso \u00e0 informa\u00e7\u00e3o, \u00e0 cultura e \u00e0 mem\u00f3ria hist\u00f3rica, possibilitando o conhecimento e a frui\u00e7\u00e3o de bens culturais. Fico muito feliz em participar deste momento hist\u00f3rico\u201d, disse ele.  <br \/> J\u00e1 William Rodrigues explicou que o centro \u00e9 um \u201cmarco na hist\u00f3ria da JS\u201d e que partir de agora \u201ca hist\u00f3ria est\u00e1 preservada e acess\u00edvel para os que chegam\u201d. E terminou conclamando a constru\u00e7\u00e3o coletiva deste projeto. \u201cPrecisamos que todos que tenham um peda\u00e7o da nossa hist\u00f3ria nos ajudem a reunir tudo isso\u201d. <\/p>\n<p><strong>Danilo Groff: militante hist\u00f3rico trabalhista e presidente de honra da Juventude Socialista<\/strong><\/p>\n<p>Danilo Groff foi hist\u00f3rico militante trabalhista, presidente nacional da Mocidade Trabalhista, antes do golpe de 64. Perseguido pelo governo militar. Assessorou Leonel Brizola em seus governos no Rio Grande do Sul e no Rio de Janeiro. Esteve em diversos Estados do Norte do Brasil, organizando e fundando o PDT. Enviado especial de Brizola, tinha a miss\u00e3o de consolidar a proposta da sigla no pa\u00eds. Tamb\u00e9m atuou nas Diretas J\u00e1.<br \/> Groff foi um dos protagonistas do protesto de 25 de junho de 1987, na Pra\u00e7a XV, no centro do Rio de Janeiro, resultado de revolta contra o Plano Cruzado II, baixado pelo ent\u00e3o presidente da Rep\u00fablica, Jos\u00e9 Sarney. No epis\u00f3dio, Groff foi preso e mantido incomunic\u00e1vel.<\/p>\n<p>Mesmo com sa\u00fade delicada, Groff, mantinha a rotina de militante pol\u00edtico, participando de compromissos partid\u00e1rios como membro dos diret\u00f3rios regional e nacional do PDT. Era presidente de honra da Juventude Socialista. Danilo Groff faleceu no dia  04\/08\/2010, aos 76 anos, v\u00edtima de uma parada card\u00edaca.<\/p>\n<!-- AddThis Advanced Settings generic via filter on the_content --><!-- AddThis Share Buttons generic via filter on the_content -->","protected":false},"excerpt":{"rendered":"<p>Na \u00faltima quinta-feira (31), Everton Gomes, vice-presidente da Funda\u00e7\u00e3o Leonel Brizola \u2013 Alberto Pasqualini do Rio de Janeiro (FLB-AP\/RJ), e William Rodrigues, presidente nacional da Juventude Socialista, assinaram em conjunto com Ionne Groff, Ivana Groff e Danilo Groff Filho \u2013 esposa e filhos, respectivamente, de Danilo Groff \u2013 a autoriza\u00e7\u00e3o para que o Centro de&#8230;<!-- AddThis Advanced Settings generic via filter on wp_trim_excerpt --><!-- AddThis Share Buttons generic via filter on wp_trim_excerpt --><\/p>\n","protected":false},"author":17,"featured_media":62386,"comment_status":"closed","ping_status":"closed","sticky":false,"template":"","format":"standard","meta":{"_monsterinsights_skip_tracking":false,"_monsterinsights_sitenote_active":false,"_monsterinsights_sitenote_note":"","_monsterinsights_sitenote_category":0,"_uf_show_specific_survey":0,"_uf_disable_surveys":false,"footnotes":""},"categories":[1390,1397],"tags":[],"class_list":["post-62381","post","type-post","status-publish","format-standard","has-post-thumbnail","hentry","category-editorias","category-movimentos"],"acf":[],"_links":{"self":[{"href":"https:\/\/pdt-rj.org.br\/index.php\/wp-json\/wp\/v2\/posts\/62381","targetHints":{"allow":["GET"]}}],"collection":[{"href":"https:\/\/pdt-rj.org.br\/index.php\/wp-json\/wp\/v2\/posts"}],"about":[{"href":"https:\/\/pdt-rj.org.br\/index.php\/wp-json\/wp\/v2\/types\/post"}],"author":[{"embeddable":true,"href":"https:\/\/pdt-rj.org.br\/index.php\/wp-json\/wp\/v2\/users\/17"}],"replies":[{"embeddable":true,"href":"https:\/\/pdt-rj.org.br\/index.php\/wp-json\/wp\/v2\/comments?post=62381"}],"version-history":[{"count":10,"href":"https:\/\/pdt-rj.org.br\/index.php\/wp-json\/wp\/v2\/posts\/62381\/revisions"}],"predecessor-version":[{"id":62422,"href":"https:\/\/pdt-rj.org.br\/index.php\/wp-json\/wp\/v2\/posts\/62381\/revisions\/62422"}],"wp:featuredmedia":[{"embeddable":true,"href":"https:\/\/pdt-rj.org.br\/index.php\/wp-json\/wp\/v2\/media\/62386"}],"wp:attachment":[{"href":"https:\/\/pdt-rj.org.br\/index.php\/wp-json\/wp\/v2\/media?parent=62381"}],"wp:term":[{"taxonomy":"category","embeddable":true,"href":"https:\/\/pdt-rj.org.br\/index.php\/wp-json\/wp\/v2\/categories?post=62381"},{"taxonomy":"post_tag","embeddable":true,"href":"https:\/\/pdt-rj.org.br\/index.php\/wp-json\/wp\/v2\/tags?post=62381"}],"curies":[{"name":"wp","href":"https:\/\/api.w.org\/{rel}","templated":true}]}}