{"id":62376,"date":"2019-02-04T14:30:51","date_gmt":"2019-02-04T16:30:51","guid":{"rendered":"http:\/\/pdt-rj.org.br\/?p=62376"},"modified":"2019-02-04T14:38:00","modified_gmt":"2019-02-04T16:38:00","slug":"fevereiro-retrospectiva-politica","status":"publish","type":"post","link":"https:\/\/pdt-rj.org.br\/index.php\/fevereiro-retrospectiva-politica\/","title":{"rendered":"Fevereiro: retrospectiva pol\u00edtica"},"content":{"rendered":"<p><strong>02 de fevereiro de 1988<\/strong><\/p>\n<p>Foi aprovado pelo plen\u00e1rio da Constituinte, a emenda de autoria do Deputado Federal Carlos Alberto de Oliveira-Ca\u00f3, eleito pelo PDT do Rio de Janeiro, estabelecendo que o racismo passava a ser um crime inafian\u00e7\u00e1vel e imprescrit\u00edvel. Constitui\u00e7\u00e3o Federal de 1988, Artigo 5\u00ba, inciso 42.   Loas ao saudoso e valoroso companheiro Ca\u00f3, baiano da gema.<\/p>\n<p><strong>11 de fevereiro de 1990<\/strong><\/p>\n<p>Depois de cumprir 26 anos de pris\u00e3o, Nelson Mandela \u00e9 libertado pelo governo racista da \u00c1frica do Sul. Livre afirmou: \u201cQuero relembrar minhas palavras durante o meu julgamento, em 1964. Elas s\u00e3o t\u00e3o v\u00e1lidas hoje como \u00e0quela \u00e9poca. Eu disse: Lutei contra a domina\u00e7\u00e3o branca e lutei contra a domina\u00e7\u00e3o negra. Acalentei o desejo de uma sociedade livre e democr\u00e1tica, em que que todas as pessoas vivessem juntas, em harmonia e com oportunidades iguais. \u00c9 um ideal pelo qual espero viver e ver se concretizar mas, se for necess\u00e1rio, \u00e9 um ideal pelo qual estou disposto a morrer\u201d. No Brasil estamos longe de emplacar o sonho de Mandela.<\/p>\n<p><strong>15 de fevereiro de 1981<\/strong><\/p>\n<p>Foi criado por Brizola, a JS \u2013Juventude Socialista do PDT \u2013 Partido Democr\u00e1tico Trabalhista. Os l\u00edderes trabalhistas, sempre deram \u00eanfase ao movimento social da juventude (s\u00f3 cresce quem renova). No PTB criado por Vargas, em 1945 os jovens do RS militavam na Ala Mo\u00e7a, da qual Brizola, aos 23 anos foi seu primeiro presidente e se elegeu deputado estadual aos 25 anos. Na d\u00e9cada de 50, esse movimento passou a chamar-se Mocidade Trabalhista, tendo este militante, sido no RS, o seu \u00faltimo Presidente at\u00e9 o golpe de 1964.<\/p>\n<p><strong>17 de fevereiro de 1997<\/strong><\/p>\n<p>Os brasileiros perderam o mestre Darcy Ribeiro. Antrop\u00f3logo, escritor e pol\u00edtico, ao lado do baiano An\u00edsio Teixeira, notabilizou-se pelo seu foco na educa\u00e7\u00e3o. Foi Ministro da Educa\u00e7\u00e3o e Chefe da Casa Civil do presidente Jo\u00e3o Goulart. Cassado pelo golpe militar de 1964, ficou exilado no Uruguai. No primeiro governo de Brizola no Rio de Janeiro, ent\u00e3o vice-governador, criou os CIEPS \u2013 Centros Integrados de Ensino P\u00fablico e fundou e implantou a Universidade do Norte Fluminense que leva o seu nome. Eleito Senador pelo Rio de janeiro em 1990, exerceu o mandato at\u00e9 a sua morte em 1997.<\/p>\n<p><strong>22 de fevereiro de 1954<\/strong><\/p>\n<p>Manifesto dos Coron\u00e9is, assinado por 42 militares, encabe\u00e7ado pelo Cel. Golbery, exigiram do Presidente Vargas, a demiss\u00e3o do Ministro Jo\u00e3o Goulart pela proposta do aumento de 100% do sal\u00e1rio m\u00ednimo. Get\u00falio atendeu os Coron\u00e9is, mas em 1\u00ba de maio concedeu o aumento. Esses mesmos Coron\u00e9is, promovidos a General, em 1964, derrubaram novamente Jango, nessa ocasi\u00e3o da Presid\u00eancia da Rep\u00fablica. Uma vez golpista, sempre golpista.<\/p>\n<p><strong>24 de fevereiro de 1932<\/strong><\/p>\n<p>O Presidente Get\u00falio Vargas, atrav\u00e9s do decreto 21.076, instituiu o voto secreto, o direito das mulheres votar e serem votadas. A conquista do voto feminino, foi o resultado de uma luta iniciada antes da Proclama\u00e7\u00e3o da Rep\u00fablica. O momento pol\u00edtico \u00e9 propicio para as mulheres, al\u00e9m de votar serem votadas.<\/p>\n<pre class=\"wp-block-code\"><code>                <\/code><\/pre>\n<p><strong><em>Hari Alexandre Brust, \u00e9 membro da Executiva Estadual do PDT e presidente da Executiva Municipal de Salvador<\/em><\/strong><\/p>\n<!-- AddThis Advanced Settings generic via filter on the_content --><!-- AddThis Share Buttons generic via filter on the_content -->","protected":false},"excerpt":{"rendered":"<p>02 de fevereiro de 1988 Foi aprovado pelo plen\u00e1rio da Constituinte, a emenda de autoria do Deputado Federal Carlos Alberto de Oliveira-Ca\u00f3, eleito pelo PDT do Rio de Janeiro, estabelecendo que o racismo passava a ser um crime inafian\u00e7\u00e1vel e imprescrit\u00edvel. Constitui\u00e7\u00e3o Federal de 1988, Artigo 5\u00ba, inciso 42. Loas ao saudoso e valoroso companheiro&#8230;<!-- AddThis Advanced Settings generic via filter on wp_trim_excerpt --><!-- AddThis Share Buttons generic via filter on wp_trim_excerpt --><\/p>\n","protected":false},"author":17,"featured_media":62379,"comment_status":"closed","ping_status":"closed","sticky":false,"template":"","format":"standard","meta":{"_monsterinsights_skip_tracking":false,"_monsterinsights_sitenote_active":false,"_monsterinsights_sitenote_note":"","_monsterinsights_sitenote_category":0,"_uf_show_specific_survey":0,"_uf_disable_surveys":false,"footnotes":""},"categories":[1584,1390],"tags":[],"class_list":["post-62376","post","type-post","status-publish","format-standard","has-post-thumbnail","hentry","category-artigos","category-editorias"],"acf":[],"_links":{"self":[{"href":"https:\/\/pdt-rj.org.br\/index.php\/wp-json\/wp\/v2\/posts\/62376","targetHints":{"allow":["GET"]}}],"collection":[{"href":"https:\/\/pdt-rj.org.br\/index.php\/wp-json\/wp\/v2\/posts"}],"about":[{"href":"https:\/\/pdt-rj.org.br\/index.php\/wp-json\/wp\/v2\/types\/post"}],"author":[{"embeddable":true,"href":"https:\/\/pdt-rj.org.br\/index.php\/wp-json\/wp\/v2\/users\/17"}],"replies":[{"embeddable":true,"href":"https:\/\/pdt-rj.org.br\/index.php\/wp-json\/wp\/v2\/comments?post=62376"}],"version-history":[{"count":3,"href":"https:\/\/pdt-rj.org.br\/index.php\/wp-json\/wp\/v2\/posts\/62376\/revisions"}],"predecessor-version":[{"id":62380,"href":"https:\/\/pdt-rj.org.br\/index.php\/wp-json\/wp\/v2\/posts\/62376\/revisions\/62380"}],"wp:featuredmedia":[{"embeddable":true,"href":"https:\/\/pdt-rj.org.br\/index.php\/wp-json\/wp\/v2\/media\/62379"}],"wp:attachment":[{"href":"https:\/\/pdt-rj.org.br\/index.php\/wp-json\/wp\/v2\/media?parent=62376"}],"wp:term":[{"taxonomy":"category","embeddable":true,"href":"https:\/\/pdt-rj.org.br\/index.php\/wp-json\/wp\/v2\/categories?post=62376"},{"taxonomy":"post_tag","embeddable":true,"href":"https:\/\/pdt-rj.org.br\/index.php\/wp-json\/wp\/v2\/tags?post=62376"}],"curies":[{"name":"wp","href":"https:\/\/api.w.org\/{rel}","templated":true}]}}