{"id":62356,"date":"2019-02-02T01:03:35","date_gmt":"2019-02-02T03:03:35","guid":{"rendered":"http:\/\/pdt-rj.org.br\/?p=62356"},"modified":"2019-02-02T01:23:29","modified_gmt":"2019-02-02T03:23:29","slug":"56a-legislatura-conheca-a-nova-bancada-pedetista-na-camara-dos-deputados","status":"publish","type":"post","link":"https:\/\/pdt-rj.org.br\/index.php\/56a-legislatura-conheca-a-nova-bancada-pedetista-na-camara-dos-deputados\/","title":{"rendered":"56\u00aa Legislatura: Conhe\u00e7a a nova bancada pedetista na C\u00e2mara dos Deputados"},"content":{"rendered":"<p>Vinte e oito deputados do PDT tomaram posse no in\u00edcio da 56\u00aa Legislatura da C\u00e2mara dos Deputados. Nos pr\u00f3ximos quatros anos, os parlamentares v\u00e3o refor\u00e7ar a atua\u00e7\u00e3o pedetista em defesa dos trabalhadores, da educa\u00e7\u00e3o, da sa\u00fade e da soberania nacional, pelo desenvolvimento do Pa\u00eds.<\/p>\n<p>A representa\u00e7\u00e3o feminina da legenda aumentou. O PDT conta agora com tr\u00eas deputadas: Fl\u00e1via Morais, que se reelegeu por Goi\u00e1s, e as novatas Silvia Cristina (RO) e Tabata Amaral (SP). Entre os deputados reeleitos que estiveram em exerc\u00edcio na \u00faltima legislatura, est\u00e3o Andr\u00e9 Figueiredo (CE), atual l\u00edder na Casa; S\u00e9rgio Vidigal (ES); e Pompeo de Mattos (RS), presidente da Comiss\u00e3o de Legisla\u00e7\u00e3o Participativa. Gustavo Fruet (PR), Paulo Ramos (RJ) e Fl\u00e1vio Nogueira (PI) voltam \u00e0 C\u00e2mara para um novo mandato.<\/p>\n<p>Com uma renova\u00e7\u00e3o de quase 55% do seu quadro, o partido chega a esta legislatura com um n\u00famero de deputados 40% maior em rela\u00e7\u00e3o \u00e0 \u00faltima legislatura (55\u00aa), quando 20 parlamentares integravam a bancada pedetista. Sua principal miss\u00e3o \u00e9 encarar o desafio de ser oposi\u00e7\u00e3o ao Governo de forma respons\u00e1vel, em prol de todos os brasileiros, contra todo tipo de retrocesso.<\/p>\n<p>Confira a nova composi\u00e7\u00e3o do PDT da C\u00e2mara dos Deputados:<\/p>\n<p>AFONSO MOTTA<\/p>\n<p>Reeleito pelo Rio Grande do Sul com mais de 65 mil votos, Afonso da Motta est\u00e1 no terceiro mandato como deputado federal. Natural de Alegrete (RS), Motta \u00e9 advogado e produtor rural. Atualmente, \u00e9 vice-presidente estadual do PDT. Foi secret\u00e1rio de governo no estado e trabalhou em diversas fun\u00e7\u00f5es no Grupo RBS de Comunica\u00e7\u00e3o, sendo o idealizador do Canal Rural. Presidiu a Associa\u00e7\u00e3o Ga\u00facha de Emissoras de R\u00e1dio e Televis\u00e3o (AGERT-RS). Membro do Instituto dos Advogados do Rio Grande do Sul, foi conselheiro da OAB e integrou as comiss\u00f5es de \u00c9tica e Disciplina, de Estudos dos Problemas da Terra e a Comiss\u00e3o Especial de Pol\u00edticas Criminais e Seguran\u00e7a P\u00fablica. Tamb\u00e9m integrou o F\u00f3rum Nacional da Agricultura.<\/p>\n<p>ALEX SANTANA<\/p>\n<p>Alex Santana \u00e9 natural de Salvador (BA). Eleito pelos baianos com mais de 62 mil votos para seu primeiro mandato na C\u00e2mara dos Deputados, tem seu foco de atua\u00e7\u00e3o na defesa de pol\u00edticas p\u00fablicas que promovam a valoriza\u00e7\u00e3o da vida com base nos princ\u00edpios crist\u00e3os, a liberdade religiosa e a prote\u00e7\u00e3o das mulheres em condi\u00e7\u00e3o de risco. Em 2016, criou um trabalho de constru\u00e7\u00e3o e desenvolvimento de a\u00e7\u00f5es sociais para o atendimento de comunidades carentes e em situa\u00e7\u00e3o de risco. Tamb\u00e9m tem como bandeira a valoriza\u00e7\u00e3o do trabalho das entidades associativas.<\/p>\n<p>ANDR\u00c9 FIGUEIREDO<\/p>\n<p>Reeleito pelo Cear\u00e1, Andr\u00e9 Figueiredo est\u00e1 em seu quarto mandato na C\u00e2mara dos Deputados.  Economista e advogado, sua atua\u00e7\u00e3o pol\u00edtica na Casa garantiu a aprova\u00e7\u00e3o de mat\u00e9rias importantes, como o projeto dos royalties do petr\u00f3leo sancionado em setembro de 2013. Relator da mat\u00e9ria, Andr\u00e9 Figueiredo garantiu a aprova\u00e7\u00e3o do texto que assegurou 75% dos recursos do pr\u00e9-sal para a educa\u00e7\u00e3o e 25% para a sa\u00fade. Como relator da Medida Provis\u00f3ria 529\/11, transformada na Lei 12.470\/11, incorporou ao texto da norma a manuten\u00e7\u00e3o do pagamento do Benef\u00edcio de Presta\u00e7\u00e3o Continuada (BPC) aos aprendizes com defici\u00eancia. Com a medida, mais de 45 mil brasileiros com algum tipo de defici\u00eancia que desejam ingressar no mercado de trabalho como aprendizes podem acumular o sal\u00e1rio-aprendizagem com o BPC. L\u00edder da bancada na C\u00e2mara e considerado pelo DIAP, por sete anos consecutivos, um dos 100 parlamentares mais influentes do Congresso Nacional, \u00e9 vice-presidente nacional do PDT e presidente do partido no Cear\u00e1.<\/p>\n<p>CHICO D\u00b4\u00c2NGELO<\/p>\n<p>Reeleito pelo Rio de Janeiro para o quarto mandato na C\u00e2mara, Chico D\u2019Angelo \u00e9 m\u00e9dico formado pela Faculdade de Medicina de Campos, cidade onde nasceu. Fez resid\u00eancia m\u00e9dica na Santa Casa de Miseric\u00f3rdia, no Rio de Janeiro. Aliou, desde cedo, o trabalho como m\u00e9dico \u00e0 milit\u00e2ncia pol\u00edtica na \u00e1rea da sa\u00fade. Representou os m\u00e9dicos residentes da Santa Casa, dirigiu o Sindicato dos M\u00e9dicos do Rio de Janeiro, o Conselho Regional de Medicina de Niter\u00f3i e a Federa\u00e7\u00e3o Nacional dos M\u00e9dicos. Como secret\u00e1rio municipal de Sa\u00fade de Niter\u00f3i, inaugurou a primeira maternidade p\u00fablica da cidade, criou a Unidade de Sa\u00fade M\u00e1rio Monteiro, pioneira na implanta\u00e7\u00e3o de unidade de urg\u00eancia com a l\u00f3gica pr\u00e9-hospitalar, e implantou centros de aten\u00e7\u00e3o psicossocial para dependentes qu\u00edmicos e para crian\u00e7as e adolescentes. Foi respons\u00e1vel pela reabertura da emerg\u00eancia pedi\u00e1trica do hospital Getulinho, refer\u00eancia no atendimento \u00e0s crian\u00e7as. Na C\u00e2mara, encampa a luta pela sa\u00fade p\u00fablica de qualidade e acess\u00edvel, pelo fortalecimento do SUS e em defesa da cultura nacional. Foi presidente da Frente Parlamentar de HIV-Aids e da Comiss\u00e3o de Cultura.<\/p>\n<p>DAGOBERTO NOGUEIRA<\/p>\n<p>Reeleito por Mato Grosso do Sul com mais de 40 mil votos, Dagoberto Nogueira est\u00e1 em seu terceiro mandato na C\u00e2mara. Natural de S\u00e3o Jos\u00e9 do Rio Preto (SP), iniciou sua trajet\u00f3ria pol\u00edtica em 1993, no PDT.  Advogado e administrador de empresas, exerceu os cargos de sub-chefe da Casa Civil, secret\u00e1rio de Justi\u00e7a, Trabalho e A\u00e7\u00e3o Social, diretor-presidente do Departamento Estadual de Tr\u00e2nsito (Detran), secret\u00e1rio de Justi\u00e7a e Seguran\u00e7a P\u00fablica e secret\u00e1rio de Produ\u00e7\u00e3o e Turismo em Mato Grosso do Sul. Em 2002, conquistou uma vaga na Assembleia Legislativa de MS e em 2006 elegeu-se para o primeiro mandato como deputado federal.<\/p>\n<p>DAMI\u00c3O FELICIANO<\/p>\n<p>M\u00e9dico por forma\u00e7\u00e3o, o deputado paraibano Dami\u00e3o Feliciano est\u00e1 em sua sexta legislatura e tem atuado no combate \u00e0s desigualdades sociais, na constru\u00e7\u00e3o de pol\u00edticas de apoio \u00e0 popula\u00e7\u00e3o negra e na melhoria das condi\u00e7\u00f5es de trabalho dos enfermeiros, t\u00e9cnicos e auxiliares de enfermagem e parteiras.  O parlamentar defende a aprova\u00e7\u00e3o do projeto que trata da redu\u00e7\u00e3o da jornada de trabalho dos enfermeiros para 30 horas e da proposta que fixa piso salarial para m\u00e9dicos e dentistas.  O deputado \u00e9 autor do PL 4.697\/12, que destina obrigatoriamente 50% das vagas de est\u00e1gio no setor privado a alunos de escolas p\u00fablicas dos ensinos m\u00e9dio e superior.<\/p>\n<p>EDUARDO BISMARK<\/p>\n<p>Eduardo Bismarck \u00e9 natural de Fortaleza (CE). Foi eleito pelo Cear\u00e1 com mais de 87 mil votos para o seu primeiro mandato na C\u00e2mara. Bacharel em direito pelo Uniceub (Bras\u00edlia), atuou por v\u00e1rios anos nas \u00e1reas civil e administrativa, com \u00eanfase nos setores de energia e minera\u00e7\u00e3o. Advogou tamb\u00e9m para entidades representativas de trabalhadores e lecionou como professor convidado em cursos de p\u00f3s-gradua\u00e7\u00e3o.<\/p>\n<p>F\u00c1BIO HENRIQUE<\/p>\n<p>Eleito com mais de 35 mil votos por Sergipe para o primeiro mandato na C\u00e2mara, F\u00e1bio Henrique \u00e9 advogado e policial rodovi\u00e1rio federal. Nascido em Sim\u00e3o Dias (SE), \u00e9 formado em direito pela Universidade Tiradentes. Deu in\u00edcio \u00e0 sua trajet\u00f3ria pol\u00edtica em 2004, quando se elegeu vereador de Aracaju pelo PDT como o candidato o mais votado da cidade.<\/p>\n<p>Em 2008, foi eleito prefeito de Nossa Senhora do Socorro. Assumiu, em 2017, a Secretaria de Turismo do estado.<\/p>\n<p>F\u00c9LIX MENDON\u00c7A<\/p>\n<p>Formado em Administra\u00e7\u00e3o de Empresas, F\u00e9lix Mendon\u00e7a Jr. chega ao seu terceiro mandato atuando em defesa do trabalhador, do consumidor e do produtor rural, pela melhoria da educa\u00e7\u00e3o, da sa\u00fade, do transporte p\u00fablico e da infraestrutura urbana. Foi l\u00edder da bancada do PDT na C\u00e2mara em 2014 e presidente da Comiss\u00e3o de Cultura em 2015.  \u00c9 autor do projeto que cria os selos verdes Cacau Cabruca e Cacau Amaz\u00f4nia para atestar a sustentabilidade e os interesses social e ambiental da cacauicultura brasileira (PL 3.665\/12); do PL 3.013\/11, que institui o Selo Pr\u00f3-Ar e a certifica\u00e7\u00e3o dos n\u00edveis de emiss\u00e3o de gases poluentes dos ve\u00edculos automotores; e do PL 1.978\/11, que tipifica o crime de denuncia\u00e7\u00e3o caluniosa com finalidade eleitoral.<\/p>\n<p>FL\u00c1VIA MORAIS<\/p>\n<p>Fl\u00e1via Morais foi reeleita para a terceira legislatura na C\u00e2mara com mais de 169 mil votos, a segunda maior vota\u00e7\u00e3o do estado de Goi\u00e1s. Formada em educa\u00e7\u00e3o f\u00edsica, a deputada iniciou sua trajet\u00f3ria pol\u00edtica como secret\u00e1ria municipal de Assist\u00eancia Social de Santa B\u00e1rbara de Goi\u00e1s. Na C\u00e2mara desde 2010, a parlamentar tem atuado em defesa dos direitos humanos e das minorias, pela educa\u00e7\u00e3o e pela sa\u00fade de qualidade para todos os brasileiros. Presidiu a Comiss\u00e3o de Legisla\u00e7\u00e3o Participativa em 2017 e foi relatora, em 2012, da CPI do Tr\u00e1fico de Pessoas. \u00c9 autora da proposta que concede linha de cr\u00e9dito aos propriet\u00e1rios rurais nos mesmos moldes em que s\u00e3o concedidos aos agricultores familiares e da emenda de Plen\u00e1rio que estabelece o prazo m\u00e1ximo de 60 dias, contados do diagn\u00f3stico m\u00e9dico, para o paciente receber, pelo Sistema \u00danico de Sa\u00fade (SUS), o tratamento dispon\u00edvel contra o c\u00e2ncer, incluindo cirurgia, radio e quimioterapia (Lei 12.732\/12).<\/p>\n<p>FL\u00c1VIO NOGUEIRA<\/p>\n<p>Quarto candidato mais votado do Piau\u00ed (111.672 votos), Fl\u00e1vio Nogueira volta \u00e0 C\u00e2mara para a sua segunda legislatura. Em 2015, assumiu o primeiro mandato como suplente. Natural de Alto Santo (CE), \u00e9 presidente do Diret\u00f3rio Estadual do PDT no Piau\u00ed.<\/p>\n<p>M\u00e9dico formado pela UFPI, \u00e9 especialista em cirurgia tor\u00e1cica e cancerologia pelo Instituto Nacional do C\u00e2ncer do Rio de Janeiro. Estagiou no Royal Brompton Hospital (Inglaterra), integrou o staff de cirurgia tor\u00e1cica do Hospital Sousa Aguiar (RJ) e foi professor na Faculdade de Medicina de Valen\u00e7a (RJ). Em Teresina, ocupou, por 20 anos, o cargo de diretor cl\u00ednico do Hospital S\u00e3o Marcos. \u00c9 ex-presidente do Sindicato dos M\u00e9dicos do Piau\u00ed e ex-conselheiro do Conselho Regional de Medicina do Estado.<\/p>\n<p>Em 1998, foi eleito pelo PT para o primeiro mandato como deputado estadual no Piau\u00ed. Em seguida, filiou-se ao PDT, sendo reeleito para mais duas legislaturas. Em 2010, disputou o cargo de vice-governador na chapa encabe\u00e7ada por Jo\u00e3o Vicente Claudino. Exerceu a presid\u00eancia da Funda\u00e7\u00e3o Municipal de Sa\u00fade de Teresina e do Instituto de Assist\u00eancia e Previd\u00eancia do Estado do Piau\u00ed (IAPEP), al\u00e9m de secret\u00e1rio de Defesa Civil, das Cidades e de Turismo.<\/p>\n<p>GIL CUTRIM<\/p>\n<p>Eleito com mais de 72 mil votos para o primeiro mandato na C\u00e2mara, Gil Cutrim nasceu em S\u00e3o Lu\u00eds (MA). Formado em direito pela universidade CEUMA, atuou como agente judici\u00e1rio, assessor parlamentar e assessor-chefe de desembargador.<\/p>\n<p>Em 2008, foi eleito vice-prefeito de S\u00e3o Jos\u00e9 de Ribamar, terceira maior cidade do Maranh\u00e3o, vindo a assumir a prefeitura em 2010, ap\u00f3s ren\u00fancia do prefeito.<\/p>\n<p>Em 2011, foi reeleito prefeito com 69,25% dos votos. Assumiu a presid\u00eancia da Federa\u00e7\u00e3o dos Munic\u00edpios do Maranh\u00e3o (FAMEM) para o bi\u00eanio 2013-2014 com a maior vota\u00e7\u00e3o da hist\u00f3ria da entidade. Em 2015, foi o primeiro prefeito a ser reconduzido ao cargo de presidente da FAMEM.<\/p>\n<p>Condecorado com v\u00e1rios pr\u00eamios nacionais, foi considerado um dos cem melhores prefeitos do Brasil. Durante a sua gest\u00e3o, S\u00e3o Jos\u00e9 do Ribamar foi apontada pela revista Veja como uma das vinte metr\u00f3poles brasileiras do futuro.<\/p>\n<p>GUSTAVO FRUET<\/p>\n<p>Gustavo Bonato Fruet nasceu em Curitiba (PR) em 1963. \u00c9 filho de Ivete e Maur\u00edcio Fruet, que foi deputado estadual, deputado federal e prefeito de Curitiba. Retorna \u00e0 C\u00e2mara como o deputado federal mais votado em Curitiba, com 113.252 votos.<\/p>\n<p>Formado em direito pela Universidade Federal do Paran\u00e1, \u00e9 mestre em Direito P\u00fablico e doutor em Direito das Rela\u00e7\u00f5es Sociais pela mesma universidade.<\/p>\n<p>Iniciou sua atua\u00e7\u00e3o pol\u00edtica no movimento estudantil, tendo sido presidente do Centro Acad\u00eamico Hugo Simas, do curso de Direito da UFPR. Em 1996, foi eleito vereador em Curitiba. Dois anos depois, elegeu-se deputado federal ap\u00f3s uma campanha curta, na qual assumiu o lugar do pai, falecido poucos dias antes da elei\u00e7\u00e3o. Em 2002, foi reeleito para o segundo mandato como deputado federal, com 105.166 votos. Em 2012, elegeu-se prefeito de Curitiba com 597.200 votos (60,65%).<\/p>\n<p>IDILVAN ALENCAR<\/p>\n<p>Idilvan Alencar foi eleito pelo Cear\u00e1 para o primeiro mandato na C\u00e2mara com mais de 154 mil votos. Natural do Crato, regi\u00e3o do Cariri, \u00e9 graduado em engenharia civil pela Universidade de Fortaleza (Unifor) e mestre em Gest\u00e3o e Avalia\u00e7\u00e3o da Educa\u00e7\u00e3o P\u00fablica pela Universidade Federal de Juiz de Fora (UFJF). Tem especializa\u00e7\u00e3o em engenharia de produ\u00e7\u00e3o e em marketing. Autor de artigos publicados sobre educa\u00e7\u00e3o.<\/p>\n<p>Auditor fiscal de carreira, participou do processo de reestrutura\u00e7\u00e3o e redesenho de processos do governo estadual do Cear\u00e1. Ente 2007 e 2014, foi secret\u00e1rio-executivo da Secretaria da Educa\u00e7\u00e3o do estado. Em 2015, presidiu o Fundo Nacional de Desenvolvimento da Educa\u00e7\u00e3o (FNDE). Em 2016, assumiu como Secret\u00e1rio de Educa\u00e7\u00e3o do Cear\u00e1 e, em 2017, como presidente do Conselho Nacional de Secret\u00e1rios de Educa\u00e7\u00e3o (Consed).<\/p>\n<p>No comando da Secretaria da Educa\u00e7\u00e3o, proporcionou ao Cear\u00e1, em 2017, o maior salto no \u00cdndice de Desenvolvimento da Educa\u00e7\u00e3o B\u00e1sica (IDEB), passando do 12\u00ba lugar no Brasil para o 4\u00ba lugar \u2013 fruto do planejamento estrat\u00e9gico com foco na aprendizagem, valoriza\u00e7\u00e3o do magist\u00e9rio e coopera\u00e7\u00e3o entre estado e munic\u00edpios.<\/p>\n<p>JESUS S\u00c9RGIO DE MENEZES<\/p>\n<p>Jesus S\u00e9rgio de Menezes foi eleito pelo Acre para o seu primeiro mandato na C\u00e2mara. Formado em matem\u00e1tica, com MBA em Neg\u00f3cios Financeiros, atuou por 20 anos como professor da rede p\u00fablica de ensino e como banc\u00e1rio. Em 2012, foi eleito vereador em Tarauac\u00e1, sua cidade natal, e, em 2015, conquistou mandato como deputado estadual no Acre.<\/p>\n<p>Na Assembleia Legislativa do Acre, foi avaliado como o deputado estadual mais produtivo da legislatura. Apresentou, entre outros projetos, o que regulamenta o uso de celulares em escolas p\u00fablicas e o que pro\u00edbe o trote violento aos calouros nas universidades. Como deputado federal, pretende continuar atuando na defesa pelos direitos b\u00e1sicos da popula\u00e7\u00e3o acreana, somando esfor\u00e7os na busca de destina\u00e7\u00e3o de recursos para a educa\u00e7\u00e3o, sa\u00fade, trabalho e seguran\u00e7a p\u00fablica.<\/p>\n<p>LE\u00d4NIDAS CRISTINO<\/p>\n<p>Reeleito pelo Cear\u00e1 com mais de 102 mil votos, Le\u00f4nidas Cristino est\u00e1 em seu quarto mandato na C\u00e2mara. Engenheiro civil, tem larga atua\u00e7\u00e3o na \u00e1rea de engenharia rodovi\u00e1ria em v\u00e1rios estados. Foi diretor de Opera\u00e7\u00e3o da Superintend\u00eancia Municipal de Obras e Via\u00e7\u00e3o da Prefeitura de Fortaleza (Sumov) em 1989 e 1990 e secret\u00e1rio dos Transportes, Energia, Comunica\u00e7\u00f5es e Obras do Cear\u00e1 entre 1991 e 1994. Foi prefeito de Sobral (CE) por dois mandatos, entre 2005 e 2010. Em 2011, assumiu o cargo de ministro da Secretaria de Portos da Presid\u00eancia da Rep\u00fablica, quando lan\u00e7ou o Plano Nacional de Log\u00edstica Portu\u00e1ria (PNLP) e liderou o processo da aprova\u00e7\u00e3o do novo Marco Regulat\u00f3rio do Setor Portu\u00e1rio, que teve como resultado o aumento da produtividade, melhoraria da efici\u00eancia na gest\u00e3o, redu\u00e7\u00e3o de custos e expans\u00e3o dos investimentos portu\u00e1rios. Atualmente, preside a Frente Parlamentar Mista de Engenharia, Infraestrutura e Desenvolvimento Nacional.<\/p>\n<p>M\u00c1RIO HERINGER<\/p>\n<p>Presidente do PDT em Minas Gerais, M\u00e1rio Heringer exerce o quinto mandato na C\u00e2mara. M\u00e9dico ortopedista e gestor hospitalar, elegeu-se deputado federal pela primeira vez em 2002, aos 49 anos. Com atua\u00e7\u00e3o parlamentar pautada pela defesa dos direitos \u00e0 sa\u00fade, educa\u00e7\u00e3o e trabalho, foi reconhecido pelo DIAP, em 2010, como um dos \u201ccabe\u00e7as do Congresso Nacional\u201d, por sua influ\u00eancia nos trabalhos de articula\u00e7\u00e3o pol\u00edtica. Presidiu a Comiss\u00e3o de Direitos Humanos, a Frente Parlamentar dos Vereadores, coordenou a Bancada Mineira e foi Secret\u00e1rio de Rela\u00e7\u00f5es Internacionais da C\u00e2mara. Mario Heringer \u00e9 autor de diversos projetos de lei na \u00e1rea de seguran\u00e7a p\u00fablica voltados para o combate \u00e0s fac\u00e7\u00f5es criminosas que atuam em pres\u00eddios. Tamb\u00e9m s\u00e3o de sua autoria o projeto que estabelece regras para a preven\u00e7\u00e3o de acidentes em piscinas p\u00fablicas e privadas (PL 162\/07) e a proposta que pro\u00edbe a fabrica\u00e7\u00e3o e venda de produtos de higiene e cosm\u00e9ticos com microesferas de pl\u00e1stico (PL 6528\/16).<\/p>\n<p>MARLON SANTOS<\/p>\n<p>Marlon Arator Santos da Rosa chega \u00e0 C\u00e2mara para o primeiro mandato com 116.483 votos do eleitorado ga\u00facho.  Foi vereador e prefeito de Cachoeira do Sul (RS), sua cidade natal, e deputado estadual no Rio Grande do Sul por tr\u00eas mandatos. Na \u00faltima legislatura, para a qual obteve a maior vota\u00e7\u00e3o do estado, foi presidente da Assembleia Legislativa, onde tamb\u00e9m foi relator da Lei de Diretrizes Or\u00e7ament\u00e1rias e do Or\u00e7amento Estadual.<\/p>\n<p>Produtor rural, empres\u00e1rio, consultor de marketing e especialista em Biotecnologia e Neg\u00f3cios Agr\u00edcolas, tamb\u00e9m atua como escritor e realiza trabalhos medi\u00fanicos filantr\u00f3picos.<\/p>\n<p>MAURO FILHO<\/p>\n<p>Em seu primeiro mandato como deputado federal, Mauro Benevides Filho foi eleito pelo Cear\u00e1 com mais de 157 mil votos. Mauro Filho \u00e9 formado em economia pela Universidade de Bras\u00edlia e tem doutorado pela Universidade de Vanderbilt (EUA). Professor da Universidade Federal do Cear\u00e1, deu in\u00edcio \u00e0 sua trajet\u00f3ria pol\u00edtica quando assumiu a Secretaria de Finan\u00e7as da Prefeitura de Fortaleza na gest\u00e3o de Ciro Gomes.<\/p>\n<p>Em 1990, elegeu-se deputado estadual, licenciando-se do cargo para assumir a Secretaria de Planejamento do Cear\u00e1, no governo de Ciro Gomes. Esteve \u00e0 frente, ainda, das Secretarias de Administra\u00e7\u00e3o e de Fazenda. Reelegeu-se deputado estadual em 1994, 1998, 2002 e 2006.<\/p>\n<p>PAULO RAMOS<\/p>\n<p>Eleito pelo Rio de Janeiro, Paulo Ramos volta \u00e0 C\u00e2mara para seu terceiro mandato. Nascido em Realengo (RJ), \u00e9 oficial da reserva da PM, advogado, administrador de empresas e especialista em pol\u00edticas p\u00fablicas pela UFRJ.  Sua trajet\u00f3ria pol\u00edtica iniciou-se na d\u00e9cada de 1960, quando teve destacada participa\u00e7\u00e3o na luta contra a ditadura, pela anistia e pela redemocratiza\u00e7\u00e3o do pa\u00eds.<\/p>\n<p>Em 1998, foi eleito deputado estadual no Rio de Janeiro, sendo reeleito para outras quatro legislaturas: 2002, 2006, 2010 e 2014. Na Alerj, presidiu as comiss\u00f5es de Servidores P\u00fablicos, de Assuntos Municipais e Desenvolvimento Regional e de Trabalho, Legisla\u00e7\u00e3o Social e Seguridade Social. Tamb\u00e9m presidiu as Comiss\u00f5es Parlamentares de Inqu\u00e9rito que apuraram a viol\u00eancia contra policiais,  o desdobramento da recupera\u00e7\u00e3o judicial e da fal\u00eancia da Varig e a venda de ativos da Petrobras.<\/p>\n<p>Ao longo de quase vinte anos como deputado estadual, tornou-se grande defensor das diversas categorias de servidores p\u00fablicos, apoiando a sua luta por melhores planos de cargos e sal\u00e1rios e condi\u00e7\u00f5es de trabalho.<\/p>\n<p>Deputado federal entre 1987 e 1995, foi considerado Constituinte Nota 10 pelo DIAP, por ter defendido e votado favoravelmente aos direitos dos trabalhadores.<\/p>\n<p>POMPEO DE MATTOS<\/p>\n<p>Reeleito pelo Rio Grande do Sul para o quinto mandato, com mais de 80 mil votos, Pompeo de Mattos iniciou sua trajet\u00f3ria pol\u00edtica no movimento estudantil em Santo Augusto (RS), cidade onde nasceu, e no diret\u00f3rio acad\u00eamico de direito da Universidade de Cruz Alta.<\/p>\n<p>Ajudou a fundar o PDT. Em 1982, foi eleito vereador em Santo Augusto e, em 1986, o prefeito o mais jovem do Brasil. Sua gest\u00e3o foi marcada pela forte atua\u00e7\u00e3o na \u00e1rea da educa\u00e7\u00e3o. Em 1990 e 1994, foi eleito deputado estadual no Rio Grande do Sul.<\/p>\n<p>Na C\u00e2mara dos Deputados, luta por educa\u00e7\u00e3o e sa\u00fade de qualidade e atua em defesa dos trabalhadores, dos aposentadores e dos agricultores. Presidente da Comiss\u00e3o de Legisla\u00e7\u00e3o Participativa, \u00e9 autor de mais de 300 propostas legislativas.<\/p>\n<p>ROB\u00c9RIO MONTEIRO<\/p>\n<p>Marcos Rob\u00e9rio Monteiro foi eleito pelo Cear\u00e1 para o primeiro mandato na C\u00e2mara com mais de 131 mil votos. Nascido em Itarema (CE), tem 48 anos e \u00e9 empres\u00e1rio. Foi deputado estadual entre 2015 e 2018 e prefeito de Itarema por dois mandatos, entre 2005 e 2012, quando o munic\u00edpio figurou na lista das cidades que mais se desenvolveram no Cear\u00e1.<\/p>\n<p>Durante sua gest\u00e3o na prefeitura, foram constru\u00eddas, por meio de um programa de habita\u00e7\u00e3o, mais de 1.600 casas e um Centro Administrativo. Sua administra\u00e7\u00e3o foi reconhecida nacionalmente, sendo  premiada tr\u00eas vezes com o Selo Unicef e duas vezes com o Selo Verde. Rob\u00e9rio Monteiro tamb\u00e9m recebeu o t\u00edtulo de \u201cMelhor Prefeito do Brasil\u201d e esteve entre os \u201cMelhores Prefeitos do Estado do Cear\u00e1\u201d por oito vezes consecutivas.<\/p>\n<p>SERGIO VIDIGAL<\/p>\n<p>Sergio Vidigal nasceu em Vit\u00f3ria (ES). Formou-se em medicina pela Escola Superior de Ci\u00eancias da Santa Casa de Miseric\u00f3rdia de Vit\u00f3ria (Emescam) em 1980 e especializou-se em Psiquiatria pela Universidade do Estado do Rio de Janeiro (UERJ) em 1981. No mesmo ano, ingressou na Secretaria de Sa\u00fade do Esp\u00edrito Santo e passou a atuar como m\u00e9dico na Prefeitura da Serra.<\/p>\n<p>Iniciou sua trajet\u00f3ria pol\u00edtica no PDT em 1988. \u00c9 presidente estadual da sigla no Esp\u00edrito Santo. Em 1989, foi eleito vereador no munic\u00edpio da Serra. Atuou tamb\u00e9m como subsecret\u00e1rio estadual de Sa\u00fade em 1993. Em 1994, foi eleito deputado estadual.<\/p>\n<p>Em 1996, elegeu-se para o primeiro mandato como prefeito da Serra, sendo reeleito para o cargo em 2000 e, depois, em 2008. Em 2007, assumiu a Secretaria de Pol\u00edticas P\u00fablicas e Emprego do no Minist\u00e9rio do Trabalho, em Bras\u00edlia.<\/p>\n<p>Foi eleito para o primeiro mandato na C\u00e2mara em 2014 como o candidato mais votado do Esp\u00edrito Santo, com 161.744 votos. Somente na Serra, foram 96.968 votos. Em 2018, foi reeleito com mais de 73 mil votos.<\/p>\n<p>SILVIA CRISTINA<\/p>\n<p>Silvia Cristina foi eleita com mais de 33 mil votos por Rond\u00f4nia para o primeiro mandato como deputada federal. Natural de Linhares (ES), \u00e9 formada em jornalismo. Em 2013, foi eleita para a C\u00e2mara Municipal de Ji-Paran\u00e1, onde se destacou por sua atua\u00e7\u00e3o nas \u00e1reas de a\u00e7\u00e3o social e de sa\u00fade, liderando movimento por pol\u00edticas p\u00fablicas de preven\u00e7\u00e3o e tratamento de c\u00e2ncer em Rond\u00f4nia e regi\u00e3o. Em 2016, foi reeleita vereadora. \u00c9 presidente estadual da A\u00e7\u00e3o Mulher Trabalhista do PDT.<\/p>\n<p>SUBTENENTE GONZAGA<\/p>\n<p>O deputado Subtenente Gonzaga foi reeleito por Minas Gerais para seu terceiro mandato na C\u00e2mara. O parlamentar, que assumiu o primeiro mandato como suplente em 2014, tem se dedicado aos projetos na \u00e1rea de seguran\u00e7a p\u00fablica e \u00e0 defesa da melhoria das condi\u00e7\u00f5es salariais e de trabalho dos profissionais do setor. A cria\u00e7\u00e3o de um C\u00f3digo de \u00c9tica e Disciplina para policiais e corpos de bombeiros militares (PL 7.645\/14) e a amplia\u00e7\u00e3o da compet\u00eancia dos \u00f3rg\u00e3os de seguran\u00e7a p\u00fablica (PEC 431\/14) s\u00e3o algumas das propostas apresentadas pelo pedetista. Natural de S\u00e3o Sebasti\u00e3o do Sacramento, distrito de Manhua\u00e7u (MG), Gonzaga \u00e9 formado em comunica\u00e7\u00e3o social e come\u00e7ou sua trajet\u00f3ria na Pol\u00edcia Militar em 1982, no Batalh\u00e3o Florestal.<\/p>\n<p>TABATA AMARAL<\/p>\n<p>Tabata Amaral, 25 anos, \u00e9 ativista pela educa\u00e7\u00e3o e Deputada Federal eleita (PDT-SP). Com 264.450 votos, obteve a 6\u00aa maior vota\u00e7\u00e3o no estado de S\u00e3o Paulo, sendo a 2\u00aa representante mulher mais bem votada no pa\u00eds. Vinda da periferia de S\u00e3o Paulo, Tabata formou-se com honras m\u00e1ximas em Ci\u00eancia Pol\u00edtica e Astrof\u00edsica pela Universidade de Harvard, nos Estados Unidos e \u00e9 co-fundadora do Acredito, movimento de renova\u00e7\u00e3o pol\u00edtica cujas candidaturas obtiveram mais de 1 milh\u00e3o de votos na elei\u00e7\u00e3o de 2018. Al\u00e9m disso, participou da cria\u00e7\u00e3o do Projeto VOA !, que prepara estudantes de escolas p\u00fablicas para as Olimp\u00edadas de Ci\u00eancia, e do Mapa Educa\u00e7\u00e3o, movimento que busca uma educa\u00e7\u00e3o de qualidade para todos os brasileiros, acompanhando as pol\u00edticas educacionais e realizando debates para tornar a educa\u00e7\u00e3o, de fato, uma prioridade na agenda nacional. J\u00e1 foi Trainee especialista de Educa\u00e7\u00e3o na Ambev e atuou tamb\u00e9m nas Secretarias Municipais de Educa\u00e7\u00e3o de Salvador e de Sobral, essa \u00faltima refer\u00eancia nacional em educa\u00e7\u00e3o, em que Ciro Gomes foi prefeito, motivando a filia\u00e7\u00e3o da Tabata ao PDT frente a certeza de atuar em um partido comprometido com a educa\u00e7\u00e3o. Outra pauta priorit\u00e1ria para Tabata \u00e9 a defesa dos direitos das mulheres e, dentro do PDT, tornou-se a presidente municipal da A\u00e7\u00e3o da Mulher Trabalhista (AMT). Embaixadora do One Young World, Tabata \u00e9  ainda bolsista da RAPS, Funda\u00e7\u00e3o Estudar, Lemann Fellow e do RenovaBR.<\/p>\n<p>T\u00daLIO GADELHA<\/p>\n<p>Natural de Recife (PE), T\u00falio Gadelha, 31 anos, \u00e9 bacharel em direito e ativista pol\u00edtico. Eleito com mais de 75 mil votos para o seu primeiro mandato na C\u00e2mara, tem como principais bandeiras a educa\u00e7\u00e3o, os diretos humanos e a pol\u00edtica participativa. Formado pela Universidade Cat\u00f3lica de Pernambuco (UNICAP), atua junto a conselhos que trabalham em prol de comunidades rurais e ind\u00edgenas. Leciona no Programa Rumo a Universidade (PRU), vinculado \u00e0 Universidade Federal de Pernambuco (UFPE), voltado \u00e0 formac\u0327a\u0303o de cidadania e conscientiza\u00e7\u00e3o poli\u0301tica. Filiado ao PDT desde 2007, \u00e9 vice-presidente da Funda\u00e7\u00e3o Alberto Pasqualini.<\/p>\n<p>WOLNEY QUEIROZ<\/p>\n<p>Em seu sexto mandato por Pernambuco, o deputado Wolney Queiroz \u00e9 filiado ao PDT desde 1992. Iniciou a carreira pol\u00edtica como vereador em Caruaru, em 1993. Considerado pelo DIAP, por 9 anos consecutivos, um dos parlamentares mais atuantes do Congresso Nacional, Wolney se destaca na defesa dos direitos dos trabalhadores e da prote\u00e7\u00e3o ao consumidor, entre outras bandeiras. Tem tido atua\u00e7\u00e3o firme contra o que considera retrocessos nas reformas previdenci\u00e1ria e trabalhista, al\u00e9m de se posicionar a favor da soberania nacional, contrariamente \u00e0 privatiza\u00e7\u00e3o de empresas p\u00fablicas como Petrobr\u00e1s, Eletrobr\u00e1s e Correios.<\/p>\n<!-- AddThis Advanced Settings generic via filter on the_content --><!-- AddThis Share Buttons generic via filter on the_content -->","protected":false},"excerpt":{"rendered":"<p>Vinte e oito deputados do PDT tomaram posse no in\u00edcio da 56\u00aa Legislatura da C\u00e2mara dos Deputados. Nos pr\u00f3ximos quatros anos, os parlamentares v\u00e3o refor\u00e7ar a atua\u00e7\u00e3o pedetista em defesa dos trabalhadores, da educa\u00e7\u00e3o, da sa\u00fade e da soberania nacional, pelo desenvolvimento do Pa\u00eds. A representa\u00e7\u00e3o feminina da legenda aumentou. O PDT conta agora com&#8230;<!-- AddThis Advanced Settings generic via filter on wp_trim_excerpt --><!-- AddThis Share Buttons generic via filter on wp_trim_excerpt --><\/p>\n","protected":false},"author":17,"featured_media":62357,"comment_status":"closed","ping_status":"closed","sticky":false,"template":"","format":"standard","meta":{"_monsterinsights_skip_tracking":false,"_monsterinsights_sitenote_active":false,"_monsterinsights_sitenote_note":"","_monsterinsights_sitenote_category":0,"_uf_show_specific_survey":0,"_uf_disable_surveys":false,"footnotes":""},"categories":[1459,976],"tags":[],"class_list":["post-62356","post","type-post","status-publish","format-standard","has-post-thumbnail","hentry","category-congresso","category-noticias-em-destaque"],"acf":[],"_links":{"self":[{"href":"https:\/\/pdt-rj.org.br\/index.php\/wp-json\/wp\/v2\/posts\/62356","targetHints":{"allow":["GET"]}}],"collection":[{"href":"https:\/\/pdt-rj.org.br\/index.php\/wp-json\/wp\/v2\/posts"}],"about":[{"href":"https:\/\/pdt-rj.org.br\/index.php\/wp-json\/wp\/v2\/types\/post"}],"author":[{"embeddable":true,"href":"https:\/\/pdt-rj.org.br\/index.php\/wp-json\/wp\/v2\/users\/17"}],"replies":[{"embeddable":true,"href":"https:\/\/pdt-rj.org.br\/index.php\/wp-json\/wp\/v2\/comments?post=62356"}],"version-history":[{"count":4,"href":"https:\/\/pdt-rj.org.br\/index.php\/wp-json\/wp\/v2\/posts\/62356\/revisions"}],"predecessor-version":[{"id":62365,"href":"https:\/\/pdt-rj.org.br\/index.php\/wp-json\/wp\/v2\/posts\/62356\/revisions\/62365"}],"wp:featuredmedia":[{"embeddable":true,"href":"https:\/\/pdt-rj.org.br\/index.php\/wp-json\/wp\/v2\/media\/62357"}],"wp:attachment":[{"href":"https:\/\/pdt-rj.org.br\/index.php\/wp-json\/wp\/v2\/media?parent=62356"}],"wp:term":[{"taxonomy":"category","embeddable":true,"href":"https:\/\/pdt-rj.org.br\/index.php\/wp-json\/wp\/v2\/categories?post=62356"},{"taxonomy":"post_tag","embeddable":true,"href":"https:\/\/pdt-rj.org.br\/index.php\/wp-json\/wp\/v2\/tags?post=62356"}],"curies":[{"name":"wp","href":"https:\/\/api.w.org\/{rel}","templated":true}]}}