{"id":62228,"date":"2019-01-25T09:29:57","date_gmt":"2019-01-25T11:29:57","guid":{"rendered":"http:\/\/pdt-rj.org.br\/?p=62228"},"modified":"2019-01-28T14:21:14","modified_gmt":"2019-01-28T16:21:14","slug":"pdt-promove-debate-sobre-mp-da-demarcacao-das-terras-indigenas-em-goias","status":"publish","type":"post","link":"https:\/\/pdt-rj.org.br\/index.php\/pdt-promove-debate-sobre-mp-da-demarcacao-das-terras-indigenas-em-goias\/","title":{"rendered":"PDT promove debate sobre MP da demarca\u00e7\u00e3o das terras ind\u00edgenas em Goi\u00e1s"},"content":{"rendered":"<p>O Movimento Ind\u00edgena do PDT promove em Goi\u00e2nia, no pr\u00f3ximo s\u00e1bado (26), um ato para discutir a medida provis\u00f3ria 870\/2019 editada pelo presidente Jair Bolsonaro no primeiro dia de governo, que retira da Funda\u00e7\u00e3o Nacional do \u00cdndio (Funai) e transfere para o Minist\u00e9rio da Agricultura a compet\u00eancia da identifica\u00e7\u00e3o, delimita\u00e7\u00e3o e demarca\u00e7\u00e3o das terras ind\u00edgenas no pa\u00eds. A atividade \u00e9 realizada em parceria com a deputada federal Fl\u00e1via Morais, o deputado estadual Karlos Cabral e com o vereador Paulinho Graus, ambos do PDT.<\/p>\n<p>O evento faz parte de uma s\u00e9rie de atividade que o PDT Nacional  <br \/>tem realizado em todos estados brasileiros por meio do Movimento Ind\u00edgena, coordenado por Rafael Weree, ind\u00edgena Xavante, neto do primeiro deputado federal ind\u00edgena M\u00e1rio Juruna. <\/p>\n<p>\u201cEsta MP \u00e9 um grande amea\u00e7a \u00e0 liberdade e imp\u00f5e total desrespeito ao modelo de vida dos ind\u00edgenas no Brasil. Os principais inimigos dos ind\u00edgenas no campo s\u00e3o o agroneg\u00f3cio e a pecu\u00e1ria, que invadem nossas terras e promovem o desmatamento\u201d, afirmou Rafael.<\/p>\n<p><strong>Oposi\u00e7\u00e3o consciente<\/strong><\/p>\n<p>O PDT, que teve Ciro Gomes como candidato \u00e0 presidente nas elei\u00e7\u00f5es de 2018, tem liderado um importante bloco de oposi\u00e7\u00e3o \u00e0s medidas antidemocr\u00e1ticas do governo Bolsonaro. A amea\u00e7a aos povos ind\u00edgenas \u00e9 tratada como pauta priorit\u00e1ria pelas lideran\u00e7as trabalhistas.<\/p>\n<p>Devem participar do ato de s\u00e1bado, al\u00e9m das lideran\u00e7as pedetistas, representantes de movimentos sociais e um grupo de aproximadamente 280 estudantes ind\u00edgenas de sete etnias de Goi\u00e1s e outros estados.<\/p>\n<p><strong>Servi\u00e7o<\/strong><\/p>\n<p>Ato para discutir MP 870\/2019 sobre demarca\u00e7\u00e3o das terras ind\u00edgenas<\/p>\n<p>Data: 26\/01\/2019 (s\u00e1bado)<br \/>Hor\u00e1rio: 10h<br \/>Local: N\u00facleo Takinahaky de Forma\u00e7\u00e3o Superior Ind\u00edgena \u2013 Universidade Federal de Goi\u00e1s C\u00e2mpus Samambaia<\/p>\n<!-- AddThis Advanced Settings generic via filter on the_content --><!-- AddThis Share Buttons generic via filter on the_content -->","protected":false},"excerpt":{"rendered":"<p>O Movimento Ind\u00edgena do PDT promove em Goi\u00e2nia, no pr\u00f3ximo s\u00e1bado (26), um ato para discutir a medida provis\u00f3ria 870\/2019 editada pelo presidente Jair Bolsonaro no primeiro dia de governo, que retira da Funda\u00e7\u00e3o Nacional do \u00cdndio (Funai) e transfere para o Minist\u00e9rio da Agricultura a compet\u00eancia da identifica\u00e7\u00e3o, delimita\u00e7\u00e3o e demarca\u00e7\u00e3o das terras ind\u00edgenas&#8230;<!-- AddThis Advanced Settings generic via filter on wp_trim_excerpt --><!-- AddThis Share Buttons generic via filter on wp_trim_excerpt --><\/p>\n","protected":false},"author":17,"featured_media":55126,"comment_status":"closed","ping_status":"closed","sticky":false,"template":"","format":"standard","meta":{"_monsterinsights_skip_tracking":false,"_monsterinsights_sitenote_active":false,"_monsterinsights_sitenote_note":"","_monsterinsights_sitenote_category":0,"_uf_show_specific_survey":0,"_uf_disable_surveys":false,"footnotes":""},"categories":[1390,2257,1397,1401],"tags":[],"class_list":["post-62228","post","type-post","status-publish","format-standard","has-post-thumbnail","hentry","category-editorias","category-indigena","category-movimentos","category-nacional"],"acf":[],"_links":{"self":[{"href":"https:\/\/pdt-rj.org.br\/index.php\/wp-json\/wp\/v2\/posts\/62228","targetHints":{"allow":["GET"]}}],"collection":[{"href":"https:\/\/pdt-rj.org.br\/index.php\/wp-json\/wp\/v2\/posts"}],"about":[{"href":"https:\/\/pdt-rj.org.br\/index.php\/wp-json\/wp\/v2\/types\/post"}],"author":[{"embeddable":true,"href":"https:\/\/pdt-rj.org.br\/index.php\/wp-json\/wp\/v2\/users\/17"}],"replies":[{"embeddable":true,"href":"https:\/\/pdt-rj.org.br\/index.php\/wp-json\/wp\/v2\/comments?post=62228"}],"version-history":[{"count":7,"href":"https:\/\/pdt-rj.org.br\/index.php\/wp-json\/wp\/v2\/posts\/62228\/revisions"}],"predecessor-version":[{"id":62257,"href":"https:\/\/pdt-rj.org.br\/index.php\/wp-json\/wp\/v2\/posts\/62228\/revisions\/62257"}],"wp:featuredmedia":[{"embeddable":true,"href":"https:\/\/pdt-rj.org.br\/index.php\/wp-json\/wp\/v2\/media\/55126"}],"wp:attachment":[{"href":"https:\/\/pdt-rj.org.br\/index.php\/wp-json\/wp\/v2\/media?parent=62228"}],"wp:term":[{"taxonomy":"category","embeddable":true,"href":"https:\/\/pdt-rj.org.br\/index.php\/wp-json\/wp\/v2\/categories?post=62228"},{"taxonomy":"post_tag","embeddable":true,"href":"https:\/\/pdt-rj.org.br\/index.php\/wp-json\/wp\/v2\/tags?post=62228"}],"curies":[{"name":"wp","href":"https:\/\/api.w.org\/{rel}","templated":true}]}}