{"id":62201,"date":"2019-01-23T15:58:49","date_gmt":"2019-01-23T17:58:49","guid":{"rendered":"http:\/\/pdt-rj.org.br\/?p=62201"},"modified":"2019-01-31T11:38:14","modified_gmt":"2019-01-31T13:38:14","slug":"weverton-rocha-afirma-que-municipios-serao-prioridade-em-seu-mandato-no-senado-federal","status":"publish","type":"post","link":"https:\/\/pdt-rj.org.br\/index.php\/weverton-rocha-afirma-que-municipios-serao-prioridade-em-seu-mandato-no-senado-federal\/","title":{"rendered":"Weverton Rocha afirma que munic\u00edpios ser\u00e3o prioridade em seu mandato no Senado Federal"},"content":{"rendered":"<p>Em visita ao novo presidente da C\u00e2mara Municipal de S\u00e3o Lu\u00eds, Osmar Filho (PDT), o senador eleito Weverton Rocha (PDT-MA) reafirmou seu compromisso de, no Senado Federal, estar alinhado com os interesses da cidade. <\/p>\n<p> Weverton j\u00e1 havia feito uma visita ao ent\u00e3o presidente da C\u00e2mara de Vereadores, Astro de Ogum, logo ap\u00f3s as elei\u00e7\u00f5es de outubro, oportunidade em que firmou este compromisso e, ainda, p\u00f4de agradecer aos vereadores o apoio pol\u00edtico e a expressiva vota\u00e7\u00e3o que obteve, sendo o senador mais votado da capital maranhense.<\/p>\n<p>\u201cO nosso mandato no Senado Federal ser\u00e1 municipalista, constru\u00eddo no di\u00e1logo constante com os prefeitos e com as c\u00e2maras de vereadores e, \u00e9 claro, de m\u00e3o dadas com o governador Fl\u00e1vio Dino e com seus representantes, para que a gente possa ajudar nas dificuldades que os munic\u00edpios e, consequentemente a nossa popula\u00e7\u00e3o enfrenta\u201d, afirmou. <\/p>\n<p>Weverton ressaltou que o Senado Federal \u00e9 a representa\u00e7\u00e3o do estado, mas que deve tamb\u00e9m levar em considera\u00e7\u00e3o os munic\u00edpios, porque, na verdade, segundo suas convic\u00e7\u00f5es, s\u00e3o onde as coisas acontecem. <\/p>\n<p>Durante a visita foram discutidos diversos projetos para a cidade, al\u00e9m de temas como o fortalecimento do municipalismo, revis\u00e3o do pacto federativo e o estreitamento da rela\u00e7\u00e3o entre a C\u00e2mara de Vereadores e bancada federal. <\/p>\n<p>Na ocasi\u00e3o, Osmar Filho ressaltou a import\u00e2ncia das parcerias institucionais para o Pa\u00eds saia desse momento de dificuldades que est\u00e1 enfrentando. <\/p>\n<p>\u201cSobretudo neste momento de dificuldades que o pa\u00eds atravessa, \u00e9 muito importante estabelecer parcerias institucionais, para que estas possam convergir em torno de um objetivo. No momento que o senador eleito se disp\u00f5e a vir \u00e0 C\u00e2mara de Vereadores para que possamos iniciar debates de temas importantes para a cidade, d\u00e1 sinais de que ser\u00e1 um grande parceiro de S\u00e3o Lu\u00eds e desta Casa. Assim cada um poder\u00e1 dar a sua contribui\u00e7\u00e3o por uma cidade melhor\u201d.<\/p>\n<p>Na reuni\u00e3o estiveram presentes os vereadores Pav\u00e3o Filho (PDT), Paulo Victor (PROS), Chico Carvalho (PSL), Aldir J\u00fanior (PR), Beto Castro (PROS), Chaguinha (PP) e Raimundo Penha (PDT).<\/p>\n<!-- AddThis Advanced Settings generic via filter on the_content --><!-- AddThis Share Buttons generic via filter on the_content -->","protected":false},"excerpt":{"rendered":"<p>Em visita ao novo presidente da C\u00e2mara Municipal de S\u00e3o Lu\u00eds, Osmar Filho (PDT), o senador eleito Weverton Rocha (PDT-MA) reafirmou seu compromisso de, no Senado Federal, estar alinhado com os interesses da cidade. Weverton j\u00e1 havia feito uma visita ao ent\u00e3o presidente da C\u00e2mara de Vereadores, Astro de Ogum, logo ap\u00f3s as elei\u00e7\u00f5es de&#8230;<!-- AddThis Advanced Settings generic via filter on wp_trim_excerpt --><!-- AddThis Share Buttons generic via filter on wp_trim_excerpt --><\/p>\n","protected":false},"author":17,"featured_media":62202,"comment_status":"closed","ping_status":"closed","sticky":false,"template":"","format":"standard","meta":{"_monsterinsights_skip_tracking":false,"_monsterinsights_sitenote_active":false,"_monsterinsights_sitenote_note":"","_monsterinsights_sitenote_category":0,"_uf_show_specific_survey":0,"_uf_disable_surveys":false,"footnotes":""},"categories":[1390,1459],"tags":[1828,962],"class_list":["post-62201","post","type-post","status-publish","format-standard","has-post-thumbnail","hentry","category-editorias","category-congresso","tag-projetos","tag-weverton-rocha"],"acf":[],"_links":{"self":[{"href":"https:\/\/pdt-rj.org.br\/index.php\/wp-json\/wp\/v2\/posts\/62201","targetHints":{"allow":["GET"]}}],"collection":[{"href":"https:\/\/pdt-rj.org.br\/index.php\/wp-json\/wp\/v2\/posts"}],"about":[{"href":"https:\/\/pdt-rj.org.br\/index.php\/wp-json\/wp\/v2\/types\/post"}],"author":[{"embeddable":true,"href":"https:\/\/pdt-rj.org.br\/index.php\/wp-json\/wp\/v2\/users\/17"}],"replies":[{"embeddable":true,"href":"https:\/\/pdt-rj.org.br\/index.php\/wp-json\/wp\/v2\/comments?post=62201"}],"version-history":[{"count":5,"href":"https:\/\/pdt-rj.org.br\/index.php\/wp-json\/wp\/v2\/posts\/62201\/revisions"}],"predecessor-version":[{"id":62246,"href":"https:\/\/pdt-rj.org.br\/index.php\/wp-json\/wp\/v2\/posts\/62201\/revisions\/62246"}],"wp:featuredmedia":[{"embeddable":true,"href":"https:\/\/pdt-rj.org.br\/index.php\/wp-json\/wp\/v2\/media\/62202"}],"wp:attachment":[{"href":"https:\/\/pdt-rj.org.br\/index.php\/wp-json\/wp\/v2\/media?parent=62201"}],"wp:term":[{"taxonomy":"category","embeddable":true,"href":"https:\/\/pdt-rj.org.br\/index.php\/wp-json\/wp\/v2\/categories?post=62201"},{"taxonomy":"post_tag","embeddable":true,"href":"https:\/\/pdt-rj.org.br\/index.php\/wp-json\/wp\/v2\/tags?post=62201"}],"curies":[{"name":"wp","href":"https:\/\/api.w.org\/{rel}","templated":true}]}}