{"id":62164,"date":"2019-01-22T19:13:23","date_gmt":"2019-01-22T21:13:23","guid":{"rendered":"http:\/\/pdt-rj.org.br\/?p=62164"},"modified":"2019-01-22T19:13:26","modified_gmt":"2019-01-22T21:13:26","slug":"brizola-e-a-educacao-97-anos-de-luta-everton-gomes","status":"publish","type":"post","link":"https:\/\/pdt-rj.org.br\/index.php\/brizola-e-a-educacao-97-anos-de-luta-everton-gomes\/","title":{"rendered":"Brizola e a educa\u00e7\u00e3o: 97 anos de luta &#8211; Everton Gomes"},"content":{"rendered":"<p>Hoje \u00e9 um dia muito especial para todos os brasileiros, em especial para n\u00f3s, pedetistas: Leonel Brizola estaria completando 97 anos.<br \/>Por todos os ensinamentos \u2013 sempre emp\u00edricos, como gostava de falar \u2013 sem d\u00favida foi um s\u00edmbolo da gera\u00e7\u00e3o que desejou mudar o Brasil pela educa\u00e7\u00e3o.<\/p>\n<p>Infelizmente, sua mensagem n\u00e3o foi compreendida, ao contr\u00e1rio, boicotada pelas elites nacionais, especialmente os pol\u00edticos, da direita \u00e0 esquerda. Ainda hoje, persistem os ataques a Brizola e suas a\u00e7\u00f5es em prol da educa\u00e7\u00e3o p\u00fablica.<\/p>\n<p>Quarenta anos ap\u00f3s os Centros Integrados de Educa\u00e7\u00e3o P\u00fablica (Cieps), seu projeto mais revolucion\u00e1rio, estas escolas seguem sem infraestrutura. Muitas foram simplesmente abandonadas. Por tudo isto, nossa qualidade do ensino est\u00e1 muito longe do desejado.<\/p>\n<p>E mesmo em cidades globais, como o Rio de Janeiro, o sucateamento pode ser facilmente percebido. Recentemente o prefeito carioca, Crivella, reduziu, por decreto, a carga hor\u00e1ria de mat\u00e9rias important\u00edssimas como portugu\u00eas e matem\u00e1tica. Segundo dizem, ele visava a esconder a falta de professores da rede municipal.<\/p>\n<p>Outro dado chocante: pesquisa realizada durante o Enem demonstrou que, dos jovens mais pobres, somente um em cada 600 conseguem figurar entre os que tiveram os melhores resultados.<\/p>\n<p>Enfim, ainda h\u00e1 muito para se fazer. Muito mesmo. Mas \u00e9 certo que, ao celebrarmos a mem\u00f3ria deste grande l\u00edder, seguiremos defendendo suas lutas (que s\u00e3o tamb\u00e9m nossas), buscando chegar mais pr\u00f3ximo de seus objetivos.<\/p>\n<p>Neste 22 de janeiro, \u00e9 fundamental que juntemos nossas vozes para agradecer as boas li\u00e7\u00f5es do nosso l\u00edder e declarar \u2013 a todo o povo brasileiro \u2013 que suas ideias continuar\u00e3o vivas e atuais, com a dedica\u00e7\u00e3o de todos n\u00f3s.<br \/>Brizola Vive.<\/p>\n<p><strong><em>*Everton Gomes \u00e9 vice-presidente da Funda\u00e7\u00e3o \u00a0Leonel Brizola \u2013 Alberto Pasqualini \u2013 RJ <\/em><\/strong><\/p>\n<!-- AddThis Advanced Settings generic via filter on the_content --><!-- AddThis Share Buttons generic via filter on the_content -->","protected":false},"excerpt":{"rendered":"<p>Hoje \u00e9 um dia muito especial para todos os brasileiros, em especial para n\u00f3s, pedetistas: Leonel Brizola estaria completando 97 anos.Por todos os ensinamentos \u2013 sempre emp\u00edricos, como gostava de falar \u2013 sem d\u00favida foi um s\u00edmbolo da gera\u00e7\u00e3o que desejou mudar o Brasil pela educa\u00e7\u00e3o. Infelizmente, sua mensagem n\u00e3o foi compreendida, ao contr\u00e1rio, boicotada&#8230;<!-- AddThis Advanced Settings generic via filter on wp_trim_excerpt --><!-- AddThis Share Buttons generic via filter on wp_trim_excerpt --><\/p>\n","protected":false},"author":17,"featured_media":62179,"comment_status":"closed","ping_status":"closed","sticky":false,"template":"","format":"standard","meta":{"_monsterinsights_skip_tracking":false,"_monsterinsights_sitenote_active":false,"_monsterinsights_sitenote_note":"","_monsterinsights_sitenote_category":0,"_uf_show_specific_survey":0,"_uf_disable_surveys":false,"footnotes":""},"categories":[1584,1390],"tags":[1935,1545,3190],"class_list":["post-62164","post","type-post","status-publish","format-standard","has-post-thumbnail","hentry","category-artigos","category-editorias","tag-brizola-vive","tag-cieps","tag-eucacao"],"acf":[],"_links":{"self":[{"href":"https:\/\/pdt-rj.org.br\/index.php\/wp-json\/wp\/v2\/posts\/62164","targetHints":{"allow":["GET"]}}],"collection":[{"href":"https:\/\/pdt-rj.org.br\/index.php\/wp-json\/wp\/v2\/posts"}],"about":[{"href":"https:\/\/pdt-rj.org.br\/index.php\/wp-json\/wp\/v2\/types\/post"}],"author":[{"embeddable":true,"href":"https:\/\/pdt-rj.org.br\/index.php\/wp-json\/wp\/v2\/users\/17"}],"replies":[{"embeddable":true,"href":"https:\/\/pdt-rj.org.br\/index.php\/wp-json\/wp\/v2\/comments?post=62164"}],"version-history":[{"count":9,"href":"https:\/\/pdt-rj.org.br\/index.php\/wp-json\/wp\/v2\/posts\/62164\/revisions"}],"predecessor-version":[{"id":62188,"href":"https:\/\/pdt-rj.org.br\/index.php\/wp-json\/wp\/v2\/posts\/62164\/revisions\/62188"}],"wp:featuredmedia":[{"embeddable":true,"href":"https:\/\/pdt-rj.org.br\/index.php\/wp-json\/wp\/v2\/media\/62179"}],"wp:attachment":[{"href":"https:\/\/pdt-rj.org.br\/index.php\/wp-json\/wp\/v2\/media?parent=62164"}],"wp:term":[{"taxonomy":"category","embeddable":true,"href":"https:\/\/pdt-rj.org.br\/index.php\/wp-json\/wp\/v2\/categories?post=62164"},{"taxonomy":"post_tag","embeddable":true,"href":"https:\/\/pdt-rj.org.br\/index.php\/wp-json\/wp\/v2\/tags?post=62164"}],"curies":[{"name":"wp","href":"https:\/\/api.w.org\/{rel}","templated":true}]}}