{"id":62150,"date":"2019-01-22T18:22:07","date_gmt":"2019-01-22T20:22:07","guid":{"rendered":"http:\/\/pdt-rj.org.br\/?p=62150"},"modified":"2019-01-29T11:46:57","modified_gmt":"2019-01-29T13:46:57","slug":"carlos-lupi-participa-de-missa-em-homenagem-aos-97-anos-de-brizola","status":"publish","type":"post","link":"https:\/\/pdt-rj.org.br\/index.php\/carlos-lupi-participa-de-missa-em-homenagem-aos-97-anos-de-brizola\/","title":{"rendered":"Carlos Lupi participa de missa em homenagem aos 97 anos de Brizola"},"content":{"rendered":"<p>O presidente Nacional do PDT, Carlos Lupi, participou, na manh\u00e3 desta ter\u00e7a-feira (22) de uma missa em homenagem aos 97 anos do nascimento de Leonel de Moura Brizola. A cerim\u00f4nia aconteceu na tradicional Igreja de S\u00e3o Benedito dos Homens Pretos, no Rio de Janeiro. <\/p>\n<p>O evento contou com a presen\u00e7a do vice-presidente da Funda\u00e7\u00e3o Leonel Brizola no Rio, Everton Gomes, da presidente Nacional do Movimento dos Aposentados, Pensionistas e Idosos (Mapi), Maria Jos\u00e9 Latg\u00e9, al\u00e9m de militantes e admiradores de Brizola.<\/p>\n<!-- AddThis Advanced Settings generic via filter on the_content --><!-- AddThis Share Buttons generic via filter on the_content -->","protected":false},"excerpt":{"rendered":"<p>O presidente Nacional do PDT, Carlos Lupi, participou, na manh\u00e3 desta ter\u00e7a-feira (22) de uma missa em homenagem aos 97 anos do nascimento de Leonel de Moura Brizola. A cerim\u00f4nia aconteceu na tradicional Igreja de S\u00e3o Benedito dos Homens Pretos, no Rio de Janeiro. O evento contou com a presen\u00e7a do vice-presidente da Funda\u00e7\u00e3o Leonel&#8230;<!-- AddThis Advanced Settings generic via filter on wp_trim_excerpt --><!-- AddThis Share Buttons generic via filter on wp_trim_excerpt --><\/p>\n","protected":false},"author":17,"featured_media":62155,"comment_status":"closed","ping_status":"closed","sticky":false,"template":"","format":"standard","meta":{"_monsterinsights_skip_tracking":false,"_monsterinsights_sitenote_active":false,"_monsterinsights_sitenote_note":"","_monsterinsights_sitenote_category":0,"_uf_show_specific_survey":0,"_uf_disable_surveys":false,"footnotes":""},"categories":[1390,1401],"tags":[3189,1935,565,3188,3187],"class_list":["post-62150","post","type-post","status-publish","format-standard","has-post-thumbnail","hentry","category-editorias","category-nacional","tag-aniversario-do-brizola","tag-brizola-vive","tag-leonel-brizola","tag-missa-em-homenagem","tag-pdt-12"],"acf":[],"_links":{"self":[{"href":"https:\/\/pdt-rj.org.br\/index.php\/wp-json\/wp\/v2\/posts\/62150","targetHints":{"allow":["GET"]}}],"collection":[{"href":"https:\/\/pdt-rj.org.br\/index.php\/wp-json\/wp\/v2\/posts"}],"about":[{"href":"https:\/\/pdt-rj.org.br\/index.php\/wp-json\/wp\/v2\/types\/post"}],"author":[{"embeddable":true,"href":"https:\/\/pdt-rj.org.br\/index.php\/wp-json\/wp\/v2\/users\/17"}],"replies":[{"embeddable":true,"href":"https:\/\/pdt-rj.org.br\/index.php\/wp-json\/wp\/v2\/comments?post=62150"}],"version-history":[{"count":12,"href":"https:\/\/pdt-rj.org.br\/index.php\/wp-json\/wp\/v2\/posts\/62150\/revisions"}],"predecessor-version":[{"id":62285,"href":"https:\/\/pdt-rj.org.br\/index.php\/wp-json\/wp\/v2\/posts\/62150\/revisions\/62285"}],"wp:featuredmedia":[{"embeddable":true,"href":"https:\/\/pdt-rj.org.br\/index.php\/wp-json\/wp\/v2\/media\/62155"}],"wp:attachment":[{"href":"https:\/\/pdt-rj.org.br\/index.php\/wp-json\/wp\/v2\/media?parent=62150"}],"wp:term":[{"taxonomy":"category","embeddable":true,"href":"https:\/\/pdt-rj.org.br\/index.php\/wp-json\/wp\/v2\/categories?post=62150"},{"taxonomy":"post_tag","embeddable":true,"href":"https:\/\/pdt-rj.org.br\/index.php\/wp-json\/wp\/v2\/tags?post=62150"}],"curies":[{"name":"wp","href":"https:\/\/api.w.org\/{rel}","templated":true}]}}