{"id":62137,"date":"2019-01-22T16:22:14","date_gmt":"2019-01-22T18:22:14","guid":{"rendered":"http:\/\/pdt-rj.org.br\/?p=62137"},"modified":"2019-01-23T16:44:17","modified_gmt":"2019-01-23T18:44:17","slug":"juventude-socialista-celebra-97-anos-de-brizola","status":"publish","type":"post","link":"https:\/\/pdt-rj.org.br\/index.php\/juventude-socialista-celebra-97-anos-de-brizola\/","title":{"rendered":"Juventude Socialista celebra 97 anos de Brizola"},"content":{"rendered":"<p>A Juventude Socialista do PDT (JS-PDT) juntamente com v\u00e1rios militantes do partido, realizaram ontem (22),  na Pra\u00e7a Portugal, em Bras\u00edlia, uma Cultural de homenagem ao l\u00edder trabalhista, Leonel Brizola, em comemora\u00e7\u00e3o ao seu anivers\u00e1rio. <\/p>\n<p>Com jingles hist\u00f3ricos, m\u00fasica e muita energia o encontro se estendeu at\u00e9 a noite. Di\u00e1logos, conversas e debates do Brasil de hoje deram o tom. <\/p>\n<p>Na ocasi\u00e3o, o presidente Nacional da JS, Willian Rodrigues destacou a figura realizadora de Brizola. <\/p>\n<p>&#8220;Um tra\u00e7o marcante do Brizola era o de realizador. Fazer coisas. A nossa gera\u00e7\u00e3o precisa se inspirar nisso. Fazer pol\u00edtica, mudar o mundo. Disputar territ\u00f3rios dialogando com as verdadeiras urg\u00eancias do povo: emprego, seguran\u00e7a, sa\u00fade e educa\u00e7\u00e3o. Assim conseguiremos fazer com que o cidad\u00e3o se conscientize&#8221;. <\/p>\n<p>J\u00e1 o presidente da JS-DF e secret\u00e1rio da Juventude do GDF, L\u00e9o Bijos, participou da atividade e afirmou a import\u00e2ncia do movimento em Bras\u00edlia. <\/p>\n<p>&#8220;Lembrar do Brizola \u00e9 olhar de onde viemos. Essa juventude tem a responsabilidade de fazer luta, de construir movimentos que dialoguem com toda a juventude do DF, independente do CEP. Queremos e vamos ouvir todas e todos&#8221;, afirmou.<\/p>\n<p>A atividade ainda contou com a presen\u00e7a do N\u00facleo de Base da JS na Unb e do n\u00facleo Darcy Ribeiro. <\/p>\n<!-- AddThis Advanced Settings generic via filter on the_content --><!-- AddThis Share Buttons generic via filter on the_content -->","protected":false},"excerpt":{"rendered":"<p>A Juventude Socialista do PDT (JS-PDT) juntamente com v\u00e1rios militantes do partido, realizaram ontem (22), na Pra\u00e7a Portugal, em Bras\u00edlia, uma Cultural de homenagem ao l\u00edder trabalhista, Leonel Brizola, em comemora\u00e7\u00e3o ao seu anivers\u00e1rio. Com jingles hist\u00f3ricos, m\u00fasica e muita energia o encontro se estendeu at\u00e9 a noite. Di\u00e1logos, conversas e debates do Brasil de&#8230;<!-- AddThis Advanced Settings generic via filter on wp_trim_excerpt --><!-- AddThis Share Buttons generic via filter on wp_trim_excerpt --><\/p>\n","protected":false},"author":17,"featured_media":62211,"comment_status":"closed","ping_status":"closed","sticky":false,"template":"","format":"standard","meta":{"_monsterinsights_skip_tracking":false,"_monsterinsights_sitenote_active":false,"_monsterinsights_sitenote_note":"","_monsterinsights_sitenote_category":0,"_uf_show_specific_survey":0,"_uf_disable_surveys":false,"footnotes":""},"categories":[1390,1586],"tags":[3195,3189,3194],"class_list":["post-62137","post","type-post","status-publish","format-standard","has-post-thumbnail","hentry","category-editorias","category-juventude-socialista","tag-97-anos-do-brizola","tag-aniversario-do-brizola","tag-juventude-socialista-do-pdt"],"acf":[],"_links":{"self":[{"href":"https:\/\/pdt-rj.org.br\/index.php\/wp-json\/wp\/v2\/posts\/62137","targetHints":{"allow":["GET"]}}],"collection":[{"href":"https:\/\/pdt-rj.org.br\/index.php\/wp-json\/wp\/v2\/posts"}],"about":[{"href":"https:\/\/pdt-rj.org.br\/index.php\/wp-json\/wp\/v2\/types\/post"}],"author":[{"embeddable":true,"href":"https:\/\/pdt-rj.org.br\/index.php\/wp-json\/wp\/v2\/users\/17"}],"replies":[{"embeddable":true,"href":"https:\/\/pdt-rj.org.br\/index.php\/wp-json\/wp\/v2\/comments?post=62137"}],"version-history":[{"count":13,"href":"https:\/\/pdt-rj.org.br\/index.php\/wp-json\/wp\/v2\/posts\/62137\/revisions"}],"predecessor-version":[{"id":62217,"href":"https:\/\/pdt-rj.org.br\/index.php\/wp-json\/wp\/v2\/posts\/62137\/revisions\/62217"}],"wp:featuredmedia":[{"embeddable":true,"href":"https:\/\/pdt-rj.org.br\/index.php\/wp-json\/wp\/v2\/media\/62211"}],"wp:attachment":[{"href":"https:\/\/pdt-rj.org.br\/index.php\/wp-json\/wp\/v2\/media?parent=62137"}],"wp:term":[{"taxonomy":"category","embeddable":true,"href":"https:\/\/pdt-rj.org.br\/index.php\/wp-json\/wp\/v2\/categories?post=62137"},{"taxonomy":"post_tag","embeddable":true,"href":"https:\/\/pdt-rj.org.br\/index.php\/wp-json\/wp\/v2\/tags?post=62137"}],"curies":[{"name":"wp","href":"https:\/\/api.w.org\/{rel}","templated":true}]}}