{"id":62136,"date":"2019-01-22T17:50:21","date_gmt":"2019-01-22T19:50:21","guid":{"rendered":"http:\/\/pdt-rj.org.br\/?p=62136"},"modified":"2019-01-25T09:32:57","modified_gmt":"2019-01-25T11:32:57","slug":"leonel-brizola-completaria-hoje-97-anos","status":"publish","type":"post","link":"https:\/\/pdt-rj.org.br\/index.php\/leonel-brizola-completaria-hoje-97-anos\/","title":{"rendered":"Leonel Brizola completaria hoje 97 anos"},"content":{"rendered":"<p>O engenheiro civil Leonel de Moura Brizola completaria hoje 97 anos.  Considerado um l\u00edder da esquerda e um pol\u00edtico nacionalista, foi governador do Rio de Janeiro e do Rio Grande do Sul, sendo o \u00fanico pol\u00edtico eleito pelo povo para governar dois estados diferentes em toda a hist\u00f3ria do Brasil. Ele nasceu no dia 22 de janeiro de 1922 e nos deixou h\u00e1 quase 15 anos (24 de junho). Ano passado teve o nome gravado no Livro de A\u00e7o dos Her\u00f3is da P\u00e1tria \u2013 que homenageia brasileiros que se destacaram na defesa e na constru\u00e7\u00e3o da hist\u00f3ria nacional. Um reconhecimento nacional do destaque que teve como pol\u00edtico brasileiro e condutor de lutas e causas nacionalistas.<\/p>\n<p>Brizola era um homem \u00e0 frente de seu tempo. O zelo pela coisa p\u00fablica sempre esteve em primeiro lugar. Da esquerda \u00e0 direita, n\u00e3o h\u00e1 quem ouse p\u00f4r em xeque a idoneidade do grande homem que foi. Brizola revolucionou a educa\u00e7\u00e3o p\u00fablica por onde passou. No Rio Grande do Sul, construiu mais de 6 mil escolas, zerando o d\u00e9ficit educacional. No Rio de Janeiro, mais de 500 CIEP\u2019s (escola de tempo integral).<\/p>\n<p>&#8220;Quem mais na hist\u00f3ria do Brasil governou dois estados importantes da federa\u00e7\u00e3o?  E com o mais elevado esp\u00edrito p\u00fablico? Nunca teve um ato sequer de corrup\u00e7\u00e3o que desabonasse a sua biografia. Um homem que governava para os pobres e para os interesses maiores da Na\u00e7\u00e3o; que teve a educa\u00e7\u00e3o p\u00fablica como obsess\u00e3o de suas gest\u00f5es; que defendeu a democracia com armas nas m\u00e3os e por isso amargou o mais longo ex\u00edlio da hist\u00f3ria do Brasil!\u201d, lembrou o presidente do diret\u00f3rio regional do PDT, Andr\u00e9 Menegotto.<\/p>\n<p>O ex-prefeito de Curitiba e deputado federal, Gustavo Fruet, lembrou que, ainda jovem, esteve com o pai Maur\u00edcio Fruet, no Rio de Janeiro, onde se encontraram com o saudoso Leonel Brizola \u2013 que havia voltado ao Brasil, ap\u00f3s o ex\u00edlio. Brizola teria dito, na ocasi\u00e3o, que a nova gera\u00e7\u00e3o, representada naquele momento por Gustavo, iria pegar um Brasil muito diferente. <\/p>\n<p>\u201cNum cen\u00e1rio de tanta descren\u00e7a e da perda da capacidade da pol\u00edtica, o Brasil deve enaltecer e lembrar algumas lideran\u00e7as que marcaram momentos de enfrentamentos de ruptura muito importantes na vida do Pa\u00eds. E Leonel Brizola \u00e9 uma das lideran\u00e7as que marcaram a virada deste s\u00e9culo\u201d, afirma Fruet.<\/p>\n<p>O ex-deputado federal Assis do Couto foi nost\u00e1lgico. &#8220;Quem dera tiv\u00e9ssemos mais l\u00edderes pol\u00edticos com a mesma obsess\u00e3o que Brizola tinha pela valoriza\u00e7\u00e3o da educa\u00e7\u00e3o e da democracia. Com certeza a realidade do Brasil seria outra. A Campanha pela Legalidade em 1961, a defesa dos interesses nacionais e dos trabalhadores, a luta constante pelo fortalecimento da Democracia fazem de Brizola um dos nossos maiores l\u00edderes nacionais\u201d, destacou Assis.<\/p>\n<!-- AddThis Advanced Settings generic via filter on the_content --><!-- AddThis Share Buttons generic via filter on the_content -->","protected":false},"excerpt":{"rendered":"<p>O engenheiro civil Leonel de Moura Brizola completaria hoje 97 anos. Considerado um l\u00edder da esquerda e um pol\u00edtico nacionalista, foi governador do Rio de Janeiro e do Rio Grande do Sul, sendo o \u00fanico pol\u00edtico eleito pelo povo para governar dois estados diferentes em toda a hist\u00f3ria do Brasil. Ele nasceu no dia 22&#8230;<!-- AddThis Advanced Settings generic via filter on wp_trim_excerpt --><!-- AddThis Share Buttons generic via filter on wp_trim_excerpt --><\/p>\n","protected":false},"author":17,"featured_media":62151,"comment_status":"closed","ping_status":"closed","sticky":false,"template":"","format":"standard","meta":{"_monsterinsights_skip_tracking":false,"_monsterinsights_sitenote_active":false,"_monsterinsights_sitenote_note":"","_monsterinsights_sitenote_category":0,"_uf_show_specific_survey":0,"_uf_disable_surveys":false,"footnotes":""},"categories":[1390],"tags":[],"class_list":["post-62136","post","type-post","status-publish","format-standard","has-post-thumbnail","hentry","category-editorias"],"acf":[],"_links":{"self":[{"href":"https:\/\/pdt-rj.org.br\/index.php\/wp-json\/wp\/v2\/posts\/62136","targetHints":{"allow":["GET"]}}],"collection":[{"href":"https:\/\/pdt-rj.org.br\/index.php\/wp-json\/wp\/v2\/posts"}],"about":[{"href":"https:\/\/pdt-rj.org.br\/index.php\/wp-json\/wp\/v2\/types\/post"}],"author":[{"embeddable":true,"href":"https:\/\/pdt-rj.org.br\/index.php\/wp-json\/wp\/v2\/users\/17"}],"replies":[{"embeddable":true,"href":"https:\/\/pdt-rj.org.br\/index.php\/wp-json\/wp\/v2\/comments?post=62136"}],"version-history":[{"count":3,"href":"https:\/\/pdt-rj.org.br\/index.php\/wp-json\/wp\/v2\/posts\/62136\/revisions"}],"predecessor-version":[{"id":62154,"href":"https:\/\/pdt-rj.org.br\/index.php\/wp-json\/wp\/v2\/posts\/62136\/revisions\/62154"}],"wp:featuredmedia":[{"embeddable":true,"href":"https:\/\/pdt-rj.org.br\/index.php\/wp-json\/wp\/v2\/media\/62151"}],"wp:attachment":[{"href":"https:\/\/pdt-rj.org.br\/index.php\/wp-json\/wp\/v2\/media?parent=62136"}],"wp:term":[{"taxonomy":"category","embeddable":true,"href":"https:\/\/pdt-rj.org.br\/index.php\/wp-json\/wp\/v2\/categories?post=62136"},{"taxonomy":"post_tag","embeddable":true,"href":"https:\/\/pdt-rj.org.br\/index.php\/wp-json\/wp\/v2\/tags?post=62136"}],"curies":[{"name":"wp","href":"https:\/\/api.w.org\/{rel}","templated":true}]}}