{"id":62127,"date":"2019-01-22T12:43:13","date_gmt":"2019-01-22T14:43:13","guid":{"rendered":"http:\/\/pdt-rj.org.br\/?p=62127"},"modified":"2019-01-22T18:37:00","modified_gmt":"2019-01-22T20:37:00","slug":"brizola-vive-e-completa-97-anos","status":"publish","type":"post","link":"https:\/\/pdt-rj.org.br\/index.php\/brizola-vive-e-completa-97-anos\/","title":{"rendered":"Brizola vive e completa 97 anos"},"content":{"rendered":"<p>No ano do centen\u00e1rio da independ\u00eancia do Brasil, em 22 de janeiro de 1922, nasceu em Cruzinha, munic\u00edpio de Carazinho (RS), o menino Itagiba, que aos 14 anos optou por chamar-se de Leonel, em homenagem ao Gen. Leonel Rocha, comandante da revolu\u00e7\u00e3o de 1923, em que seu pai foi assassinado. Jornaleiro, engraxate, carregador de malas, fez o curso de T\u00e9cnico Agr\u00edcola em Viam\u00e3o e formou-se em Engenharia Civil pela UFRS. <\/p>\n<p>Em 1945, ao lado de Get\u00falio e Jango ajudou a fundar o PTB. Eleito duas vezes deputado estadual, deputado federal, prefeito de Porto Alegre, aos 33 anos de idade, e Governador do estado, aos 37 anos, tornou-se o grande Leonel de Moura Brizola, o maior nacionalista do Brasil, em 1959, ao encampar a <em>Bond and Share<\/em>, companhia de energia el\u00e9trica e a ITT de telefone, um ano depois. <\/p>\n<p>Em 1961, atrav\u00e9s de companha de legalidade, assegurou a posse do vice Jo\u00e3o Goulart. Em 1962 um ter\u00e7o dos cariocas o elegeram Deputado Federal. Cassado, em 1964, passou 15 anos no ex\u00edlio. Na volta, em 1980, fundou o PDT e, em 1982, foi eleito Governador do Rio de Janeiro, \u00fanico brasileiro que governou dois estados distintos. Em 1989 concorreu \u00e0 Presid\u00eancia da Rep\u00fablica, infelizmente ficou em 3\u00ba lugar, pois se eleito, teria feito a verdadeira independ\u00eancia pol\u00edtica e econ\u00f4mica do Brasil. Rendemos, nesta data, ao nosso eterno l\u00edder e her\u00f3i e tamb\u00e9m Her\u00f3i da P\u00e1tria, as homenagens dos (as) trabalhistas de todas as gera\u00e7\u00f5es.<\/p>\n<\/p>\n<p><strong><em>*Hari Alexandre Brust \u00e9 membro da Executiva Estadual do PDT e presidente da Executiva Municipal de Salvador.<\/em><\/strong><\/p>\n<!-- AddThis Advanced Settings generic via filter on the_content --><!-- AddThis Share Buttons generic via filter on the_content -->","protected":false},"excerpt":{"rendered":"<p>No ano do centen\u00e1rio da independ\u00eancia do Brasil, em 22 de janeiro de 1922, nasceu em Cruzinha, munic\u00edpio de Carazinho (RS), o menino Itagiba, que aos 14 anos optou por chamar-se de Leonel, em homenagem ao Gen. Leonel Rocha, comandante da revolu\u00e7\u00e3o de 1923, em que seu pai foi assassinado. Jornaleiro, engraxate, carregador de malas,&#8230;<!-- AddThis Advanced Settings generic via filter on wp_trim_excerpt --><!-- AddThis Share Buttons generic via filter on wp_trim_excerpt --><\/p>\n","protected":false},"author":17,"featured_media":62133,"comment_status":"closed","ping_status":"closed","sticky":false,"template":"","format":"standard","meta":{"_monsterinsights_skip_tracking":false,"_monsterinsights_sitenote_active":false,"_monsterinsights_sitenote_note":"","_monsterinsights_sitenote_category":0,"_uf_show_specific_survey":0,"_uf_disable_surveys":false,"footnotes":""},"categories":[1390],"tags":[],"class_list":["post-62127","post","type-post","status-publish","format-standard","has-post-thumbnail","hentry","category-editorias"],"acf":[],"_links":{"self":[{"href":"https:\/\/pdt-rj.org.br\/index.php\/wp-json\/wp\/v2\/posts\/62127","targetHints":{"allow":["GET"]}}],"collection":[{"href":"https:\/\/pdt-rj.org.br\/index.php\/wp-json\/wp\/v2\/posts"}],"about":[{"href":"https:\/\/pdt-rj.org.br\/index.php\/wp-json\/wp\/v2\/types\/post"}],"author":[{"embeddable":true,"href":"https:\/\/pdt-rj.org.br\/index.php\/wp-json\/wp\/v2\/users\/17"}],"replies":[{"embeddable":true,"href":"https:\/\/pdt-rj.org.br\/index.php\/wp-json\/wp\/v2\/comments?post=62127"}],"version-history":[{"count":7,"href":"https:\/\/pdt-rj.org.br\/index.php\/wp-json\/wp\/v2\/posts\/62127\/revisions"}],"predecessor-version":[{"id":62169,"href":"https:\/\/pdt-rj.org.br\/index.php\/wp-json\/wp\/v2\/posts\/62127\/revisions\/62169"}],"wp:featuredmedia":[{"embeddable":true,"href":"https:\/\/pdt-rj.org.br\/index.php\/wp-json\/wp\/v2\/media\/62133"}],"wp:attachment":[{"href":"https:\/\/pdt-rj.org.br\/index.php\/wp-json\/wp\/v2\/media?parent=62127"}],"wp:term":[{"taxonomy":"category","embeddable":true,"href":"https:\/\/pdt-rj.org.br\/index.php\/wp-json\/wp\/v2\/categories?post=62127"},{"taxonomy":"post_tag","embeddable":true,"href":"https:\/\/pdt-rj.org.br\/index.php\/wp-json\/wp\/v2\/tags?post=62127"}],"curies":[{"name":"wp","href":"https:\/\/api.w.org\/{rel}","templated":true}]}}