{"id":62119,"date":"2019-01-15T16:03:25","date_gmt":"2019-01-15T18:03:25","guid":{"rendered":"http:\/\/pdt-rj.org.br\/?p=62119"},"modified":"2019-01-15T16:28:58","modified_gmt":"2019-01-15T18:28:58","slug":"orfaos-do-brizola-faz-primeiro-ensaio-do-ano-e-agita-o-centro-do-rio","status":"publish","type":"post","link":"https:\/\/pdt-rj.org.br\/index.php\/orfaos-do-brizola-faz-primeiro-ensaio-do-ano-e-agita-o-centro-do-rio\/","title":{"rendered":"\u00d3rf\u00e3os do Brizola faz primeiro ensaio do ano e agita o Centro do Rio"},"content":{"rendered":"<p>Mais de 100 pessoas prestigiaram no \u00faltimo s\u00e1bado (12), o primeiro ensaio do Bloco Carnavalesco \u00d3rf\u00e3os do Brizola, que neste ano vem com o tema &#8220;Educa\u00e7\u00e3o sem Morda\u00e7a&#8221;.<\/p>\n<p>Criado em 2005, ap\u00f3s o falecimento de Leonel Brizola, o bloco veio com  o objetivo de suprir o vazio e a tristeza dos militantes do PDT. Em 2018, 13 anos depois, por iniciativa da Juventude Socialista, o bloco voltou \u00e0s ruas para brincar e falar de pol\u00edtica.<\/p>\n<p>\u201cMinha filha viu a divulga\u00e7\u00e3o no Facebook, estudou no CIEP e hoje \u00e9 professora.\u00a0 Saber que jovens est\u00e3o fazendo Carnaval usando as ideias do Brizola \u00e9 para ficar encantada. Adorei. No pr\u00f3ximo s\u00e1bado estarei aqui\u201d, explica Fernanda Santos.<\/p>\n<p>Para Everton Gomes, vice-presidente da Funda\u00e7\u00e3o no Estado e um dos organizadores, o carnaval \u00e9 momento que voc\u00ea pode fazer suas cr\u00edticas sem perder a alegria. <\/p>\n<p>\u201cO carnaval \u00e9 a festa popular mais celebrada pelos brasileiros e faz parte da cultura do Carioca. Nos seus prim\u00f3rdios e ao longo de d\u00e9cadas transformou com alegria a vis\u00e3o cr\u00edtica da cidade. Os \u00d3rf\u00e3os tem essa miss\u00e3o: transformar a vida do Carioca para melhor com muita felicidade &#8220;.<\/p>\n<p>O bloco far\u00e1 seu desfile na sexta-feira (1) de carnaval, mas antes a festa toma conta dos ensaios, que ser\u00e3o realizados sempre aos s\u00e1bados, a partir das 14h, ao lado do Teatro Jo\u00e3o Caetano.<\/p>\n<p> De acordo com Renan Uccelli, presidente do bloco, existe vaga para participar da bateria e as inscri\u00e7\u00f5es para a disputa do samba est\u00e3o abertas. Quem se interessar \u00e9 s\u00f3 comparecer nos ensaios.<\/p>\n<!-- AddThis Advanced Settings generic via filter on the_content --><!-- AddThis Share Buttons generic via filter on the_content -->","protected":false},"excerpt":{"rendered":"<p>Mais de 100 pessoas prestigiaram no \u00faltimo s\u00e1bado (12), o primeiro ensaio do Bloco Carnavalesco \u00d3rf\u00e3os do Brizola, que neste ano vem com o tema &#8220;Educa\u00e7\u00e3o sem Morda\u00e7a&#8221;. Criado em 2005, ap\u00f3s o falecimento de Leonel Brizola, o bloco veio com o objetivo de suprir o vazio e a tristeza dos militantes do PDT. Em&#8230;<!-- AddThis Advanced Settings generic via filter on wp_trim_excerpt --><!-- AddThis Share Buttons generic via filter on wp_trim_excerpt --><\/p>\n","protected":false},"author":17,"featured_media":62120,"comment_status":"closed","ping_status":"closed","sticky":false,"template":"","format":"standard","meta":{"_monsterinsights_skip_tracking":false,"_monsterinsights_sitenote_active":false,"_monsterinsights_sitenote_note":"","_monsterinsights_sitenote_category":0,"_uf_show_specific_survey":0,"_uf_disable_surveys":false,"footnotes":""},"categories":[1390,1586,1397],"tags":[1545,539,2790,38],"class_list":["post-62119","post","type-post","status-publish","format-standard","has-post-thumbnail","hentry","category-editorias","category-juventude-socialista","category-movimentos","tag-cieps","tag-juventude-socialista","tag-orfaos-do-brizola","tag-pdt"],"acf":[],"_links":{"self":[{"href":"https:\/\/pdt-rj.org.br\/index.php\/wp-json\/wp\/v2\/posts\/62119","targetHints":{"allow":["GET"]}}],"collection":[{"href":"https:\/\/pdt-rj.org.br\/index.php\/wp-json\/wp\/v2\/posts"}],"about":[{"href":"https:\/\/pdt-rj.org.br\/index.php\/wp-json\/wp\/v2\/types\/post"}],"author":[{"embeddable":true,"href":"https:\/\/pdt-rj.org.br\/index.php\/wp-json\/wp\/v2\/users\/17"}],"replies":[{"embeddable":true,"href":"https:\/\/pdt-rj.org.br\/index.php\/wp-json\/wp\/v2\/comments?post=62119"}],"version-history":[{"count":5,"href":"https:\/\/pdt-rj.org.br\/index.php\/wp-json\/wp\/v2\/posts\/62119\/revisions"}],"predecessor-version":[{"id":62125,"href":"https:\/\/pdt-rj.org.br\/index.php\/wp-json\/wp\/v2\/posts\/62119\/revisions\/62125"}],"wp:featuredmedia":[{"embeddable":true,"href":"https:\/\/pdt-rj.org.br\/index.php\/wp-json\/wp\/v2\/media\/62120"}],"wp:attachment":[{"href":"https:\/\/pdt-rj.org.br\/index.php\/wp-json\/wp\/v2\/media?parent=62119"}],"wp:term":[{"taxonomy":"category","embeddable":true,"href":"https:\/\/pdt-rj.org.br\/index.php\/wp-json\/wp\/v2\/categories?post=62119"},{"taxonomy":"post_tag","embeddable":true,"href":"https:\/\/pdt-rj.org.br\/index.php\/wp-json\/wp\/v2\/tags?post=62119"}],"curies":[{"name":"wp","href":"https:\/\/api.w.org\/{rel}","templated":true}]}}