{"id":62089,"date":"2019-01-12T15:55:23","date_gmt":"2019-01-12T17:55:23","guid":{"rendered":"http:\/\/pdt-rj.org.br\/?p=62089"},"modified":"2019-01-25T12:14:57","modified_gmt":"2019-01-25T14:14:57","slug":"andre-figueiredo-e-reconduzido-por-unanimidade-a-lideranca-do-pdt-na-camara","status":"publish","type":"post","link":"https:\/\/pdt-rj.org.br\/index.php\/andre-figueiredo-e-reconduzido-por-unanimidade-a-lideranca-do-pdt-na-camara\/","title":{"rendered":"Andr\u00e9 Figueiredo \u00e9 reconduzido por unanimidade \u00e0 lideran\u00e7a do PDT na C\u00e2mara"},"content":{"rendered":"<p>O deputado federal Andr\u00e9 Figueiredo (CE) foi reconduzido, neste s\u00e1bado (12), por unanimidade, \u00e0 lideran\u00e7a do PDT na C\u00e2mara neste segundo e \u00faltimo dia de reuni\u00e3o da Executiva Nacional do partido, que acontece desde ontem (11), na sede da Funda\u00e7\u00e3o Leonel Brizola \u2013 Alberto Pasqualini (FLB-AP), no Rio de Janeiro. <\/p>\n<p>Na vis\u00e3o do presidente nacional do PDT, Carlos Lupi, do vice-presidente nacional da legenda, Ciro Gomes, e das demais lideran\u00e7as presentes no encontro, Andr\u00e9 Figueiredo tem a experi\u00eancia e o poder de articula\u00e7\u00e3o necess\u00e1rios para o atual momento pol\u00edtico do Pa\u00eds. Eleito pela quinta vez para liderar os pedetistas na C\u00e2mara, o parlamentar ter\u00e1, agora, o desafio de manter a unidade da bancada pedetista \u2013 que aumentou significativo nessas elei\u00e7\u00f5es, contando agora com 28 deputados \u2013 e, juntos, defender o povo brasileiro, por meio de uma oposi\u00e7\u00e3o respons\u00e1vel ao atual governo.<\/p>\n<p>Nesse sentido, Ciro refor\u00e7ou a import\u00e2ncia da uni\u00e3o da equipe; da realiza\u00e7\u00e3o de um trabalho coletivo de desenvolvimento, respeitando as quest\u00f5es b\u00e1sicas do partido, mantendo, sobretudo, a coer\u00eancia que o PDT tem apresentado na C\u00e2mara ao longo dos anos.<\/p>\n<p> <strong>Presid\u00eancia da C\u00e2mara<\/strong>  <\/p>\n<p>E foi com esse entendimento que a maioria dos membros da Executiva votou a favor do indicativo de apoio \u00e0 candidatura de Rodrigo Maia \u00e0 presid\u00eancia da C\u00e2mara. Na vis\u00e3o do PDT, o respeito que Maia, atual presidente da Casa, conquistou entre os parlamentares, cumprindo de forma s\u00e9ria os compromissos assumidos, ser\u00e1 importante para o fortalecimento da independ\u00eancia e valoriza\u00e7\u00e3o do Legislativo. <\/p>\n<p>\u201cEstamos construindo uma oposi\u00e7\u00e3o qualificada, com conte\u00fado, junto ao PCdoB e PSB. Essa legislatura ser\u00e1 uma luta di\u00e1ria, em defesa dos direitos dos trabalhadores. \u00c9 um desrespeito o que alguns pol\u00edticos andam fazendo com a hist\u00f3ria do Brasil e a mem\u00f3ria daqueles que lutaram por um pa\u00eds mais justo. Vamos, aqui, pensar num Brasil para frente\u201d, disse o l\u00edder.<\/p>\n<p>Outra decis\u00e3o importante foi a realiza\u00e7\u00e3o, em fevereiro, de um novo encontro da Executiva e de toda a bancada pedetista, para discutir, de forma ampla, as quest\u00f5es relacionadas com a Previd\u00eancia. <\/p>\n<!-- AddThis Advanced Settings generic via filter on the_content --><!-- AddThis Share Buttons generic via filter on the_content -->","protected":false},"excerpt":{"rendered":"<p>O deputado federal Andr\u00e9 Figueiredo (CE) foi reconduzido, neste s\u00e1bado (12), por unanimidade, \u00e0 lideran\u00e7a do PDT na C\u00e2mara neste segundo e \u00faltimo dia de reuni\u00e3o da Executiva Nacional do partido, que acontece desde ontem (11), na sede da Funda\u00e7\u00e3o Leonel Brizola \u2013 Alberto Pasqualini (FLB-AP), no Rio de Janeiro. Na vis\u00e3o do presidente nacional&#8230;<!-- AddThis Advanced Settings generic via filter on wp_trim_excerpt --><!-- AddThis Share Buttons generic via filter on wp_trim_excerpt --><\/p>\n","protected":false},"author":17,"featured_media":62090,"comment_status":"closed","ping_status":"closed","sticky":false,"template":"","format":"standard","meta":{"_monsterinsights_skip_tracking":false,"_monsterinsights_sitenote_active":false,"_monsterinsights_sitenote_note":"","_monsterinsights_sitenote_category":0,"_uf_show_specific_survey":0,"_uf_disable_surveys":false,"footnotes":""},"categories":[1390,1459,1401],"tags":[],"class_list":["post-62089","post","type-post","status-publish","format-standard","has-post-thumbnail","hentry","category-editorias","category-congresso","category-nacional"],"acf":[],"_links":{"self":[{"href":"https:\/\/pdt-rj.org.br\/index.php\/wp-json\/wp\/v2\/posts\/62089","targetHints":{"allow":["GET"]}}],"collection":[{"href":"https:\/\/pdt-rj.org.br\/index.php\/wp-json\/wp\/v2\/posts"}],"about":[{"href":"https:\/\/pdt-rj.org.br\/index.php\/wp-json\/wp\/v2\/types\/post"}],"author":[{"embeddable":true,"href":"https:\/\/pdt-rj.org.br\/index.php\/wp-json\/wp\/v2\/users\/17"}],"replies":[{"embeddable":true,"href":"https:\/\/pdt-rj.org.br\/index.php\/wp-json\/wp\/v2\/comments?post=62089"}],"version-history":[{"count":8,"href":"https:\/\/pdt-rj.org.br\/index.php\/wp-json\/wp\/v2\/posts\/62089\/revisions"}],"predecessor-version":[{"id":62249,"href":"https:\/\/pdt-rj.org.br\/index.php\/wp-json\/wp\/v2\/posts\/62089\/revisions\/62249"}],"wp:featuredmedia":[{"embeddable":true,"href":"https:\/\/pdt-rj.org.br\/index.php\/wp-json\/wp\/v2\/media\/62090"}],"wp:attachment":[{"href":"https:\/\/pdt-rj.org.br\/index.php\/wp-json\/wp\/v2\/media?parent=62089"}],"wp:term":[{"taxonomy":"category","embeddable":true,"href":"https:\/\/pdt-rj.org.br\/index.php\/wp-json\/wp\/v2\/categories?post=62089"},{"taxonomy":"post_tag","embeddable":true,"href":"https:\/\/pdt-rj.org.br\/index.php\/wp-json\/wp\/v2\/tags?post=62089"}],"curies":[{"name":"wp","href":"https:\/\/api.w.org\/{rel}","templated":true}]}}