{"id":62068,"date":"2019-01-11T22:15:33","date_gmt":"2019-01-12T00:15:33","guid":{"rendered":"http:\/\/pdt-rj.org.br\/?p=62068"},"modified":"2019-01-25T12:07:45","modified_gmt":"2019-01-25T14:07:45","slug":"ciro-afirma-que-o-trabalhismo-e-a-resposta-para-o-brasil-e-para-o-mundo","status":"publish","type":"post","link":"https:\/\/pdt-rj.org.br\/index.php\/ciro-afirma-que-o-trabalhismo-e-a-resposta-para-o-brasil-e-para-o-mundo\/","title":{"rendered":"Ciro afirma que o Trabalhismo \u00e9 a resposta para o Brasil e para o mundo"},"content":{"rendered":"<p>\u201cO Ciro fez com que o PDT alcan\u00e7asse um novo patamar com sua campanha, por suas propostas e, principalmente, pelo entusiasmo que despertou entre os jovens, muitos deles, agora, interessados em participar da pol\u00edtica\u201d, avaliou o presidente nacional do PDT, Carlos Lupi, na abertura da reuni\u00e3o da Executiva Nacional do partido, realizada nesta sexta-feira (11), no Rio de Janeiro.<\/p>\n<p>Ciro Gomes, vice-presidente nacional do partido, tamb\u00e9m esteve presente neste primeiro dia do encontro, que vai at\u00e9 amanh\u00e3 (12), e reuni os demais integrantes da Dire\u00e7\u00e3o Nacional da legenda, lideran\u00e7as estaduais e municipais, e a sua banca federal, incluindo os deputados e senadores eleitos no \u00faltimo pleito.<\/p>\n<p>Inspirados pelo esp\u00edrito de renova\u00e7\u00e3o conclamado por Lupi, os membros da Executiva aprovaram, por unanimidade, o projeto \u201cPDT Digital\u201d, apresentado pela Dire\u00e7\u00e3o Nacional, que visa a cria\u00e7\u00e3o de uma plataforma que permita uma intera\u00e7\u00e3o mais din\u00e2mica entre filiados e as lideran\u00e7as do partido. O intuito \u00e9 capitanear novas ideias, que viabilizem a\u00e7\u00f5es partid\u00e1rias mais pr\u00f3ximas dos anseios da popula\u00e7\u00e3o, bem como fomentar o engajamento de filiados por todo o Pa\u00eds.<\/p>\n<p>De acordo com o Lupi, al\u00e9m das v\u00e1rias ideias apresentadas na reuni\u00e3o de hoje, todas as sugest\u00f5es colhidas ao longo do processo de constru\u00e7\u00e3o do PDT Digital ser\u00e3o ouvidas e consideradas.<\/p>\n<p>Outro item aprovado por unanimidade foi a data da pr\u00f3xima Conven\u00e7\u00e3o Nacional do PDT, a ser realizada no dia 18 de mar\u00e7o, em Bras\u00edlia, para elei\u00e7\u00e3o do novo diret\u00f3rio e nova Dire\u00e7\u00e3o Executiva Nacional.<\/p>\n<p>Ao final do encontro, Ciro Gomes, em sua t\u00e3o aguardada fala, fez um balan\u00e7o do cen\u00e1rio p\u00f3s-eleitoral no Pa\u00eds, e ressaltou que as primeiras decis\u00f5es apresentadas pelo presidente eleito, em menos de dez dias de governo, refletem medidas que, longe de resolver o problema do desemprego e do d\u00e9ficit econ\u00f4mico que assolam a na\u00e7\u00e3o, reascender\u00e3o a import\u00e2ncia das bandeiras hist\u00f3ricas do PDT, colocando o partido em uma posi\u00e7\u00e3o estrat\u00e9gica.<\/p>\n<p>\u201cO PDT \u00e9 o olho em terra de cego. O Trabalhismo redivivo \u00e9 a grande resposta, n\u00e3o s\u00f3 para o Brasil, mas para o mundo\u201d, afirmou Ciro, que reiterou a import\u00e2ncia de se fazer uma oposi\u00e7\u00e3o centrada e de paci\u00eancia, com foco nas grandes quest\u00f5es centrais que, em sua opini\u00e3o, voltar\u00e3o \u00e0 pauta as discuss\u00f5es, aproximadamente, em 100 dias.  <\/p>\n<p>\u201c\u00c9 importante tentar fazer uma plataforma de assuntos pr\u00e1ticos: n\u00edvel de emprego, propor\u00e7\u00e3o de sal\u00e1rios na renda nacional, renda m\u00e9dia do trabalhador, renda m\u00e9dia do aposentado, n\u00edvel de adimpl\u00eancia e inadimpl\u00eancia do consumidor\u2026\u201d, elencou Ciro.<\/p>\n<p>\u201cO [Donald] Trump est\u00e1 defendendo a ind\u00fastria nacional americana criando tens\u00f5es graves para o planeta terra para proteger o emprego do norte americano, em uma ind\u00fastria de transforma\u00e7\u00e3o <em>old fashion way<\/em>, ou seja, ao modo antigo de se fazer, e o Brasil est\u00e1 aceitando ser sede da mais grave desindustrializa\u00e7\u00e3o da hist\u00f3ria do mundo capitalista\u201d, alertou Ciro, fazendo refer\u00eancia \u00e0 venda da Embraer para a Boeing, e ao que ele chamou de \u2018esquartejamento\u2019 da Petrobras.<\/p>\n<p>\u201cO Trabalhismo traz a resposta para a quest\u00e3o da pobreza; porque o Trabalhismo entendeu que o mecanismo do capitalismo solto produz iniquidade, produz concentra\u00e7\u00e3o de renda, produz instabilidade e crise\u201d, avaliou o pedetista, que avisou: \u201cN\u00f3s vamos nos organizar; a partir de ontem!\u201d.<\/p>\n<!-- AddThis Advanced Settings generic via filter on the_content --><!-- AddThis Share Buttons generic via filter on the_content -->","protected":false},"excerpt":{"rendered":"<p>\u201cO Ciro fez com que o PDT alcan\u00e7asse um novo patamar com sua campanha, por suas propostas e, principalmente, pelo entusiasmo que despertou entre os jovens, muitos deles, agora, interessados em participar da pol\u00edtica\u201d, avaliou o presidente nacional do PDT, Carlos Lupi, na abertura da reuni\u00e3o da Executiva Nacional do partido, realizada nesta sexta-feira (11),&#8230;<!-- AddThis Advanced Settings generic via filter on wp_trim_excerpt --><!-- AddThis Share Buttons generic via filter on wp_trim_excerpt --><\/p>\n","protected":false},"author":17,"featured_media":62069,"comment_status":"closed","ping_status":"closed","sticky":false,"template":"","format":"standard","meta":{"_monsterinsights_skip_tracking":false,"_monsterinsights_sitenote_active":false,"_monsterinsights_sitenote_note":"","_monsterinsights_sitenote_category":0,"_uf_show_specific_survey":0,"_uf_disable_surveys":false,"footnotes":""},"categories":[1390],"tags":[],"class_list":["post-62068","post","type-post","status-publish","format-standard","has-post-thumbnail","hentry","category-editorias"],"acf":[],"_links":{"self":[{"href":"https:\/\/pdt-rj.org.br\/index.php\/wp-json\/wp\/v2\/posts\/62068","targetHints":{"allow":["GET"]}}],"collection":[{"href":"https:\/\/pdt-rj.org.br\/index.php\/wp-json\/wp\/v2\/posts"}],"about":[{"href":"https:\/\/pdt-rj.org.br\/index.php\/wp-json\/wp\/v2\/types\/post"}],"author":[{"embeddable":true,"href":"https:\/\/pdt-rj.org.br\/index.php\/wp-json\/wp\/v2\/users\/17"}],"replies":[{"embeddable":true,"href":"https:\/\/pdt-rj.org.br\/index.php\/wp-json\/wp\/v2\/comments?post=62068"}],"version-history":[{"count":17,"href":"https:\/\/pdt-rj.org.br\/index.php\/wp-json\/wp\/v2\/posts\/62068\/revisions"}],"predecessor-version":[{"id":62175,"href":"https:\/\/pdt-rj.org.br\/index.php\/wp-json\/wp\/v2\/posts\/62068\/revisions\/62175"}],"wp:featuredmedia":[{"embeddable":true,"href":"https:\/\/pdt-rj.org.br\/index.php\/wp-json\/wp\/v2\/media\/62069"}],"wp:attachment":[{"href":"https:\/\/pdt-rj.org.br\/index.php\/wp-json\/wp\/v2\/media?parent=62068"}],"wp:term":[{"taxonomy":"category","embeddable":true,"href":"https:\/\/pdt-rj.org.br\/index.php\/wp-json\/wp\/v2\/categories?post=62068"},{"taxonomy":"post_tag","embeddable":true,"href":"https:\/\/pdt-rj.org.br\/index.php\/wp-json\/wp\/v2\/tags?post=62068"}],"curies":[{"name":"wp","href":"https:\/\/api.w.org\/{rel}","templated":true}]}}