{"id":62022,"date":"2019-01-11T19:27:51","date_gmt":"2019-01-11T21:27:51","guid":{"rendered":"http:\/\/pdt-rj.org.br\/?p=62022"},"modified":"2019-01-11T19:38:31","modified_gmt":"2019-01-11T21:38:31","slug":"flavia-morais-faz-balanco-positivo-de-2018","status":"publish","type":"post","link":"https:\/\/pdt-rj.org.br\/index.php\/flavia-morais-faz-balanco-positivo-de-2018\/","title":{"rendered":"Fl\u00e1via Morais faz balan\u00e7o positivo de 2018"},"content":{"rendered":"<p>Iniciando mais um mandato como legisladora, a deputada federal Fl\u00e1via Morais (PDT-GO) fez um balan\u00e7o e comemorou os resultados positivos de sua gest\u00e3o parlamentar em 2018. Segundo ela, sua atua\u00e7\u00e3o foi focada no desenvolvimento social dos munic\u00edpios goianos, nos direitos das mulheres, idosos, trabalhadores e dos usu\u00e1rios do Sistema \u00danico de Sa\u00fade (SUS). <\/p>\n<p>Ao longo do ano, a deputada participou das discuss\u00f5es sobre a Reforma da Previd\u00eancia e foi contra o avan\u00e7o do projeto. Ao mesmo tempo, Fl\u00e1via Morais como Vice-presidente da Comiss\u00e3o de Legisla\u00e7\u00e3o Participativa (CLP) da C\u00e2mara dos Deputados colocou em discuss\u00e3o o projeto que sugeriu que os recursos desviados pela corrup\u00e7\u00e3o e recuperados judicialmente fossem destinados para a ci\u00eancia e tecnologia.<\/p>\n<p>Al\u00e9m disso, a deputada destinou in\u00fameros recursos, por meio de Emendas Parlamentares, para obras de infraestrutura nos munic\u00edpios goianos. Para a cidade de Senador Canedo, por exemplo, a parlamentar destinou R$ 1 milh\u00e3o para o Complexo Tur\u00edstico Santo Ant\u00f4nio, R$ 495 mil para o Parque Municipal Flor Ip\u00ea e R$ 380 mil para pavimenta\u00e7\u00e3o asf\u00e1ltica. <\/p>\n<p>Para Trindade, reduto eleitoral da deputada, foram R$ 250 mil para a implanta\u00e7\u00e3o de a\u00e7\u00f5es de infraestrutura no Campus do Instituto Federal e R$ 200 mil para a aquisi\u00e7\u00e3o de equipamentos para o campus da Universidade Estadual de Goi\u00e1s (UEG) do munic\u00edpio. <\/p>\n<p>&#8220;Ao todo, foram cerca de R$ 15 milh\u00f5es em recursos destinados \u00e0 manuten\u00e7\u00e3o de unidades de sa\u00fade, estrutura\u00e7\u00e3o de centros de conviv\u00eancias e conselhos tutelares, aquisi\u00e7\u00e3o de ve\u00edculos para o transporte escolar e fomento ao setor agropecu\u00e1rio de Goi\u00e1s&#8221;, explica Fl\u00e1via Morais. <\/p>\n<p>Tamb\u00e9m em 2018, a deputada questionou o aumento abusivo dos pre\u00e7os dos combust\u00edveis e solicitou explica\u00e7\u00f5es da Petrobras; lutou contra a Medida Provis\u00f3ria 841\/18, que tentou dilapidar o Minist\u00e9rio do Esporte com a retirada de investimentos provenientes das loterias federais; e foi escolhida para presidir a subcomiss\u00e3o que ir\u00e1 sugerir atualiza\u00e7\u00f5es no Estatuto do Idoso. <\/p>\n<p>Na \u00e1rea da sa\u00fade, Fl\u00e1via Morais participou de audi\u00eancia realizada pela Comiss\u00e3o de Seguridade Social e Fam\u00edlia em julho e cobrou que o SUS seja \u00e1gil em trabalhar para ampliar o acesso \u00e0s terapias que utilizam a radia\u00e7\u00e3o para impedir a multiplica\u00e7\u00e3o das c\u00e9lulas que causam c\u00e2ncer de cabe\u00e7a e pesco\u00e7o. A deputada tem um amplo hist\u00f3rico em defesa da sa\u00fade p\u00fablica e \u00e9 autora da Lei dos 60 dias, que determina que todo paciente com c\u00e2ncer deve obrigatoriamente iniciar o seu tratamento em no m\u00e1ximo 60 dias ap\u00f3s o diagnostico da doen\u00e7a.<\/p>\n<p>Para 2019, a parlamentar afirma que continuar\u00e1 contribuindo de forma substantiva com a agenda p\u00fablica brasileira. &#8220;Vamos seguir desempenhando um papel legislativo eficaz e voltado para os interesses dos goianos. Neste in\u00edcio de ano, a t\u00edtulo de exemplo, j\u00e1 entregamos 14 caminh\u00f5es basculantes para 11 munic\u00edpios, entre eles Cristalina e Bela Vista. Al\u00e9m disso, 12 cidades receberam camionetes novas para auxiliar no combate do mosquito transmissor da dengue. Meu objetivo, portanto, \u00e9 melhorar a qualidade do nosso povo&#8221;, finalizou.<\/p>\n<!-- AddThis Advanced Settings generic via filter on the_content --><!-- AddThis Share Buttons generic via filter on the_content -->","protected":false},"excerpt":{"rendered":"<p>Iniciando mais um mandato como legisladora, a deputada federal Fl\u00e1via Morais (PDT-GO) fez um balan\u00e7o e comemorou os resultados positivos de sua gest\u00e3o parlamentar em 2018. Segundo ela, sua atua\u00e7\u00e3o foi focada no desenvolvimento social dos munic\u00edpios goianos, nos direitos das mulheres, idosos, trabalhadores e dos usu\u00e1rios do Sistema \u00danico de Sa\u00fade (SUS). Ao longo&#8230;<!-- AddThis Advanced Settings generic via filter on wp_trim_excerpt --><!-- AddThis Share Buttons generic via filter on wp_trim_excerpt --><\/p>\n","protected":false},"author":17,"featured_media":62062,"comment_status":"closed","ping_status":"closed","sticky":false,"template":"","format":"standard","meta":{"_monsterinsights_skip_tracking":false,"_monsterinsights_sitenote_active":false,"_monsterinsights_sitenote_note":"","_monsterinsights_sitenote_category":0,"_uf_show_specific_survey":0,"_uf_disable_surveys":false,"footnotes":""},"categories":[1390,1459],"tags":[152,1453,3185,38],"class_list":["post-62022","post","type-post","status-publish","format-standard","has-post-thumbnail","hentry","category-editorias","category-congresso","tag-balanco","tag-desenvolvimento-social","tag-gestao-parlamentar","tag-pdt"],"acf":[],"_links":{"self":[{"href":"https:\/\/pdt-rj.org.br\/index.php\/wp-json\/wp\/v2\/posts\/62022","targetHints":{"allow":["GET"]}}],"collection":[{"href":"https:\/\/pdt-rj.org.br\/index.php\/wp-json\/wp\/v2\/posts"}],"about":[{"href":"https:\/\/pdt-rj.org.br\/index.php\/wp-json\/wp\/v2\/types\/post"}],"author":[{"embeddable":true,"href":"https:\/\/pdt-rj.org.br\/index.php\/wp-json\/wp\/v2\/users\/17"}],"replies":[{"embeddable":true,"href":"https:\/\/pdt-rj.org.br\/index.php\/wp-json\/wp\/v2\/comments?post=62022"}],"version-history":[{"count":10,"href":"https:\/\/pdt-rj.org.br\/index.php\/wp-json\/wp\/v2\/posts\/62022\/revisions"}],"predecessor-version":[{"id":62067,"href":"https:\/\/pdt-rj.org.br\/index.php\/wp-json\/wp\/v2\/posts\/62022\/revisions\/62067"}],"wp:featuredmedia":[{"embeddable":true,"href":"https:\/\/pdt-rj.org.br\/index.php\/wp-json\/wp\/v2\/media\/62062"}],"wp:attachment":[{"href":"https:\/\/pdt-rj.org.br\/index.php\/wp-json\/wp\/v2\/media?parent=62022"}],"wp:term":[{"taxonomy":"category","embeddable":true,"href":"https:\/\/pdt-rj.org.br\/index.php\/wp-json\/wp\/v2\/categories?post=62022"},{"taxonomy":"post_tag","embeddable":true,"href":"https:\/\/pdt-rj.org.br\/index.php\/wp-json\/wp\/v2\/tags?post=62022"}],"curies":[{"name":"wp","href":"https:\/\/api.w.org\/{rel}","templated":true}]}}