{"id":62016,"date":"2019-01-09T13:39:25","date_gmt":"2019-01-09T15:39:25","guid":{"rendered":"http:\/\/pdt-rj.org.br\/?p=62016"},"modified":"2019-01-23T14:19:36","modified_gmt":"2019-01-23T16:19:36","slug":"pdt-vai-a-justica-contra-venda-da-embraer","status":"publish","type":"post","link":"https:\/\/pdt-rj.org.br\/index.php\/pdt-vai-a-justica-contra-venda-da-embraer\/","title":{"rendered":"PDT vai \u00e0 Justi\u00e7a contra venda da Embraer"},"content":{"rendered":"<p>O PDT Nacional deu entrada nesta quarta-feira (9), em A\u00e7\u00e3o C\u00edvel P\u00fablica, com Pedido de Tutela Provis\u00f3ria de Urg\u00eancia, na Justi\u00e7a de Bras\u00edlia, pedindo a suspens\u00e3o da venda da Embraer para norte-americana Boeing. Para o presidente nacional do PDT, Carlos Lupi, a uni\u00e3o das empresas, anunciada em julho de 2018, coloca em risco a soberania nacional, porque prev\u00ea, entre outras medidas, a completa transfer\u00eancia de tecnologias fundamentais para seguran\u00e7a nacional.\u00a0<\/p>\n<p>O an\u00fancio da compra da Embraer pela Boeing se iniciou atrav\u00e9s da assinatura de memorando de entendimentos ainda em julho do 2018. De acordo com a proposta, a Boeing passaria a ter o controle acion\u00e1rio da empresa brasileira, assumindo todas as suas opera\u00e7\u00f5es comerciais.&nbsp; Esse acordo resultaria em uma nova empresa (join-venture) onde Boeing teria 80% do controle acion\u00e1rio contra 20% da brasileira, que n\u00e3o teria ao menos cadeira no Conselho de Administra\u00e7\u00e3o da nova empresa.&nbsp;<\/p>\n<p>O processo instaurado pelo PDT pede que a Uni\u00e3o seja citada, uma vez que ela deixaria de exercer privil\u00e9gios conferidas \u00e0 ela quando da privatiza\u00e7\u00e3o da empresa, ainda durante a gest\u00e3o do presidente Itamar Franco, nos anos 90. Os advogados do partido citam, com import\u00e2ncia, as \u201cgolden share\u201d que garantem direto de veto em rela\u00e7\u00e3o a transfer\u00eancia de controle acion\u00e1rio &#8211; exatamente o que est\u00e1 acontecendo agora.&nbsp;<\/p>\n<p>Os advogados alertam na a\u00e7\u00e3o a temeridade de ser passar toda a tecnologia de empresa estrat\u00e9gica brasileira para estrangeiros sem a participa\u00e7\u00e3o do Congresso Nacional &#8211; que durante o processo de privatiza\u00e7\u00e3o previu exatamente que a Uni\u00e3o teria total controle sobre esse tipo de transa\u00e7\u00e3o &#8211; da qual agora abriria m\u00e3o.<\/p>\n<p>Na conclus\u00e3o, o partido solicita a nulidade do ajuste pretendido entre as empresas e que o acordo seja analisado pelo Congresso Nacional e pelo Conselho de Defesa Nacional.&nbsp;<\/p>\n<p><a href=\"http:\/\/pdt-rj.org.br\/wp-content\/uploads\/2019\/01\/Acao-civil-publica.-PARTIDO-DEMOCRATICO-TRABALHISTA-PDT-DIRETORIO-NACIONAL.-Fusao-entre-BOEING-e-EMBRAER.-1-3.pdf\">Leia a \u00edntegra do documento<\/a><\/p>\n<!-- AddThis Advanced Settings generic via filter on the_content --><!-- AddThis Share Buttons generic via filter on the_content -->","protected":false},"excerpt":{"rendered":"<p>O PDT Nacional deu entrada nesta quarta-feira (9), em A\u00e7\u00e3o C\u00edvel P\u00fablica, com Pedido de Tutela Provis\u00f3ria de Urg\u00eancia, na Justi\u00e7a de Bras\u00edlia, pedindo a suspens\u00e3o da venda da Embraer para norte-americana Boeing. Para o presidente nacional do PDT, Carlos Lupi, a uni\u00e3o das empresas, anunciada em julho de 2018, coloca em risco a soberania&#8230;<!-- AddThis Advanced Settings generic via filter on wp_trim_excerpt --><!-- AddThis Share Buttons generic via filter on wp_trim_excerpt --><\/p>\n","protected":false},"author":17,"featured_media":62017,"comment_status":"closed","ping_status":"closed","sticky":false,"template":"","format":"standard","meta":{"_monsterinsights_skip_tracking":false,"_monsterinsights_sitenote_active":false,"_monsterinsights_sitenote_note":"","_monsterinsights_sitenote_category":0,"_uf_show_specific_survey":0,"_uf_disable_surveys":false,"footnotes":""},"categories":[1390],"tags":[],"class_list":["post-62016","post","type-post","status-publish","format-standard","has-post-thumbnail","hentry","category-editorias"],"acf":[],"_links":{"self":[{"href":"https:\/\/pdt-rj.org.br\/index.php\/wp-json\/wp\/v2\/posts\/62016","targetHints":{"allow":["GET"]}}],"collection":[{"href":"https:\/\/pdt-rj.org.br\/index.php\/wp-json\/wp\/v2\/posts"}],"about":[{"href":"https:\/\/pdt-rj.org.br\/index.php\/wp-json\/wp\/v2\/types\/post"}],"author":[{"embeddable":true,"href":"https:\/\/pdt-rj.org.br\/index.php\/wp-json\/wp\/v2\/users\/17"}],"replies":[{"embeddable":true,"href":"https:\/\/pdt-rj.org.br\/index.php\/wp-json\/wp\/v2\/comments?post=62016"}],"version-history":[{"count":11,"href":"https:\/\/pdt-rj.org.br\/index.php\/wp-json\/wp\/v2\/posts\/62016\/revisions"}],"predecessor-version":[{"id":62192,"href":"https:\/\/pdt-rj.org.br\/index.php\/wp-json\/wp\/v2\/posts\/62016\/revisions\/62192"}],"wp:featuredmedia":[{"embeddable":true,"href":"https:\/\/pdt-rj.org.br\/index.php\/wp-json\/wp\/v2\/media\/62017"}],"wp:attachment":[{"href":"https:\/\/pdt-rj.org.br\/index.php\/wp-json\/wp\/v2\/media?parent=62016"}],"wp:term":[{"taxonomy":"category","embeddable":true,"href":"https:\/\/pdt-rj.org.br\/index.php\/wp-json\/wp\/v2\/categories?post=62016"},{"taxonomy":"post_tag","embeddable":true,"href":"https:\/\/pdt-rj.org.br\/index.php\/wp-json\/wp\/v2\/tags?post=62016"}],"curies":[{"name":"wp","href":"https:\/\/api.w.org\/{rel}","templated":true}]}}