{"id":62010,"date":"2019-01-08T17:13:19","date_gmt":"2019-01-08T19:13:19","guid":{"rendered":"http:\/\/pdt-rj.org.br\/?p=62010"},"modified":"2019-01-23T14:26:48","modified_gmt":"2019-01-23T16:26:48","slug":"pdt-quer-suspender-no-stf-extincao-do-ministerio-do-trabalho","status":"publish","type":"post","link":"https:\/\/pdt-rj.org.br\/index.php\/pdt-quer-suspender-no-stf-extincao-do-ministerio-do-trabalho\/","title":{"rendered":"PDT quer suspender no STF extin\u00e7\u00e3o do Minist\u00e9rio do Trabalho"},"content":{"rendered":"<p><\/p>\n<p>O PDT entrou com uma a\u00e7\u00e3o no Supremo Tribunal Federal (A\u00e7\u00e3o Direta de Inconstitucionalidade) para impedir a extin\u00e7\u00e3o do Minist\u00e9rio do Trabalho e Emprego (MTE), ap\u00f3s decis\u00e3o do presidente Jair Bolsonaro autorizada na Medida Provis\u00f3ria 870\/2019. Assinado pelo l\u00edder do PDT na C\u00e2mara, deputado Andr\u00e9 Figueiredo, e pelo presidente do partido Carlos Lupi, o partido argumenta que a decis\u00e3o de extinguir a pasta pulveriza as a\u00e7\u00f5es e atribui\u00e7\u00f5es da pasta e representa um enfraquecimento de direitos, regras e rede de prote\u00e7\u00e3o que a Constitui\u00e7\u00e3o prev\u00ea para o Direito do Trabalho no Brasil.<\/p>\n<p>A pe\u00e7a apresentada pelo partido pede que a liminar suspenda a efic\u00e1cia de artigos que extinguiram o Minist\u00e9rio, assim como declare a inconstitucionalidade da MP. O PDT \u00e9 historicamente ligado \u00e0 classe trabalhadora e conduziu as pastas nos governos Lula e Dilma. Entre as preocupa\u00e7\u00f5es do partido com a pulveriza\u00e7\u00e3o das a\u00e7\u00f5es do Minist\u00e9rio em diversos outros \u00f3rg\u00e3os est\u00e1 a emiss\u00e3o de carteiras do trabalho, a fiscaliza\u00e7\u00e3o de direitos trabalhistas e at\u00e9 mesmo o cumprimento da jornada de trabalho. <\/p>\n<p>&#8220;Al\u00e9m dessa decis\u00e3o ter que passar pelo Congresso Nacional, ela fere a Constitui\u00e7\u00e3o Federal j\u00e1 que representa uma amea\u00e7a a direitos constitu\u00eddos. \u00c9 o Minist\u00e9rio do Trabalho que fiscaliza, por exemplo, o trabalho escravo. Enfraquec\u00ea-lo \u00e9 atacar diretamente essa rede de prote\u00e7\u00e3o aos trabalhadores. Sem falar que o Brasil como signat\u00e1rio das principais conven\u00e7\u00f5es da OIT n\u00e3o pode ser um dos poucos pa\u00edses do mundo que n\u00e3o tenha um Minist\u00e9rio do Trabalho constitu\u00eddo&#8221;, disse Andr\u00e9 Figueiredo.<\/p>\n<p>Para o parlamentar, colocar em risco o funcionamento de programas como o de Microcr\u00e9dito Produtivo Orientado, respons\u00e1vel por incentivar a gera\u00e7\u00e3o de trabalho e renda entre os microempreendedores populares, \u00e9 um risco inclusive \u00e0 economia e ao desenvolvimento do pa\u00eds. Outro ponto questionado foi a possibilidade de extin\u00e7\u00e3o da Secretaria Nacional de Economia Solid\u00e1ria, que coordena atividades econ\u00f4micas visando \u00e0 gera\u00e7\u00e3o de trabalho e renda, \u00e0 inclus\u00e3o social e \u00e0 promo\u00e7\u00e3o do desenvolvimento justo e solid\u00e1rio.<\/p>\n<!-- AddThis Advanced Settings generic via filter on the_content --><!-- AddThis Share Buttons generic via filter on the_content -->","protected":false},"excerpt":{"rendered":"<p>O PDT entrou com uma a\u00e7\u00e3o no Supremo Tribunal Federal (A\u00e7\u00e3o Direta de Inconstitucionalidade) para impedir a extin\u00e7\u00e3o do Minist\u00e9rio do Trabalho e Emprego (MTE), ap\u00f3s decis\u00e3o do presidente Jair Bolsonaro autorizada na Medida Provis\u00f3ria 870\/2019. Assinado pelo l\u00edder do PDT na C\u00e2mara, deputado Andr\u00e9 Figueiredo, e pelo presidente do partido Carlos Lupi, o partido&#8230;<!-- AddThis Advanced Settings generic via filter on wp_trim_excerpt --><!-- AddThis Share Buttons generic via filter on wp_trim_excerpt --><\/p>\n","protected":false},"author":17,"featured_media":58419,"comment_status":"closed","ping_status":"closed","sticky":false,"template":"","format":"standard","meta":{"_monsterinsights_skip_tracking":false,"_monsterinsights_sitenote_active":false,"_monsterinsights_sitenote_note":"","_monsterinsights_sitenote_category":0,"_uf_show_specific_survey":0,"_uf_disable_surveys":false,"footnotes":""},"categories":[1390],"tags":[],"class_list":["post-62010","post","type-post","status-publish","format-standard","has-post-thumbnail","hentry","category-editorias"],"acf":[],"_links":{"self":[{"href":"https:\/\/pdt-rj.org.br\/index.php\/wp-json\/wp\/v2\/posts\/62010","targetHints":{"allow":["GET"]}}],"collection":[{"href":"https:\/\/pdt-rj.org.br\/index.php\/wp-json\/wp\/v2\/posts"}],"about":[{"href":"https:\/\/pdt-rj.org.br\/index.php\/wp-json\/wp\/v2\/types\/post"}],"author":[{"embeddable":true,"href":"https:\/\/pdt-rj.org.br\/index.php\/wp-json\/wp\/v2\/users\/17"}],"replies":[{"embeddable":true,"href":"https:\/\/pdt-rj.org.br\/index.php\/wp-json\/wp\/v2\/comments?post=62010"}],"version-history":[{"count":5,"href":"https:\/\/pdt-rj.org.br\/index.php\/wp-json\/wp\/v2\/posts\/62010\/revisions"}],"predecessor-version":[{"id":62195,"href":"https:\/\/pdt-rj.org.br\/index.php\/wp-json\/wp\/v2\/posts\/62010\/revisions\/62195"}],"wp:featuredmedia":[{"embeddable":true,"href":"https:\/\/pdt-rj.org.br\/index.php\/wp-json\/wp\/v2\/media\/58419"}],"wp:attachment":[{"href":"https:\/\/pdt-rj.org.br\/index.php\/wp-json\/wp\/v2\/media?parent=62010"}],"wp:term":[{"taxonomy":"category","embeddable":true,"href":"https:\/\/pdt-rj.org.br\/index.php\/wp-json\/wp\/v2\/categories?post=62010"},{"taxonomy":"post_tag","embeddable":true,"href":"https:\/\/pdt-rj.org.br\/index.php\/wp-json\/wp\/v2\/tags?post=62010"}],"curies":[{"name":"wp","href":"https:\/\/api.w.org\/{rel}","templated":true}]}}