{"id":62005,"date":"2019-01-08T02:17:11","date_gmt":"2019-01-08T04:17:11","guid":{"rendered":"http:\/\/pdt-rj.org.br\/?p=62005"},"modified":"2019-01-13T16:42:57","modified_gmt":"2019-01-13T18:42:57","slug":"janeiro-retrospectiva-politica","status":"publish","type":"post","link":"https:\/\/pdt-rj.org.br\/index.php\/janeiro-retrospectiva-politica\/","title":{"rendered":"Janeiro \u2013 Retrospectiva Pol\u00edtica"},"content":{"rendered":"<\/p>\n<p><strong>06 janeiros de 1963 <\/strong><\/p>\n<p>Os brasileiros convocados por plebiscito, para manifestarem-se sobre o regime parlamentarista, aprovado pelo congresso por imposi\u00e7\u00e3o militar e o regime presidencialista, por mais de 80%, resolveram devolver os poderes do Presidente Jo\u00e3o Goulart, o que contribuiu para sua derrubada em 1964.<\/p>\n<p><strong>07 de janeiro de 1991<\/strong><\/p>\n<p>O trabalhismo perdeu uma das suas mais importantes lideran\u00e7as Doutel de Andrade. Sucessor de Jango na presid\u00eancia do antigo PTB, com Brizola foi fundador e presidente do PDT.<\/p>\n<p><strong>12 de janeiro de 1959<\/strong><\/p>\n<p>A excessiva domina\u00e7\u00e3o dos Estados Unidos sobre Cuba gerou, a partir de 1956, sob o governo do entreguista Fulg\u00eancio Batista, uma constante mobiliza\u00e7\u00e3o popular, contra as nefastas a\u00e7\u00f5es em preju\u00edzo da maioria do povo mergulhado na pobreza.<br \/>\nAp\u00f3s tr\u00eas anos de muita luta, em 12 de janeiro de 1959, sob o comando de Fidel Castro,12 barbudos apoiados pela popula\u00e7\u00e3o, tomaram Havana, al\u00e9m das maiores cidades.<br \/>\nA nossa expectativa \u00e9 de que, o excessivo alinhamento do futuro do governo Bolsonaro com os Estados Unidos, n\u00e3o transforme o Brasil numa grande Cuba totalmente dominado.<\/p>\n<p><strong>15 de janeiro de 1984<\/strong><\/p>\n<p>Ap\u00f3s 20 anos de ditadura militar, \u00e9 eleito pelo Congresso, de forma indireta, o ex &#8211; primeiro Ministro do Presidente Jo\u00e3o Goulart, Tancredo Neves que, infelizmente, acometido de grave enfermidade, faleceu antes de tomar posse. Em seu lugar assumiu a Presid\u00eancia o vice Jos\u00e9 Sarney e deu no que deu.<\/p>\n<p><strong>22 de janeiro de 1922<\/strong><\/p>\n<p>No ano do centen\u00e1rio da Independ\u00eancia do Brasil, nasceu em Carazinho, no Rio Grande do Sul, o menino Itagiba, que aos 14 anos optou por chamar-se de Leonel, em homenagem ao Gen. Leonel Rocha, comandante da revolu\u00e7\u00e3o de 1923, em que seu pai foi assassinado. Jornaleiro, engraxate, carregador de malas, fez o curso de T\u00e9cnico Agr\u00edcola e formou-se em Engenharia Civil. Em 1945, ao lado de Get\u00falio e Jango ajudou a fundar o PTB. Eleito duas vezes Deputado Estadual, Deputado Federal, Prefeito de Porto Alegre, aos 33 anos de idade e Governador do Estado aos 37 anos, tornou-se o grande Leonel de Moura Brizola, o maior nacionalista do Brasil, em 1959, ao encampar a Bond and Share, companhia de energia el\u00e9trica e a ITT um ano depois. Em 1961, atrav\u00e9s de companha de legalidade, assegurou a posse do vice Jo\u00e3o Goulart. Em 1962 um ter\u00e7o dos cariocas o elegeram Deputado Federal. Cassado, em 1964, passou 15 anos no exilio. Na volta, em 1980, fundou o PDT e, em 1982, foi eleito Governador do Rio de Janeiro. Em 1989 concorreu \u00e0 Presid\u00eancia da Rep\u00fablica, infelizmente ficou em 3\u00ba lugar, pois se eleito, teria feito a verdadeira independ\u00eancia pol\u00edtica e econ\u00f4mica do Brasil.<\/p>\n<p><strong>23 de janeiro de 1983<\/strong><\/p>\n<p>O Governador Brizola reuniu o comando nacional do PDT, na cidade de Mendes \u2013 RJ, para definir os rumos e a responsabilidade do partido na conjuntura pol\u00edtica do Brasil. Nesse memor\u00e1vel encontro, atrav\u00e9s da CARTA DE MENDES, o PDT assumiu com absoluta firmeza como pratica e objetivo, a causa do socialismo democr\u00e1tico no Brasil, atrav\u00e9s da execu\u00e7\u00e3o do seu programa. Ficou definido que, \u201cenquanto n\u00e3o se colocar um basta \u00e0 domina\u00e7\u00e3o do capitalismo internacional, n\u00e3o haver\u00e1 condi\u00e7\u00f5es de edificar, no interior de nossas fronteiras, uma sociedade democr\u00e1tica, dentro dos padr\u00f5es m\u00ednimas da justi\u00e7a e da liberdade\u201d.<\/p>\n<pre class=\"wp-block-code\"><code>             <\/code><\/pre>\n<p><em><strong>&nbsp;          *Hari Alexandre Brust, \u00e9 membro da Executiva Estadual do PDT e presidente da Executiva Municipal de Salvador, Bahia.<\/strong><\/em><\/p>\n<!-- AddThis Advanced Settings generic via filter on the_content --><!-- AddThis Share Buttons generic via filter on the_content -->","protected":false},"excerpt":{"rendered":"<p>06 janeiros de 1963 Os brasileiros convocados por plebiscito, para manifestarem-se sobre o regime parlamentarista, aprovado pelo congresso por imposi\u00e7\u00e3o militar e o regime presidencialista, por mais de 80%, resolveram devolver os poderes do Presidente Jo\u00e3o Goulart, o que contribuiu para sua derrubada em 1964. 07 de janeiro de 1991 O trabalhismo perdeu uma das&#8230;<!-- AddThis Advanced Settings generic via filter on wp_trim_excerpt --><!-- AddThis Share Buttons generic via filter on wp_trim_excerpt --><\/p>\n","protected":false},"author":17,"featured_media":62006,"comment_status":"closed","ping_status":"closed","sticky":false,"template":"","format":"standard","meta":{"_monsterinsights_skip_tracking":false,"_monsterinsights_sitenote_active":false,"_monsterinsights_sitenote_note":"","_monsterinsights_sitenote_category":0,"_uf_show_specific_survey":0,"_uf_disable_surveys":false,"footnotes":""},"categories":[1584,1401],"tags":[],"class_list":["post-62005","post","type-post","status-publish","format-standard","has-post-thumbnail","hentry","category-artigos","category-nacional"],"acf":[],"_links":{"self":[{"href":"https:\/\/pdt-rj.org.br\/index.php\/wp-json\/wp\/v2\/posts\/62005","targetHints":{"allow":["GET"]}}],"collection":[{"href":"https:\/\/pdt-rj.org.br\/index.php\/wp-json\/wp\/v2\/posts"}],"about":[{"href":"https:\/\/pdt-rj.org.br\/index.php\/wp-json\/wp\/v2\/types\/post"}],"author":[{"embeddable":true,"href":"https:\/\/pdt-rj.org.br\/index.php\/wp-json\/wp\/v2\/users\/17"}],"replies":[{"embeddable":true,"href":"https:\/\/pdt-rj.org.br\/index.php\/wp-json\/wp\/v2\/comments?post=62005"}],"version-history":[{"count":4,"href":"https:\/\/pdt-rj.org.br\/index.php\/wp-json\/wp\/v2\/posts\/62005\/revisions"}],"predecessor-version":[{"id":62115,"href":"https:\/\/pdt-rj.org.br\/index.php\/wp-json\/wp\/v2\/posts\/62005\/revisions\/62115"}],"wp:featuredmedia":[{"embeddable":true,"href":"https:\/\/pdt-rj.org.br\/index.php\/wp-json\/wp\/v2\/media\/62006"}],"wp:attachment":[{"href":"https:\/\/pdt-rj.org.br\/index.php\/wp-json\/wp\/v2\/media?parent=62005"}],"wp:term":[{"taxonomy":"category","embeddable":true,"href":"https:\/\/pdt-rj.org.br\/index.php\/wp-json\/wp\/v2\/categories?post=62005"},{"taxonomy":"post_tag","embeddable":true,"href":"https:\/\/pdt-rj.org.br\/index.php\/wp-json\/wp\/v2\/tags?post=62005"}],"curies":[{"name":"wp","href":"https:\/\/api.w.org\/{rel}","templated":true}]}}