{"id":61980,"date":"2018-12-20T19:29:42","date_gmt":"2018-12-20T21:29:42","guid":{"rendered":"http:\/\/pdt-rj.org.br\/?p=61980"},"modified":"2019-01-12T17:12:31","modified_gmt":"2019-01-12T19:12:31","slug":"pdt-psb-e-pcdob-reafirmam-em-nota-formacao-de-bloco-pela-democracia","status":"publish","type":"post","link":"https:\/\/pdt-rj.org.br\/index.php\/pdt-psb-e-pcdob-reafirmam-em-nota-formacao-de-bloco-pela-democracia\/","title":{"rendered":"PDT, PSB e PCdoB reafirmam, em nota, forma\u00e7\u00e3o de bloco pela democracia"},"content":{"rendered":"<p>O PDT, juntamente com o PSB e o PCdoB divulgaram nesta quinta-feira (20) uma nota reafirmando a forma\u00e7\u00e3o de um bloco partid\u00e1rio, em oposi\u00e7\u00e3o ao governo eleito, que refor\u00e7ar\u00e1 a luta em defesa de democracia, dos direitos sociais e em favor de ideias e propostas de interesse do Brasil.<\/p>\n<p>\u201c\u00c9 o in\u00edcio de uma caminhada de partidos com identidade hist\u00f3rica para barrar retrocessos que sejam pautados na C\u00e2mara dos Deputados, como a Reforma da Previd\u00eancia, e outras a\u00e7\u00f5es que prejudiquem os trabalhadores e s\u00f3 aprofundam a crise que o pa\u00eds vive. Muito trabalho nos espera nos pr\u00f3ximos quatro anos\u201d, asseverou o l\u00edder do PDT na Casa, deputado federal Andr\u00e9 Figueiredo.<\/p>\n<!-- AddThis Advanced Settings generic via filter on the_content --><!-- AddThis Share Buttons generic via filter on the_content -->","protected":false},"excerpt":{"rendered":"<p>O PDT, juntamente com o PSB e o PCdoB divulgaram nesta quinta-feira (20) uma nota reafirmando a forma\u00e7\u00e3o de um bloco partid\u00e1rio, em oposi\u00e7\u00e3o ao governo eleito, que refor\u00e7ar\u00e1 a luta em defesa de democracia, dos direitos sociais e em favor de ideias e propostas de interesse do Brasil. \u201c\u00c9 o in\u00edcio de uma caminhada&#8230;<!-- AddThis Advanced Settings generic via filter on wp_trim_excerpt --><!-- AddThis Share Buttons generic via filter on wp_trim_excerpt --><\/p>\n","protected":false},"author":17,"featured_media":61981,"comment_status":"closed","ping_status":"closed","sticky":false,"template":"","format":"standard","meta":{"_monsterinsights_skip_tracking":false,"_monsterinsights_sitenote_active":false,"_monsterinsights_sitenote_note":"","_monsterinsights_sitenote_category":0,"_uf_show_specific_survey":0,"_uf_disable_surveys":false,"footnotes":""},"categories":[1390],"tags":[38],"class_list":["post-61980","post","type-post","status-publish","format-standard","has-post-thumbnail","hentry","category-editorias","tag-pdt"],"acf":[],"_links":{"self":[{"href":"https:\/\/pdt-rj.org.br\/index.php\/wp-json\/wp\/v2\/posts\/61980","targetHints":{"allow":["GET"]}}],"collection":[{"href":"https:\/\/pdt-rj.org.br\/index.php\/wp-json\/wp\/v2\/posts"}],"about":[{"href":"https:\/\/pdt-rj.org.br\/index.php\/wp-json\/wp\/v2\/types\/post"}],"author":[{"embeddable":true,"href":"https:\/\/pdt-rj.org.br\/index.php\/wp-json\/wp\/v2\/users\/17"}],"replies":[{"embeddable":true,"href":"https:\/\/pdt-rj.org.br\/index.php\/wp-json\/wp\/v2\/comments?post=61980"}],"version-history":[{"count":3,"href":"https:\/\/pdt-rj.org.br\/index.php\/wp-json\/wp\/v2\/posts\/61980\/revisions"}],"predecessor-version":[{"id":62102,"href":"https:\/\/pdt-rj.org.br\/index.php\/wp-json\/wp\/v2\/posts\/61980\/revisions\/62102"}],"wp:featuredmedia":[{"embeddable":true,"href":"https:\/\/pdt-rj.org.br\/index.php\/wp-json\/wp\/v2\/media\/61981"}],"wp:attachment":[{"href":"https:\/\/pdt-rj.org.br\/index.php\/wp-json\/wp\/v2\/media?parent=61980"}],"wp:term":[{"taxonomy":"category","embeddable":true,"href":"https:\/\/pdt-rj.org.br\/index.php\/wp-json\/wp\/v2\/categories?post=61980"},{"taxonomy":"post_tag","embeddable":true,"href":"https:\/\/pdt-rj.org.br\/index.php\/wp-json\/wp\/v2\/tags?post=61980"}],"curies":[{"name":"wp","href":"https:\/\/api.w.org\/{rel}","templated":true}]}}