{"id":61975,"date":"2018-12-20T18:42:53","date_gmt":"2018-12-20T20:42:53","guid":{"rendered":"http:\/\/pdt-rj.org.br\/?p=61975"},"modified":"2019-02-05T20:14:49","modified_gmt":"2019-02-05T22:14:49","slug":"convocacao-para-reuniao-da-executiva-nacional-do-pdt-dias-11-e-12-de-janeiro-de-2019","status":"publish","type":"post","link":"https:\/\/pdt-rj.org.br\/index.php\/convocacao-para-reuniao-da-executiva-nacional-do-pdt-dias-11-e-12-de-janeiro-de-2019\/","title":{"rendered":"Executiva Nacional do PDT se re\u00fane neste final de semana no Rio"},"content":{"rendered":"<p>A Executiva Nacional do PDT se re\u00fane, nesta sexta e s\u00e1bado (11 e 12 de janeiro) na sede nacional da Funda\u00e7\u00e3o Leonel Brizola, no Rio, para discutir e apresentar uma s\u00e9rie de novidades do partido para 2019. Entre elas, a implanta\u00e7\u00e3o da filia\u00e7\u00e3o on-line e o in\u00edcio do projeto PDT Digital. Ciro Gomes participa do encontro ao lado do presidente nacional do PDT.<\/p>\n<p>No s\u00e1bado, o encontro ir\u00e1 discutir com as bancadas do PDT na C\u00e2mara e no Senado as indica\u00e7\u00f5es de seus l\u00edderes, al\u00e9m do in\u00edcio das articula\u00e7\u00f5es para as elei\u00e7\u00f5es municipais de 2020.<\/p>\n<p>O encontro ter\u00e1 como Ordem do Dia:<\/p>\n<p><strong>Dia 11\/12<\/strong><\/p>\n<ul>\n<li>Apresenta\u00e7\u00e3o o Projeto PDT Digital e Filia\u00e7\u00e3o <em>online<\/em><\/li>\n<li>Conven\u00e7\u00f5es partid\u00e1rias<\/li>\n<li>Aprova\u00e7\u00e3o da Conven\u00e7\u00e3o Nacional e Resolu\u00e7\u00e3o Partid\u00e1ria<\/li>\n<li>Conselho Curador da Funda\u00e7\u00e3o Leonel Brizola &#8211; Alberto Pasqualini<\/li>\n<li>Fala de Ciro Gomes<\/li>\n<\/ul>\n<p><strong>Dia 12\/12<\/strong><\/p>\n<ul>\n<li>Projeto PDT 2020, incluindo elei\u00e7\u00f5es municipais<\/li>\n<li>Elei\u00e7\u00f5es dos l\u00edderes do PDT na C\u00e2mara e no Senado Federal<\/li>\n<li>Assuntos Gerais<\/li>\n<\/ul>\n<p>&nbsp;<\/p>\n<p><strong>Confira o edital de convoca\u00e7\u00e3o:<\/strong><\/p>\n<p><a href=\"http:\/\/pdt-rj.org.br\/wp-content\/uploads\/2018\/12\/Edital-Convoca\u00e7\u00e3o-Executiva-Nacional-11-12-janeiro-2019.pdf\">Edital Convoca\u00e7\u00e3o Executiva Nacional 11-12 janeiro 2019<\/a><\/p>\n<p>&nbsp;<\/p>\n<p>&nbsp;<\/p>\n<!-- AddThis Advanced Settings generic via filter on the_content --><!-- AddThis Share Buttons generic via filter on the_content -->","protected":false},"excerpt":{"rendered":"<p>A Executiva Nacional do PDT se re\u00fane, nesta sexta e s\u00e1bado (11 e 12 de janeiro) na sede nacional da Funda\u00e7\u00e3o Leonel Brizola, no Rio, para discutir e apresentar uma s\u00e9rie de novidades do partido para 2019. Entre elas, a implanta\u00e7\u00e3o da filia\u00e7\u00e3o on-line e o in\u00edcio do projeto PDT Digital. Ciro Gomes participa do&#8230;<!-- AddThis Advanced Settings generic via filter on wp_trim_excerpt --><!-- AddThis Share Buttons generic via filter on wp_trim_excerpt --><\/p>\n","protected":false},"author":17,"featured_media":58027,"comment_status":"closed","ping_status":"closed","sticky":false,"template":"","format":"standard","meta":{"_monsterinsights_skip_tracking":false,"_monsterinsights_sitenote_active":false,"_monsterinsights_sitenote_note":"","_monsterinsights_sitenote_category":0,"_uf_show_specific_survey":0,"_uf_disable_surveys":false,"footnotes":""},"categories":[1390],"tags":[196,220,383,38],"class_list":["post-61975","post","type-post","status-publish","format-standard","has-post-thumbnail","hentry","category-editorias","tag-carlos-lupi","tag-ciro-gomes","tag-executiva-nacional","tag-pdt"],"acf":[],"_links":{"self":[{"href":"https:\/\/pdt-rj.org.br\/index.php\/wp-json\/wp\/v2\/posts\/61975","targetHints":{"allow":["GET"]}}],"collection":[{"href":"https:\/\/pdt-rj.org.br\/index.php\/wp-json\/wp\/v2\/posts"}],"about":[{"href":"https:\/\/pdt-rj.org.br\/index.php\/wp-json\/wp\/v2\/types\/post"}],"author":[{"embeddable":true,"href":"https:\/\/pdt-rj.org.br\/index.php\/wp-json\/wp\/v2\/users\/17"}],"replies":[{"embeddable":true,"href":"https:\/\/pdt-rj.org.br\/index.php\/wp-json\/wp\/v2\/comments?post=61975"}],"version-history":[{"count":10,"href":"https:\/\/pdt-rj.org.br\/index.php\/wp-json\/wp\/v2\/posts\/61975\/revisions"}],"predecessor-version":[{"id":62510,"href":"https:\/\/pdt-rj.org.br\/index.php\/wp-json\/wp\/v2\/posts\/61975\/revisions\/62510"}],"wp:featuredmedia":[{"embeddable":true,"href":"https:\/\/pdt-rj.org.br\/index.php\/wp-json\/wp\/v2\/media\/58027"}],"wp:attachment":[{"href":"https:\/\/pdt-rj.org.br\/index.php\/wp-json\/wp\/v2\/media?parent=61975"}],"wp:term":[{"taxonomy":"category","embeddable":true,"href":"https:\/\/pdt-rj.org.br\/index.php\/wp-json\/wp\/v2\/categories?post=61975"},{"taxonomy":"post_tag","embeddable":true,"href":"https:\/\/pdt-rj.org.br\/index.php\/wp-json\/wp\/v2\/tags?post=61975"}],"curies":[{"name":"wp","href":"https:\/\/api.w.org\/{rel}","templated":true}]}}