{"id":61921,"date":"2018-12-12T17:02:16","date_gmt":"2018-12-12T19:02:16","guid":{"rendered":"http:\/\/pdt-rj.org.br\/?p=61921"},"modified":"2018-12-14T09:34:12","modified_gmt":"2018-12-14T11:34:12","slug":"nome-de-brizola-e-inscrito-no-livro-de-aco-dos-herois-da-patria","status":"publish","type":"post","link":"https:\/\/pdt-rj.org.br\/index.php\/nome-de-brizola-e-inscrito-no-livro-de-aco-dos-herois-da-patria\/","title":{"rendered":"Nome de Brizola \u00e9 inscrito no Livro de A\u00e7o dos Her\u00f3is da P\u00e1tria"},"content":{"rendered":"<p>O nome de Leonel de Moura Brizola agora est\u00e1 gravado no Livro de A\u00e7o dos Her\u00f3is da P\u00e1tria, que homenageia brasileiros que se destacaram na defesa e constru\u00e7\u00e3o da hist\u00f3ria nacional. A cerim\u00f4nia de Entroniza\u00e7\u00e3o dos novos Her\u00f3is e Hero\u00ednas da P\u00e1tria foi realizada, nesta quarta-feira(12), no Pante\u00e3o da P\u00e1tria, e contou com a presen\u00e7a da neta de Brizola, Juliana Brizola, dos deputados pedetistas, Andr\u00e9 Figueiredo (CE), l\u00edder da bancada, Pompeo de Mattos (RS) e Afonso Motta(RS), do governador do DF, Rodrigo Rollemberg, entre outras autoridades.<\/p>\n<p>A homenagem foi proposta pelo ex-deputado Vieira da Cunha (RS), autor da Lei 13.229\/2015, aprovada pelo Congresso.<\/p>\n<p>O l\u00edder do PDT, Andr\u00e9 Figueiredo, destacou a import\u00e2ncia do legado de nomes como Brizola, Miguel Arraes, Rui Barbosa, Francisco Jos\u00e9 do Nascimento, o Drag\u00e3o do Mar, Maria Quit\u00e9ria entre outras personalidades, para a garantia da democracia e do desenvolvimento do Pa\u00eds.<\/p>\n<p>\u201cO Brasil, sem d\u00favida alguma, espera cada vez mais que a democracia se consolide e que as injusti\u00e7as sejam combatidas. E que as bandeiras levantadas por Brizola, Arraes e outros tantos her\u00f3is e hero\u00ednas do nosso pa\u00eds possam ser as bandeiras do combate em defesa de um Brasil como eles sonhavam: um Brasil do povo Brasileiro\u201d.<\/p>\n<p>Ao agradecer a homenagem ao av\u00f4, em nome da fam\u00edlia, Juliana Brizola declarou que o momento era de muita emo\u00e7\u00e3o para a fam\u00edlia, porque a inscri\u00e7\u00e3o dele no livro \u00e9 o reconhecimento do grande homem que ele foi.<\/p>\n<p>\u201c\u00c9 olhar pra tr\u00e1s e ver que valeu a pena. \u00c9 uma honra muito grande para a fam\u00edlia, mas tamb\u00e9m temos consci\u00eancia de que Brizola merece sim essa homenagem. Brizola foi um grande homem. Um homem corajoso, destemido e que enfrentou de cabe\u00e7a erguida todos os momentos da sua trajet\u00f3ria pol\u00edtica. N\u00f3s que ficamos queremos seguir o seu exemplo, porque carregamos na veia o sangue trabalhista, asseverou.\u201d<\/p>\n<p><strong>Biografia \u2013 Brizola<\/strong><\/p>\n<p>Fundador do PDT, Leonel de Moura Brizola nasceu em 1922, em Carazinho, no Rio Grande do Sul, e faleceu no Rio de Janeiro, em 2004. Foi o \u00fanico pol\u00edtico brasileiro a governar dois estados diferentes: o Rio Grande do Sul e o Rio de Janeiro. Tamb\u00e9m foi prefeito de Porto Alegre, deputado estadual e deputado federal.<\/p>\n<p>Brizola teve participa\u00e7\u00e3o expressiva na luta contra a ditadura militar, tornando-se um dos protagonistas da hist\u00f3ria pol\u00edtica brasileira.<\/p>\n<p>Comandou a Campanha da Legalidade, em 1961, para barrar o plano dos militares, que pretendia impedir o vice-presidente Jo\u00e3o Goulart de assumir a presid\u00eancia ap\u00f3s a ren\u00fancia de J\u00e2nio Quadros. Em defesa do povo brasileiro, Brizola, ent\u00e3o governador do Rio Grande do Sul, se entrincheirou no Pal\u00e1cio Piratini, de onde liderou o Movimento da Legalidade. Sua voz em defesa da Constitui\u00e7\u00e3o ecoou por todo o pa\u00eds e garantiu a posse de Jango em 7 de setembro de 1961.<\/p>\n<p>Ap\u00f3s o golpe de 1964, viveu no ex\u00edlio no Uruguai, nos Estados Unidos e em Portugal, voltando ao Brasil em 1979, com a Lei da Anistia. Foi candidato \u00e0 Presid\u00eancia da Rep\u00fablica por duas vezes (1989 e 1994) e candidato \u00e0 vice na chapa de Luiz In\u00e1cio Lula da Silva na elei\u00e7\u00e3o de 1998.<\/p>\n<p>A biografia de Brizola foi pautada pela luta em defesa da soberania nacional, dos direitos dos trabalhadores, do ensino de qualidade e da escola de tempo integral, sempre em prol da igualdade social.<\/p>\n<p>No livro, com p\u00e1ginas de a\u00e7o, exposto no Pante\u00e3o da P\u00e1tria, na Pra\u00e7a dos Tr\u00eas Poderes, em Bras\u00edlia o nome do pol\u00edtico ga\u00facho estar\u00e1 ao lado de nomes, como Tiradentes, Zumbi dos Palmares, Dom Pedro I, Duque de Caxias, Get\u00falio Vargas, Anita Garibaldi, entre outros.<\/p>\n<!-- AddThis Advanced Settings generic via filter on the_content --><!-- AddThis Share Buttons generic via filter on the_content -->","protected":false},"excerpt":{"rendered":"<p>O nome de Leonel de Moura Brizola agora est\u00e1 gravado no Livro de A\u00e7o dos Her\u00f3is da P\u00e1tria, que homenageia brasileiros que se destacaram na defesa e constru\u00e7\u00e3o da hist\u00f3ria nacional. A cerim\u00f4nia de Entroniza\u00e7\u00e3o dos novos Her\u00f3is e Hero\u00ednas da P\u00e1tria foi realizada, nesta quarta-feira(12), no Pante\u00e3o da P\u00e1tria, e contou com a presen\u00e7a&#8230;<!-- AddThis Advanced Settings generic via filter on wp_trim_excerpt --><!-- AddThis Share Buttons generic via filter on wp_trim_excerpt --><\/p>\n","protected":false},"author":17,"featured_media":61922,"comment_status":"closed","ping_status":"closed","sticky":false,"template":"","format":"standard","meta":{"_monsterinsights_skip_tracking":false,"_monsterinsights_sitenote_active":false,"_monsterinsights_sitenote_note":"","_monsterinsights_sitenote_category":0,"_uf_show_specific_survey":0,"_uf_disable_surveys":false,"footnotes":""},"categories":[1459,976],"tags":[34,1537,746],"class_list":["post-61921","post","type-post","status-publish","format-standard","has-post-thumbnail","hentry","category-congresso","category-noticias-em-destaque","tag-andre-figueiredo","tag-juliana-brizola","tag-pompeo-de-mattos"],"acf":[],"_links":{"self":[{"href":"https:\/\/pdt-rj.org.br\/index.php\/wp-json\/wp\/v2\/posts\/61921","targetHints":{"allow":["GET"]}}],"collection":[{"href":"https:\/\/pdt-rj.org.br\/index.php\/wp-json\/wp\/v2\/posts"}],"about":[{"href":"https:\/\/pdt-rj.org.br\/index.php\/wp-json\/wp\/v2\/types\/post"}],"author":[{"embeddable":true,"href":"https:\/\/pdt-rj.org.br\/index.php\/wp-json\/wp\/v2\/users\/17"}],"replies":[{"embeddable":true,"href":"https:\/\/pdt-rj.org.br\/index.php\/wp-json\/wp\/v2\/comments?post=61921"}],"version-history":[{"count":4,"href":"https:\/\/pdt-rj.org.br\/index.php\/wp-json\/wp\/v2\/posts\/61921\/revisions"}],"predecessor-version":[{"id":61945,"href":"https:\/\/pdt-rj.org.br\/index.php\/wp-json\/wp\/v2\/posts\/61921\/revisions\/61945"}],"wp:featuredmedia":[{"embeddable":true,"href":"https:\/\/pdt-rj.org.br\/index.php\/wp-json\/wp\/v2\/media\/61922"}],"wp:attachment":[{"href":"https:\/\/pdt-rj.org.br\/index.php\/wp-json\/wp\/v2\/media?parent=61921"}],"wp:term":[{"taxonomy":"category","embeddable":true,"href":"https:\/\/pdt-rj.org.br\/index.php\/wp-json\/wp\/v2\/categories?post=61921"},{"taxonomy":"post_tag","embeddable":true,"href":"https:\/\/pdt-rj.org.br\/index.php\/wp-json\/wp\/v2\/tags?post=61921"}],"curies":[{"name":"wp","href":"https:\/\/api.w.org\/{rel}","templated":true}]}}