{"id":61918,"date":"2018-12-12T18:19:13","date_gmt":"2018-12-12T20:19:13","guid":{"rendered":"http:\/\/pdt-rj.org.br\/?p=61918"},"modified":"2018-12-12T20:01:43","modified_gmt":"2018-12-12T22:01:43","slug":"js-recebe-uniao-internacional-de-juventudes-socialistas-para-visita-de-estudos","status":"publish","type":"post","link":"https:\/\/pdt-rj.org.br\/index.php\/js-recebe-uniao-internacional-de-juventudes-socialistas-para-visita-de-estudos\/","title":{"rendered":"JS recebe Uni\u00e3o Internacional de Juventudes Socialistas no  Rio de Janeiro"},"content":{"rendered":"<p>A Juventude Socialista (JS) recebeu,\u00a0nessa ter\u00e7a- feira (11) e nesta quarta-feira (12), a Uni\u00e3o Internacional de Juventudes Socialistas (IUSY), que realiza uma Visita de Estudos no Brasil com o objetivo de debater o atual momento pol\u00edtico do Pa\u00eds. Os encontros aconteceram na Sede da Funda\u00e7\u00e3o Leonel Brizola-Alberto Pasqualini (FLB-AP), no Rio de Janeiro.<\/p>\n<p>A\u00a0IUSY vem atuando desde 1907, na Alemanha, onde re\u00fane v\u00e1rias organiza\u00e7\u00f5es pol\u00edticas juvenis socialistas,\u00a0social-democratas e trabalhistas de 140 pa\u00edses do mundo, atuando na mudan\u00e7a democr\u00e1tica pelo mundo e combatendo a desigualdade e o autoritarismo. Nesse sentido, a organiza\u00e7\u00e3o\u00a0presta solidariedade \u00e0s na\u00e7\u00f5es que passam por quebra de normalidade democr\u00e1tica, grave crise pol\u00edtica ou eminente risco a democracia.<\/p>\n<p>A elei\u00e7\u00e3o de Jair Bolsonaro como presidente foi o motivo de a Visita de Estudo 2018 ser realizada no Brasil, inclusive para que IUSY e suas organiza\u00e7\u00f5es membro possam prestar solidariedade internacional ao Pa\u00eds, por meio da JS e do PDT.<\/p>\n<p>Nos debates bilaterais, estiveram presentes a presidente e a secret\u00e1ria-geral da\u00a0IUSY, Johanna Ortega e Ana Pirtskhalava, o coordenador do Comit\u00ea americano, Jes\u00fas Tapia e a secret\u00e1ria-geral da Juventude Socialista Europeia, Tuulia Pitkanen. Tamb\u00e9m marcaram presen\u00e7a dirigentes do PDT Nacional, lideran\u00e7as LGBTs, policiais antifascistas, juventudes de esquerda (JSB e UJS), parlamentares de outras legendas e v\u00e1rios estudantes.<\/p>\n<!-- AddThis Advanced Settings generic via filter on the_content --><!-- AddThis Share Buttons generic via filter on the_content -->","protected":false},"excerpt":{"rendered":"<p>A Juventude Socialista (JS) recebeu,\u00a0nessa ter\u00e7a- feira (11) e nesta quarta-feira (12), a Uni\u00e3o Internacional de Juventudes Socialistas (IUSY), que realiza uma Visita de Estudos no Brasil com o objetivo de debater o atual momento pol\u00edtico do Pa\u00eds. Os encontros aconteceram na Sede da Funda\u00e7\u00e3o Leonel Brizola-Alberto Pasqualini (FLB-AP), no Rio de Janeiro. A\u00a0IUSY vem&#8230;<!-- AddThis Advanced Settings generic via filter on wp_trim_excerpt --><!-- AddThis Share Buttons generic via filter on wp_trim_excerpt --><\/p>\n","protected":false},"author":17,"featured_media":61919,"comment_status":"closed","ping_status":"closed","sticky":false,"template":"","format":"standard","meta":{"_monsterinsights_skip_tracking":false,"_monsterinsights_sitenote_active":false,"_monsterinsights_sitenote_note":"","_monsterinsights_sitenote_category":0,"_uf_show_specific_survey":0,"_uf_disable_surveys":false,"footnotes":""},"categories":[1390,1586],"tags":[1844,297,539,3177,3176],"class_list":["post-61918","post","type-post","status-publish","format-standard","has-post-thumbnail","hentry","category-editorias","category-juventude-socialista","tag-autoritarismo","tag-desigualdade","tag-juventude-socialista","tag-mudanca-democratica","tag-organizacoes-politicas-juvenis-socialistas"],"acf":[],"_links":{"self":[{"href":"https:\/\/pdt-rj.org.br\/index.php\/wp-json\/wp\/v2\/posts\/61918","targetHints":{"allow":["GET"]}}],"collection":[{"href":"https:\/\/pdt-rj.org.br\/index.php\/wp-json\/wp\/v2\/posts"}],"about":[{"href":"https:\/\/pdt-rj.org.br\/index.php\/wp-json\/wp\/v2\/types\/post"}],"author":[{"embeddable":true,"href":"https:\/\/pdt-rj.org.br\/index.php\/wp-json\/wp\/v2\/users\/17"}],"replies":[{"embeddable":true,"href":"https:\/\/pdt-rj.org.br\/index.php\/wp-json\/wp\/v2\/comments?post=61918"}],"version-history":[{"count":15,"href":"https:\/\/pdt-rj.org.br\/index.php\/wp-json\/wp\/v2\/posts\/61918\/revisions"}],"predecessor-version":[{"id":61940,"href":"https:\/\/pdt-rj.org.br\/index.php\/wp-json\/wp\/v2\/posts\/61918\/revisions\/61940"}],"wp:featuredmedia":[{"embeddable":true,"href":"https:\/\/pdt-rj.org.br\/index.php\/wp-json\/wp\/v2\/media\/61919"}],"wp:attachment":[{"href":"https:\/\/pdt-rj.org.br\/index.php\/wp-json\/wp\/v2\/media?parent=61918"}],"wp:term":[{"taxonomy":"category","embeddable":true,"href":"https:\/\/pdt-rj.org.br\/index.php\/wp-json\/wp\/v2\/categories?post=61918"},{"taxonomy":"post_tag","embeddable":true,"href":"https:\/\/pdt-rj.org.br\/index.php\/wp-json\/wp\/v2\/tags?post=61918"}],"curies":[{"name":"wp","href":"https:\/\/api.w.org\/{rel}","templated":true}]}}