{"id":61914,"date":"2018-12-09T12:54:35","date_gmt":"2018-12-09T14:54:35","guid":{"rendered":"http:\/\/pdt-rj.org.br\/?p=61914"},"modified":"2018-12-11T15:34:38","modified_gmt":"2018-12-11T17:34:38","slug":"resistencia-democratica-pauta-nova-edicao-do-pdt-de-portas-abertas","status":"publish","type":"post","link":"https:\/\/pdt-rj.org.br\/index.php\/resistencia-democratica-pauta-nova-edicao-do-pdt-de-portas-abertas\/","title":{"rendered":"Resist\u00eancia democr\u00e1tica pauta nova edi\u00e7\u00e3o do \u201cPDT de Portas Abertas\u201d"},"content":{"rendered":"<p>O PDT carioca abriu suas portas, na \u00faltima sexta-feira (7), para um evento que mobilizou mais de cem pessoas na sede da Funda\u00e7\u00e3o Leonel Brizola \u2013 Alberto Pasqualini (FLB-AP). A nova edi\u00e7\u00e3o, realizada em parceria com a Juventude Socialista (JS), marcou um novo momento da evolu\u00e7\u00e3o do campo popular fluminense a partir da exalta\u00e7\u00e3o do legado brizolista.<\/p>\n<p>O debate \u201cConstruindo a Resist\u00eancia: de Brizola a Ciro\u201d contou com interven\u00e7\u00f5es de Fernando William, vereador pedetista da capital, Everton Gomes, vice-presidente da Funda\u00e7\u00e3o no estado de Miguel do Ros\u00e1rio, do blog O Cafezinho, e Fernando Mendon\u00e7a, da p\u00e1gina Cir\u00e3o Carioca.<\/p>\n<p>Em formato interativo e que fugiu do convencional, o encontro gerou reflex\u00f5es sobre diversas formas de resist\u00eancia ao atual momento, a partir da elei\u00e7\u00e3o de Jair Bolsonaro.<\/p>\n<p>Everton Gomes destacou a necessidade de levar o partido para todas as regi\u00f5es, bem como comentou sobre a filosofia oriental chamada de anti resist\u00eancia. J\u00e1 Fernando William pontuou a urg\u00eancia de retomar o di\u00e1logo com o povo e a territorialidade da luta pol\u00edtica. Para Miguel e Fernando, a luta da comunica\u00e7\u00e3o e a disputa de narrativas precisam ser priorizadas no campo popular.<\/p>\n<p>O evento contou ainda com as participa\u00e7\u00f5es do presidente nacional da Juventude Socialista (JS), William Rodrigues, da Frente Nacional Trabalhista, do militante italiano da Juventude do Partido Democr\u00e1tico (PD), Ludovico Manzani, dos presidentes do PDT carioca e do Movimento Cultural Darcy Ribeiro, Augusto Ribeiro e Jairo Coelho, respectivamente.<\/p>\n<!-- AddThis Advanced Settings generic via filter on the_content --><!-- AddThis Share Buttons generic via filter on the_content -->","protected":false},"excerpt":{"rendered":"<p>O PDT carioca abriu suas portas, na \u00faltima sexta-feira (7), para um evento que mobilizou mais de cem pessoas na sede da Funda\u00e7\u00e3o Leonel Brizola \u2013 Alberto Pasqualini (FLB-AP). A nova edi\u00e7\u00e3o, realizada em parceria com a Juventude Socialista (JS), marcou um novo momento da evolu\u00e7\u00e3o do campo popular fluminense a partir da exalta\u00e7\u00e3o do&#8230;<!-- AddThis Advanced Settings generic via filter on wp_trim_excerpt --><!-- AddThis Share Buttons generic via filter on wp_trim_excerpt --><\/p>\n","protected":false},"author":17,"featured_media":61915,"comment_status":"closed","ping_status":"closed","sticky":false,"template":"","format":"standard","meta":{"_monsterinsights_skip_tracking":false,"_monsterinsights_sitenote_active":false,"_monsterinsights_sitenote_note":"","_monsterinsights_sitenote_category":0,"_uf_show_specific_survey":0,"_uf_disable_surveys":false,"footnotes":""},"categories":[1390,1402],"tags":[426,539,3175],"class_list":["post-61914","post","type-post","status-publish","format-standard","has-post-thumbnail","hentry","category-editorias","category-cidades","tag-fundacao-leonel-brizola-alberto-pasqualini","tag-juventude-socialista","tag-pdt-de-portas-abertas"],"acf":[],"_links":{"self":[{"href":"https:\/\/pdt-rj.org.br\/index.php\/wp-json\/wp\/v2\/posts\/61914","targetHints":{"allow":["GET"]}}],"collection":[{"href":"https:\/\/pdt-rj.org.br\/index.php\/wp-json\/wp\/v2\/posts"}],"about":[{"href":"https:\/\/pdt-rj.org.br\/index.php\/wp-json\/wp\/v2\/types\/post"}],"author":[{"embeddable":true,"href":"https:\/\/pdt-rj.org.br\/index.php\/wp-json\/wp\/v2\/users\/17"}],"replies":[{"embeddable":true,"href":"https:\/\/pdt-rj.org.br\/index.php\/wp-json\/wp\/v2\/comments?post=61914"}],"version-history":[{"count":1,"href":"https:\/\/pdt-rj.org.br\/index.php\/wp-json\/wp\/v2\/posts\/61914\/revisions"}],"predecessor-version":[{"id":61916,"href":"https:\/\/pdt-rj.org.br\/index.php\/wp-json\/wp\/v2\/posts\/61914\/revisions\/61916"}],"wp:featuredmedia":[{"embeddable":true,"href":"https:\/\/pdt-rj.org.br\/index.php\/wp-json\/wp\/v2\/media\/61915"}],"wp:attachment":[{"href":"https:\/\/pdt-rj.org.br\/index.php\/wp-json\/wp\/v2\/media?parent=61914"}],"wp:term":[{"taxonomy":"category","embeddable":true,"href":"https:\/\/pdt-rj.org.br\/index.php\/wp-json\/wp\/v2\/categories?post=61914"},{"taxonomy":"post_tag","embeddable":true,"href":"https:\/\/pdt-rj.org.br\/index.php\/wp-json\/wp\/v2\/tags?post=61914"}],"curies":[{"name":"wp","href":"https:\/\/api.w.org\/{rel}","templated":true}]}}